{"id":44432,"date":"2021-09-08T23:31:26","date_gmt":"2021-09-08T23:31:26","guid":{"rendered":"http:\/\/enolife.com.ar\/es\/?p=44432"},"modified":"2021-09-11T00:08:37","modified_gmt":"2021-09-11T00:08:37","slug":"mendoza-destina-por-ley-600-m-para-combatir-la-polilla-de-la-vid-y-espera-mas-fondos-nacionales","status":"publish","type":"post","link":"https:\/\/enolife.com.ar\/es\/mendoza-destina-por-ley-600-m-para-combatir-la-polilla-de-la-vid-y-espera-mas-fondos-nacionales\/","title":{"rendered":"Mendoza destina por ley $600 M para combatir la polilla de la vid y espera m\u00e1s fondos nacionales"},"content":{"rendered":"\n<h4 class=\"wp-block-heading\"><em><strong>El Senado de la provincia aprob\u00f3 el 7\/9\/21 un proyecto de ley enviado por el gobernador Rodolfo Su\u00e1rez que dispone $600.000.000 del Presupuesto para erradicar la Lobesia botrana, una plaga que ataca principalmente vid y frutales. A esa suma, para esta temporada 2021\/2022, podr\u00edan agregarse entre $150 y $180 millones por una eximici\u00f3n del pago de IVA, m\u00e1s lo que aporte el Estado nacional. En 2020\/2021 se destinaron en total $502 millones para el plan de lucha, de los cuales $170 millones los puso el gobierno mendocino, $80 millones los productores locales y $252 millones la Naci\u00f3n.<\/strong> <\/em><\/h4>\n\n\n\n<div style=\"height:20px\" aria-hidden=\"true\" class=\"wp-block-spacer\"><\/div>\n\n\n\n\n\n<div style=\"height:70px\" aria-hidden=\"true\" class=\"wp-block-spacer\"><\/div>\n\n\n\n<p>La <strong>C\u00e1mara de Senadores<\/strong> aprob\u00f3 por unanimidad y dio sanci\u00f3n definitiva al proyecto enviado desde el <strong>Gobierno de Mendoza<\/strong>, cuyo principal objetivo es controlar y erradicar la <strong>Lobesia botrana<\/strong>, una plaga conocida como <strong>polilla de la vid<\/strong>.<\/p>\n\n\n\n<p>El proyecto, que lleva la firma del gobernador <strong>Rodolfo Su\u00e1rez<\/strong> y del ministro de Econom\u00eda y Energ\u00eda, <strong>Enrique Vaqui\u00e9<\/strong>, prev\u00e9 destinar <strong>$600.000.000<\/strong> de la provincia a la adquisici\u00f3n de insumos y contrataci\u00f3n de servicios mediante licitaci\u00f3n p\u00fablica.<\/p>\n\n\n\n<p>A esto se podr\u00edan sumar fondos nacionales, como ha ocurrido otras temporadas. Adem\u00e1s, la Provincia solicit\u00f3 a la <strong>AFIP la eximici\u00f3n del pago del IVA en el Seguro Agr\u00edcola<\/strong>, lo que permitir\u00eda destinar <strong>entre 150 millones y 180 millones de pesos m\u00e1s<\/strong> al plan de erradicaci\u00f3n de una plaga que afecta a cultivos fundamentales para la agricultura de Mendoza.<\/p>\n\n\n\n<p>Seg\u00fan se\u00f1ala el articulado de la ley, el principal objetivo es \u00ab<em>la provisi\u00f3n de recursos financieros para poder ejecutar las acciones de control previstas \u00fanicamente durante la temporada productiva 2021\/2022, debiendo arbitrarse mediante otras normativas y\/o v\u00edas administrativas los recursos necesarios para afrontar futuras campa\u00f1as de lucha contra Lobesia botrana<\/em>\u00ab.<\/p>\n\n\n\n<p>En la fundamentaci\u00f3n, se explica que <em>\u00abes conocido el impacto que genera sobre la producci\u00f3n vitivin\u00edcola de Mendoza la plaga cuarentenaria Lobesia botrana, afectando la cantidad y calidad de la producci\u00f3n de uvas, mostos y vinos, comprometiendo la fuente de trabajo de miles de productores y familias que dependen econ\u00f3micamente de la actividad agr\u00edcola y de la industria enol\u00f3gica local\u00bb<\/em>.<\/p>\n\n\n\n<div style=\"height:20px\" aria-hidden=\"true\" class=\"wp-block-spacer\"><\/div>\n\n\n\n<p class=\"has-medium-font-size\"><strong>Feromonas para 20.000 ha e insecticidas para 50.000 ha <\/strong><\/p>\n\n\n\n<p>Para llevar adelante estas acciones,<strong> Mendoza Fiduciaria<\/strong>, a trav\u00e9s del Fidecomiso de Administraci\u00f3n y Asistencia Financiera Vitivin\u00edcola, ya convoc\u00f3 a licitaci\u00f3n para la contrataci\u00f3n de servicios coordinados entre el gobierno provincial y el <strong>Instituto de Calidad y Sanidad Agroalimentaria de Mendoza (Iscamen)<\/strong>.<\/p>\n\n\n\n<div style=\"height:20px\" aria-hidden=\"true\" class=\"wp-block-spacer\"><\/div>\n\n\n\n<h4 class=\"has-vivid-red-color has-text-color wp-block-heading\">Se contratar\u00e1 aeroaplicaci\u00f3n de feromonas pulverizables, una t\u00e9cnica tambi\u00e9n llamada de confusi\u00f3n sexual, que logra anular la c\u00f3pula de adultos y evitar su reproducci\u00f3n, para 20 mil hect\u00e1reas.<\/h4>\n\n\n\n<div style=\"height:20px\" aria-hidden=\"true\" class=\"wp-block-spacer\"><\/div>\n\n\n\n<p>Adem\u00e1s, se licita la aplicaci\u00f3n desde el aire de <strong>insecticidas dirigidos al control de huevos y larvas para 50 mil hect\u00e1reas<\/strong>. En la misma licitaci\u00f3n se efectuar\u00e1 la compra de insecticidas para pulverizaci\u00f3n terrestre en producciones org\u00e1nicas convencionales y pulverizaciones a\u00e9reas.<\/p>\n\n\n\n<p>Todas estas acciones conjuntas pondr\u00e1n foco en el cintur\u00f3n verde de Mendoza, prestando especial atenci\u00f3n en vi\u00f1edos abandonados, que constituyen una fuente de alimento y propagaci\u00f3n del insecto.<\/p>\n\n\n\n<p>La apertura de sobres se realizar\u00e1 el <strong>13 de setiembre a las 1<\/strong>0 horas en las oficinas de Mendoza Fiduciaria, en&nbsp;25 de Mayo 1078&nbsp;de Ciudad.<\/p>\n\n\n\n<div style=\"height:20px\" aria-hidden=\"true\" class=\"wp-block-spacer\"><\/div>\n\n\n\n<p class=\"has-medium-font-size\"><strong>Uva y frutales<\/strong><\/p>\n\n\n\n<p>La Lobesia botrana afecta principalmente a la uva pero puede atacar tambi\u00e9n frutales como los ciruelos. En Mendoza, el cultivo de vid representa la principal actividad agr\u00edcola, con 151.000 hect\u00e1reas de vi\u00f1edos. La provincia es tambi\u00e9n la mayor exportadora de ciruelas del pa\u00eds.<\/p>\n\n\n\n<p>Cabe recordar que en la campa\u00f1a 2020\/2021 se llev\u00f3 adelante un \u00abplan de control m\u00ednimo\u00bb como estrategia de sostenimiento, con el prop\u00f3sito de contener el avance de la plaga.<\/p>\n\n\n\n<p>Asimismo, se puso \u00e9nfasis en los sectores donde las poblaciones del insecto se presentaban en mayores niveles y se busc\u00f3 proteger las \u00e1reas con baja presencia del insecto, como el oasis Sur.<\/p>\n\n\n\n<p>En un trabajo llevado adelante con el Iscamen, se implement\u00f3 la <strong>T\u00e9cnica de Confusi\u00f3n Sexual (TCS) sobre 18.000 hect\u00e1rea<\/strong>s de cultivo; se cubrieron <strong>42.000 hect\u00e1reas con aeroaplicaciones de insecticidas y 14.000 hect\u00e1reas fueron asistidas con insecticida de aplicaci\u00f3n terrestre<\/strong> (para una aplicaci\u00f3n). Tambi\u00e9n se aplicaron <strong>feromonas en 24.000 hect\u00e1reas.&nbsp;<\/strong><\/p>\n\n\n\n<p>Para la evaluaci\u00f3n de da\u00f1os, el programa se apoy\u00f3 en una estructura oficial, que cuenta con una red conformada por 4.000 trampas espec\u00edficas que son regularmente visitadas por agentes fitosanitarios. Adem\u00e1s, se efectu\u00f3 un riguroso relevamiento de da\u00f1os ocasionados por la plaga en determinados momentos de la campa\u00f1a, donde cobraron mayor relevancia las observaciones cercanas a cosecha.&nbsp;<\/p>\n\n\n\n<p>Las \u00e1reas alcanzadas por estas acciones tuvieron una significativa disminuci\u00f3n de la plaga. Por el contrario, en \u00e1reas no alcanzadas por la asistencia del programa y\/o sin acciones directas de control ejecutadas, los niveles de capturas acumuladas se vieron incrementados.&nbsp;<\/p>\n\n\n\n<p>Los actuales resultados de la campa\u00f1a 2020\/2021 ponen en evidencia la necesidad de abarcar grandes \u00e1reas continuas de trabajo para conformar bloques homog\u00e9neos en donde se controlan las poblaciones de la plaga de manera completamente coordinada.&nbsp;<\/p>\n\n\n\n<div style=\"height:20px\" aria-hidden=\"true\" class=\"wp-block-spacer\"><\/div>\n\n\n\n<p class=\"has-small-font-size\"><em><strong>Fuente: Gobierno de Mendoza<\/strong><\/em><\/p>\n\n\n\n<div style=\"height:35px\" aria-hidden=\"true\" class=\"wp-block-spacer\"><\/div>\n\n\n\n<p><\/p>\n","protected":false},"excerpt":{"rendered":"<p>El Senado de la provincia aprob\u00f3 el 7\/9\/21 un proyecto de ley enviado por el&hellip;<\/p>\n","protected":false},"author":3,"featured_media":44488,"comment_status":"open","ping_status":"open","sticky":false,"template":"","format":"standard","meta":{"footnotes":""},"categories":[14],"tags":[],"class_list":["post-44432","post","type-post","status-publish","format-standard","has-post-thumbnail","hentry","category-news"],"_links":{"self":[{"href":"https:\/\/enolife.com.ar\/es\/wp-json\/wp\/v2\/posts\/44432","targetHints":{"allow":["GET"]}}],"collection":[{"href":"https:\/\/enolife.com.ar\/es\/wp-json\/wp\/v2\/posts"}],"about":[{"href":"https:\/\/enolife.com.ar\/es\/wp-json\/wp\/v2\/types\/post"}],"author":[{"embeddable":true,"href":"https:\/\/enolife.com.ar\/es\/wp-json\/wp\/v2\/users\/3"}],"replies":[{"embeddable":true,"href":"https:\/\/enolife.com.ar\/es\/wp-json\/wp\/v2\/comments?post=44432"}],"version-history":[{"count":0,"href":"https:\/\/enolife.com.ar\/es\/wp-json\/wp\/v2\/posts\/44432\/revisions"}],"wp:featuredmedia":[{"embeddable":true,"href":"https:\/\/enolife.com.ar\/es\/wp-json\/wp\/v2\/media\/44488"}],"wp:attachment":[{"href":"https:\/\/enolife.com.ar\/es\/wp-json\/wp\/v2\/media?parent=44432"}],"wp:term":[{"taxonomy":"category","embeddable":true,"href":"https:\/\/enolife.com.ar\/es\/wp-json\/wp\/v2\/categories?post=44432"},{"taxonomy":"post_tag","embeddable":true,"href":"https:\/\/enolife.com.ar\/es\/wp-json\/wp\/v2\/tags?post=44432"}],"curies":[{"name":"wp","href":"https:\/\/api.w.org\/{rel}","templated":true}]}}