{"id":44010,"date":"2021-09-02T17:10:49","date_gmt":"2021-09-02T17:10:49","guid":{"rendered":"http:\/\/enolife.com.ar\/es\/?p=44010"},"modified":"2021-09-03T18:45:29","modified_gmt":"2021-09-03T18:45:29","slug":"dificultades-en-la-produccion-de-alimentos-en-tiempos-de-sequia-en-un-webinar-del-fdm","status":"publish","type":"post","link":"https:\/\/enolife.com.ar\/es\/dificultades-en-la-produccion-de-alimentos-en-tiempos-de-sequia-en-un-webinar-del-fdm\/","title":{"rendered":"Dificultades en la producci\u00f3n de alimentos en tiempos de sequ\u00eda, en un webinar del FDM"},"content":{"rendered":"\n<h4 class=\"wp-block-heading\"><em><strong>Para el pr\u00f3ximo jueves 9 de setiembre, a las 15 hs de Argentina, el Foro Diplom\u00e1tico en Mendoza ha organizado la charla \u00abSequ\u00eda: Experiencias Internacionales\u00bb, en la que expertos de la FAO de Espa\u00f1a, Italia y Chile se referir\u00e1n a las recomendaciones y buenas pr\u00e1cticas agr\u00edcolas en un contexto adverso de sequ\u00edas cada vez m\u00e1s largas a causa del cambio clim\u00e1tico. La participaci\u00f3n es gratuita con previa inscripci\u00f3n.<\/strong><\/em><\/h4>\n\n\n\n<div style=\"height:51px\" aria-hidden=\"true\" class=\"wp-block-spacer\"><\/div>\n\n\n\n\n\n<div style=\"height:60px\" aria-hidden=\"true\" class=\"wp-block-spacer\"><\/div>\n\n\n\n<p>La <strong>Organizaci\u00f3n de las Naciones Unidas para la Alimentaci\u00f3n y la Agricultura (FAO)<\/strong> advierte que la sequ\u00eda es uno de los peligros naturales m\u00e1s devastadores&nbsp;que paraliza la producci\u00f3n de alimentos, agota los pastizales, perturba los mercados y, en los casos m\u00e1s extremos, causa la muerte generalizada de personas y animales. <\/p>\n\n\n\n<p>Las sequ\u00edas pueden tambi\u00e9n dar lugar a un aumento de la migraci\u00f3n de las zonas rurales a las urbanas, lo que supone una presi\u00f3n adicional para la producci\u00f3n decreciente de alimentos. Muchas veces los pastores se ven obligados a buscar fuentes alternativas de agua y alimentos para sus animales, lo cual puede crear conflictos entre las comunidades de pastores y agricultores.<\/p>\n\n\n\n<p>Al respecto, el <strong>Foro Diplom\u00e1tico en Mendoza (FDM)<\/strong> ha organizado esta charla on line sobre las experiencias internacionales con invitados de la <strong>FAO de Italia y Espa\u00f1a y del Instituto de Desarrollo Agropecuario de Chile.<\/strong><\/p>\n\n\n\n<div style=\"height:20px\" aria-hidden=\"true\" class=\"wp-block-spacer\"><\/div>\n\n\n\n<p class=\"has-medium-font-size\"><strong>Disertantes<\/strong><\/p>\n\n\n\n<p><strong>Onofre Antonio Sotomayor D\u00edaz:<\/strong> M\u00e9dico veterninario, Director Regional INDAP (Instituto de Desarrollo Agropecuario), Regi\u00f3n Metropolitana, Gobierno de Chile.<\/p>\n\n\n\n<p><strong>Luis Loyola:<\/strong> Ingeniero en Infraestructura Rural y Riego del Centro de Inversiones de la FAO, sede en Roma, Italia.<\/p>\n\n\n\n<p><strong>Jos\u00e9 Garc\u00eda Serrano: <\/strong>Ingeniero agr\u00f3nomo. Consultor internacional de AECI, WORLD BANK, BID, FAO, UE. Espa\u00f1a<\/p>\n\n\n\n<div style=\"height:20px\" aria-hidden=\"true\" class=\"wp-block-spacer\"><\/div>\n\n\n\n<p class=\"has-background has-very-light-gray-background-color\"><strong>Fecha<\/strong>: Jueves 9 de septiembre de 2021, a las 15.00 horas (Argentina)<br><strong>Inscripci\u00f3n: <a href=\"https:\/\/www.eventbrite.com.ar\/e\/fdm-ciclo-2021-sequia-virtual-charla-09-tickets-168829811511\">AQU\u00cd<\/a><br><\/strong>Transmisi\u00f3n en vivo a trav\u00e9s de YouTube LIVE<\/p>\n\n\n\n<div style=\"height:64px\" aria-hidden=\"true\" class=\"wp-block-spacer\"><\/div>\n","protected":false},"excerpt":{"rendered":"<p>Para el pr\u00f3ximo jueves 9 de setiembre, a las 15 hs de Argentina, el Foro&hellip;<\/p>\n","protected":false},"author":3,"featured_media":44031,"comment_status":"open","ping_status":"open","sticky":false,"template":"","format":"standard","meta":{"footnotes":""},"categories":[47],"tags":[],"class_list":["post-44010","post","type-post","status-publish","format-standard","has-post-thumbnail","hentry","category-agenda"],"_links":{"self":[{"href":"https:\/\/enolife.com.ar\/es\/wp-json\/wp\/v2\/posts\/44010","targetHints":{"allow":["GET"]}}],"collection":[{"href":"https:\/\/enolife.com.ar\/es\/wp-json\/wp\/v2\/posts"}],"about":[{"href":"https:\/\/enolife.com.ar\/es\/wp-json\/wp\/v2\/types\/post"}],"author":[{"embeddable":true,"href":"https:\/\/enolife.com.ar\/es\/wp-json\/wp\/v2\/users\/3"}],"replies":[{"embeddable":true,"href":"https:\/\/enolife.com.ar\/es\/wp-json\/wp\/v2\/comments?post=44010"}],"version-history":[{"count":0,"href":"https:\/\/enolife.com.ar\/es\/wp-json\/wp\/v2\/posts\/44010\/revisions"}],"wp:featuredmedia":[{"embeddable":true,"href":"https:\/\/enolife.com.ar\/es\/wp-json\/wp\/v2\/media\/44031"}],"wp:attachment":[{"href":"https:\/\/enolife.com.ar\/es\/wp-json\/wp\/v2\/media?parent=44010"}],"wp:term":[{"taxonomy":"category","embeddable":true,"href":"https:\/\/enolife.com.ar\/es\/wp-json\/wp\/v2\/categories?post=44010"},{"taxonomy":"post_tag","embeddable":true,"href":"https:\/\/enolife.com.ar\/es\/wp-json\/wp\/v2\/tags?post=44010"}],"curies":[{"name":"wp","href":"https:\/\/api.w.org\/{rel}","templated":true}]}}