{"id":43813,"date":"2021-08-31T14:21:46","date_gmt":"2021-08-31T14:21:46","guid":{"rendered":"http:\/\/enolife.com.ar\/es\/?p=43813"},"modified":"2021-09-03T16:22:08","modified_gmt":"2021-09-03T16:22:08","slug":"mendoza-pone-600-millones-pero-necesita-mas-fondos-de-nacion-para-combatir-la-polilla-de-la-vid","status":"publish","type":"post","link":"https:\/\/enolife.com.ar\/es\/mendoza-pone-600-millones-pero-necesita-mas-fondos-de-nacion-para-combatir-la-polilla-de-la-vid\/","title":{"rendered":"Mendoza pone $600 millones pero necesita m\u00e1s fondos de Naci\u00f3n para combatir la polilla de la vid"},"content":{"rendered":"\n<h4 class=\"wp-block-heading\"><em><strong>Las acciones para controlar la plaga lobesia botrana no pueden detenerse en ninguna temporada hasta su erradicaci\u00f3n definitiva. Si esto ocurriera, o se comenzara la campa\u00f1a tarde en el a\u00f1o, se arriesga perder el terreno ganado en la \u00faltima d\u00e9cada, que ya posibilit\u00f3 eliminarla en el Oasis Sur de Mendoza aunque persiste en los Oasis Norte y Este. Ante esta urgencia, el gobernador Rodolfo Su\u00e1rez envi\u00f3 a la Legislatura un proyecto, de segura aprobaci\u00f3n, que dispone aproximadamente la mitad de los fondos necesarios para ese fin. Sin embargo, falta que el Estado nacional aporte el resto. Una complicaci\u00f3n que se repite cada a\u00f1o.<\/strong><\/em><\/h4>\n\n\n\n<div style=\"height:31px\" aria-hidden=\"true\" class=\"wp-block-spacer\"><\/div>\n\n\n\n\n\n<div style=\"height:69px\" aria-hidden=\"true\" class=\"wp-block-spacer\"><\/div>\n\n\n\n<p>El gobernador <strong>Rodolfo Su\u00e1rez<\/strong> envi\u00f3 a la <strong>Legislatura de Mendoza<\/strong> un proyecto de ley que busca posibilitarle a la Provincia contar con los fondos necesarios para implementar el programa de control y erradicaci\u00f3n de la plaga <strong>Lobesia botrana<\/strong> para la <strong>temporada agr\u00edcola 2021-2022<\/strong>. &nbsp;<\/p>\n\n\n\n<p>As\u00ed lo se\u00f1ala el art\u00edculo primero del documento que lleva la firma del gobernador y del titular de la cartera econ\u00f3mica, <strong>Enrique Vaqui\u00e9<\/strong>. Con una serie de argumentos de peso, Su\u00e1rez resalta la necesidad de avanzar en la aprobaci\u00f3n de la ley, para sostener y reforzar los avances logrados para la erradicaci\u00f3n de la plaga, que ataca la producci\u00f3n vitivin\u00edcola. &nbsp;<\/p>\n\n\n\n<p>\u00abEs conocido el impacto que genera sobre la producci\u00f3n vitivin\u00edcola de Mendoza la plaga cuarentenaria Lobesia botrana, afectando la calidad y calidad de la producci\u00f3n de uvas, mostos y vinos, comprometiendo la fuente de trabajo de miles de productores y familias que dependen econ\u00f3micamente de la actividad agr\u00edcola y de la industria enol\u00f3gica local\u00bb, se\u00f1ala el documento. &nbsp;<\/p>\n\n\n\n<p>Por otro lado, a\u00f1ade: \u00abTras haberse superado los per\u00edodos contemplados en tales normativas (<strong>Ley Nacional 27227<\/strong>), los presupuestos implicados, mientras se mantuvieron en vigencia, no resultaron de la magnitud requerida para dar cumplimiento a los objetivos de erradicaci\u00f3n propuestos\u00bb. &nbsp;<\/p>\n\n\n\n<p>El cultivo de la vid representa la principal actividad agr\u00edcola de Mendoza, con <strong>151.000 hect\u00e1reas de vi\u00f1edos,<\/strong> y es all\u00ed el principal hospedero de polilla de la vid. \u00abAdem\u00e1s, existen cultivos de frutales susceptibles al ataque de la polilla de la vid, por lo que evitar la diseminaci\u00f3n del insecto hacia los mismos resulta primordial\u00bb, a\u00f1ade la argumentaci\u00f3n del proyecto de ley. &nbsp;<\/p>\n\n\n\n<div style=\"height:20px\" aria-hidden=\"true\" class=\"wp-block-spacer\"><\/div>\n\n\n\n<div class=\"wp-block-image\"><figure class=\"aligncenter is-resized\"><img loading=\"lazy\" decoding=\"async\" src=\"https:\/\/www.defrentealcampo.com.ar\/wp-content\/uploads\/2017\/09\/lobesia-botrana.jpg\" alt=\"Emergencia fitosanitaria por la plaga de lobesia botrana - De Frente al  Campo\" width=\"565\" height=\"317\"\/><figcaption><em><strong>La polilla de la vid y las consecuencias en las uvas.<\/strong><\/em><\/figcaption><\/figure><\/div>\n\n\n\n<div style=\"height:20px\" aria-hidden=\"true\" class=\"wp-block-spacer\"><\/div>\n\n\n\n<p>Asimismo, el documento se\u00f1ala la importancia de la participaci\u00f3n del Estado para ampliar el impacto de las campa\u00f1as: \u00abLa aplicaci\u00f3n de planes oficiales es la \u00fanica manera posible de implementar acciones coordinadas de forma simult\u00e1nea y generalizada, a fin de alcanzar un efectivo control y erradicaci\u00f3n de este flagelo\u00bb.&nbsp;<\/p>\n\n\n\n<p>Por \u00faltimo, el gobernador remarca la importancia de prestar especial atenci\u00f3n a los vi\u00f1edos abandonados ya que, a su entender, constituyen una fuente de alimento y multiplicaci\u00f3n del insecto. Adem\u00e1s, defiende el accionar del <strong>Instituto de Sanidad y Calidad Agropecuaria Mendoza (Iscamen)<\/strong>, a cargo de la implementaci\u00f3n de estrategias de control necesarias para reducir hasta 95% las poblaciones del insecto en la provincia.&nbsp;&nbsp;<\/p>\n\n\n\n<div style=\"height:20px\" aria-hidden=\"true\" class=\"wp-block-spacer\"><\/div>\n\n\n\n<p class=\"has-medium-font-size\"><strong>Sobre el proyecto de ley &nbsp;<\/strong><\/p>\n\n\n\n<p>En t\u00e9rminos generales, desde el Ejecutivo provincial se redactaron 8 art\u00edculos orientados, principalmente, a la pr\u00f3rroga de la Ley 9076 para la temporada 2021-2022. De ser aprobado por la Legislatura provincial, se destinar\u00e1n <strong>$600.000.000<\/strong> a la adquisici\u00f3n de insumos y contrataci\u00f3n de servicios, los que podr\u00e1n ser reforzados con fondos nacionales. &nbsp;<\/p>\n\n\n\n<p>Por otro lado, desde la cartera econ\u00f3mica provincial resaltaron la necesidad de avanzar en la eximici\u00f3n el pago del IVA en el <strong>Seguro Agr\u00edcola<\/strong>, ya que esto permitir\u00eda destinar entre <strong>150 millones y 180 millones de pesos m\u00e1s<\/strong> al plan de erradicaci\u00f3n de la polilla de la vid. &nbsp;<\/p>\n\n\n\n<div style=\"height:31px\" aria-hidden=\"true\" class=\"wp-block-spacer\"><\/div>\n\n\n\n<p class=\"has-medium-font-size\"><strong>Sobre el control de la plaga &nbsp;<\/strong><\/p>\n\n\n\n<p>Durante la campa\u00f1a 2020\/2021 se desarroll\u00f3 un \u00abplan de control m\u00ednimo\u00bb como estrategia de sostenimiento, con el prop\u00f3sito de contener un avance significativo de la plaga. Asimismo, se puso \u00e9nfasis en los sectores donde las poblaciones del insecto se presentaban en mayores niveles y se busc\u00f3 proteger las \u00e1reas con baja presencia del insecto, como el oasis Sur. El an\u00e1lisis realizado por los profesionales del programa de control de Lobesia botrana del Iscamen indica una manifiesta relaci\u00f3n entre el grado de intervenci\u00f3n directa mediante acciones de control y el nivel de presencia de la plaga. &nbsp;<\/p>\n\n\n\n<div style=\"height:20px\" aria-hidden=\"true\" class=\"wp-block-spacer\"><\/div>\n\n\n\n<h4 class=\"has-vivid-red-color has-text-color wp-block-heading\">En la campa\u00f1a 2021 que se implement\u00f3 la T\u00e9cnica de Confusi\u00f3n Sexual (TCS) sobre 18.000 hect\u00e1reas de cultivo; se cubrieron 42.000 hect\u00e1reas con aeroaplicaciones de insecticidas y 14.000 hect\u00e1reas fueron asistidas con insecticida de aplicaci\u00f3n terrestre (para una aplicaci\u00f3n).&nbsp;Tambi\u00e9n se aplicaron feromonas en 24.000 hect\u00e1reas. &nbsp;<\/h4>\n\n\n\n<div style=\"height:20px\" aria-hidden=\"true\" class=\"wp-block-spacer\"><\/div>\n\n\n\n<p>Para la evaluaci\u00f3n de da\u00f1os, el programa se apoy\u00f3 en una estructura oficial que cuenta con una red de trampeo conformada por 4.000 trampas espec\u00edficas que son regularmente visitadas por agentes fitosanitarios. Adem\u00e1s, se efectu\u00f3 un riguroso relevamiento de da\u00f1os ocasionados por la plaga en determinados momentos de la campa\u00f1a, donde cobraron mayor relevancia las observaciones cercanas a cosecha. &nbsp;<\/p>\n\n\n\n<div style=\"height:20px\" aria-hidden=\"true\" class=\"wp-block-spacer\"><\/div>\n\n\n\n<div class=\"wp-block-image\"><figure class=\"aligncenter is-resized\"><img loading=\"lazy\" decoding=\"async\" src=\"https:\/\/lh3.googleusercontent.com\/proxy\/bXODe_yP_8bnIhNVjDoZm64E-n7045PjDl4CLXY70UZuTAZfmTMnPMaHesKB9YYXtPKVjWKYdqlYkD1Bkl3UdRETpyLckLUkmGE-MfNM9wAFuuRMYmNqunVOkXm9aPLGLhg\" alt=\"LOBESIA BOTRANA: MENDOZA LLAM\u00d3 A LICITACI\u00d3N PARA COMPRA DE DIFUSORES | FM  Vi\u00f1as 96.3 La primera en General Alvear Mendoza\" width=\"548\" height=\"322\"\/><figcaption><em><strong>Difusor de feromonas<\/strong><\/em><\/figcaption><\/figure><\/div>\n\n\n\n<div style=\"height:20px\" aria-hidden=\"true\" class=\"wp-block-spacer\"><\/div>\n\n\n\n<p>Se desprende de la informaci\u00f3n que en las \u00e1reas alcanzadas por acciones directas de control proyectadas por el programa de Iscamen, los niveles de detecciones de la plaga disminuyeron sensiblemente. Por el contrario, en \u00e1reas no alcanzadas por la asistencia del programa y\/o sin acciones directas de control ejecutadas, los niveles de capturas acumuladas se vieron incrementados. &nbsp;<\/p>\n\n\n\n<p>Los actuales resultados de la campa\u00f1a 2020\/2021 ponen en evidencia la necesidad de abarcar grandes \u00e1reas continuas de trabajo para conformar bloques homog\u00e9neos en donde se controlan las poblaciones de la plaga de manera completamente coordinada. &nbsp;<\/p>\n\n\n\n<div style=\"height:22px\" aria-hidden=\"true\" class=\"wp-block-spacer\"><\/div>\n\n\n\n<p class=\"has-small-font-size\"><em><strong>Fuente: Gobierno de Mendoza<\/strong><\/em><\/p>\n","protected":false},"excerpt":{"rendered":"<p>Las acciones para controlar la plaga lobesia botrana no pueden detenerse en ninguna temporada hasta&hellip;<\/p>\n","protected":false},"author":3,"featured_media":43905,"comment_status":"open","ping_status":"open","sticky":false,"template":"","format":"standard","meta":{"footnotes":""},"categories":[14],"tags":[],"class_list":["post-43813","post","type-post","status-publish","format-standard","has-post-thumbnail","hentry","category-news"],"_links":{"self":[{"href":"https:\/\/enolife.com.ar\/es\/wp-json\/wp\/v2\/posts\/43813","targetHints":{"allow":["GET"]}}],"collection":[{"href":"https:\/\/enolife.com.ar\/es\/wp-json\/wp\/v2\/posts"}],"about":[{"href":"https:\/\/enolife.com.ar\/es\/wp-json\/wp\/v2\/types\/post"}],"author":[{"embeddable":true,"href":"https:\/\/enolife.com.ar\/es\/wp-json\/wp\/v2\/users\/3"}],"replies":[{"embeddable":true,"href":"https:\/\/enolife.com.ar\/es\/wp-json\/wp\/v2\/comments?post=43813"}],"version-history":[{"count":0,"href":"https:\/\/enolife.com.ar\/es\/wp-json\/wp\/v2\/posts\/43813\/revisions"}],"wp:featuredmedia":[{"embeddable":true,"href":"https:\/\/enolife.com.ar\/es\/wp-json\/wp\/v2\/media\/43905"}],"wp:attachment":[{"href":"https:\/\/enolife.com.ar\/es\/wp-json\/wp\/v2\/media?parent=43813"}],"wp:term":[{"taxonomy":"category","embeddable":true,"href":"https:\/\/enolife.com.ar\/es\/wp-json\/wp\/v2\/categories?post=43813"},{"taxonomy":"post_tag","embeddable":true,"href":"https:\/\/enolife.com.ar\/es\/wp-json\/wp\/v2\/tags?post=43813"}],"curies":[{"name":"wp","href":"https:\/\/api.w.org\/{rel}","templated":true}]}}