{"id":4284,"date":"2019-10-15T20:36:47","date_gmt":"2019-10-15T20:36:47","guid":{"rendered":"http:\/\/enolife.com.ar\/es\/?p=4284"},"modified":"2019-10-16T02:24:53","modified_gmt":"2019-10-16T02:24:53","slug":"comienza-la-8-edicion-del-congreso-internacional-de-derecho-del-vino-en-brasil","status":"publish","type":"post","link":"https:\/\/enolife.com.ar\/es\/comienza-la-8-edicion-del-congreso-internacional-de-derecho-del-vino-en-brasil\/","title":{"rendered":"Comienza el 8vo. Congreso Internacional de Derecho del Vino en Brasil, con participaci\u00f3n mendocina"},"content":{"rendered":"\n<h4 class=\"wp-block-heading\"><em><strong>Del 17 al 20 de octubre se desarrolla este encuentro global en R\u00edo Grande del Sur, con un debate sobre la evoluci\u00f3n de las Denominaciones de Origen como uno de los principales temas. El economista Gabriel Fidel                            -parlamentario del Mercosur y experto en enoturismo- y el abogado Gabriel Bertranou -subgerente del Instituto Nacional de Vitivinicultura- ser\u00e1n los dos mendocinos invitados a brindar conferencias sobre sus especialidades.<\/strong><\/em><\/h4>\n\n\n\n<div style=\"height:20px\" aria-hidden=\"true\" class=\"wp-block-spacer\"><\/div>\n\n\n\n<p>Junto al encuentro internacional, se celebra tambi\u00e9n el\u00a0<strong>I Congreso Brasile\u00f1o de Derecho del Vino<\/strong>, que tendr\u00e1 el foco en la legislaci\u00f3n de la actividad vitivin\u00edcola a nivel global.\u00a0El <strong>Congreso Internacional de Derecho del Vino<\/strong>, en su 8va. versi\u00f3n, est\u00e1 organizado por\u00a0la Secci\u00f3n Sudamericana de la Asociaci\u00f3n Internacional de Juristas de la Vi\u00f1a y el Vino (AIDV). <\/p>\n\n\n\n<p>En ese contexto, dos mendocinos ser\u00e1n conferencistas representando a Argentina en diferentes tem\u00e1ticas. Se trata de <strong>Gabriel Bertranou,<\/strong> alto directivo del INV y experto en temas jur\u00eddicos del vino, y de <strong>Gabriel Fidel, <\/strong>autor del libro \u00abTurismo del vino, la experiencia argentina\u00bb.  <\/p>\n\n\n\n<div style=\"height:20px\" aria-hidden=\"true\" class=\"wp-block-spacer\"><\/div>\n\n\n\n<ul class=\"wp-block-gallery columns-2 is-cropped wp-block-gallery-1 is-layout-flex wp-block-gallery-is-layout-flex\"><li class=\"blocks-gallery-item\"><figure><img loading=\"lazy\" decoding=\"async\" width=\"226\" height=\"223\" src=\"https:\/\/enolife.com.ar\/es\/wp-content\/uploads\/2019\/10\/bertranou.jpg\" alt=\"\" data-id=\"4295\" data-link=\"https:\/\/enolife.com.ar\/es\/?attachment_id=4295\" class=\"wp-image-4295\"\/><figcaption>Gabriel Bertranou<\/figcaption><\/figure><\/li><li class=\"blocks-gallery-item\"><figure><img loading=\"lazy\" decoding=\"async\" width=\"400\" height=\"400\" src=\"https:\/\/enolife.com.ar\/es\/wp-content\/uploads\/2019\/10\/gabriel-fidel.jpg\" alt=\"\" data-id=\"4296\" data-link=\"https:\/\/enolife.com.ar\/es\/?attachment_id=4296\" class=\"wp-image-4296\" srcset=\"https:\/\/enolife.com.ar\/es\/wp-content\/uploads\/2019\/10\/gabriel-fidel.jpg 400w, https:\/\/enolife.com.ar\/es\/wp-content\/uploads\/2019\/10\/gabriel-fidel-150x150.jpg 150w, https:\/\/enolife.com.ar\/es\/wp-content\/uploads\/2019\/10\/gabriel-fidel-300x300.jpg 300w\" sizes=\"auto, (max-width: 400px) 100vw, 400px\" \/><figcaption>Gabriel Fidel<\/figcaption><\/figure><\/li><\/ul>\n\n\n\n<div style=\"height:20px\" aria-hidden=\"true\" class=\"wp-block-spacer\"><\/div>\n\n\n\n<p>Al combinar la celebraci\u00f3n de los dos congresos, promovidos por asociaciones que tienen su inter\u00e9s exclusivo en las legislaciones en torno a la actividad vitivin\u00edcola, se espera que el encuentro sea visitado por un n\u00famero r\u00e9cord de participantes.<\/p>\n\n\n\n<p>Son 4 d\u00edas de intenso debate legal, con conferencias, paneles de art\u00edculos cient\u00edficos, visitas t\u00e9cnicas y eventos gastron\u00f3micos, todos centrados en actividades vitivin\u00edcolas de los diferentes pa\u00edses participantes. <\/p>\n\n\n\n<div style=\"height:20px\" aria-hidden=\"true\" class=\"wp-block-spacer\"><\/div>\n\n\n\n<p class=\"has-background has-very-light-gray-background-color\"><strong> El programa del Congreso incluye las siguientes actividades:<br><\/strong><br>\u00b7 Conferencias y paneles de presentaci\u00f3n de art\u00edculos legales.<br>\u00b7 Visitas t\u00e9cnicas a bodegas.<br>\u00b7 Presentaci\u00f3n de comunicaciones cient\u00edficas.<\/p>\n\n\n\n<div style=\"height:20px\" aria-hidden=\"true\" class=\"wp-block-spacer\"><\/div>\n\n\n\n<p class=\"has-medium-font-size\"><strong>Algunas de las tem\u00e1ticas que se tratar\u00e1n en el Congreso<\/strong><\/p>\n\n\n\n<ul class=\"wp-block-list\"><li>La fruticultura y viticultura: Legislaci\u00f3n en el Mercosur <\/li><li>Evoluci\u00f3n de las Denominaciones de Origen\u00a0 <\/li><li>Ley tributaria del vino <\/li><li>Ley, seguros y derechos ambientales<\/li><li>Consumidor y Derecho penal del vino<\/li><li>Las Pol\u00edticas Municipales de Sostenibilidad al Enoturismo: aspectos contempor\u00e1neos y universales de la viticultura y la ley<\/li><li>Visitas t\u00e9cnicas a bodegas locales<\/li><\/ul>\n\n\n\n<div style=\"height:20px\" aria-hidden=\"true\" class=\"wp-block-spacer\"><\/div>\n\n\n\n<p class=\"has-background has-very-light-gray-background-color\"><strong>Lugar<\/strong>:<br>Hotel Dall&#8217;Onder Grande<br>Bento Gon\u00e7alves \/ R\u00edo Grande del Sur |\u00a0Brasil<br>R. Herny Hugo Dreher, 197 &#8211; Meseta<br>Tel\u00e9fono: +55 54 3455.3555<\/p>\n\n\n\n<figure class=\"wp-block-image\"><img decoding=\"async\" src=\"http:\/\/direitodovinho.org\/congresso\/img\/lazyload-ph.png\" alt=\"\"\/><\/figure>\n\n\n\n<p><br><\/p>\n\n\n\n<p><\/p>\n","protected":false},"excerpt":{"rendered":"<p>Del 17 al 20 de octubre se desarrolla este encuentro global en R\u00edo Grande del&hellip;<\/p>\n","protected":false},"author":2,"featured_media":4294,"comment_status":"open","ping_status":"open","sticky":false,"template":"","format":"standard","meta":{"footnotes":""},"categories":[10],"tags":[],"class_list":["post-4284","post","type-post","status-publish","format-standard","has-post-thumbnail","hentry","category-ferias"],"_links":{"self":[{"href":"https:\/\/enolife.com.ar\/es\/wp-json\/wp\/v2\/posts\/4284","targetHints":{"allow":["GET"]}}],"collection":[{"href":"https:\/\/enolife.com.ar\/es\/wp-json\/wp\/v2\/posts"}],"about":[{"href":"https:\/\/enolife.com.ar\/es\/wp-json\/wp\/v2\/types\/post"}],"author":[{"embeddable":true,"href":"https:\/\/enolife.com.ar\/es\/wp-json\/wp\/v2\/users\/2"}],"replies":[{"embeddable":true,"href":"https:\/\/enolife.com.ar\/es\/wp-json\/wp\/v2\/comments?post=4284"}],"version-history":[{"count":0,"href":"https:\/\/enolife.com.ar\/es\/wp-json\/wp\/v2\/posts\/4284\/revisions"}],"wp:featuredmedia":[{"embeddable":true,"href":"https:\/\/enolife.com.ar\/es\/wp-json\/wp\/v2\/media\/4294"}],"wp:attachment":[{"href":"https:\/\/enolife.com.ar\/es\/wp-json\/wp\/v2\/media?parent=4284"}],"wp:term":[{"taxonomy":"category","embeddable":true,"href":"https:\/\/enolife.com.ar\/es\/wp-json\/wp\/v2\/categories?post=4284"},{"taxonomy":"post_tag","embeddable":true,"href":"https:\/\/enolife.com.ar\/es\/wp-json\/wp\/v2\/tags?post=4284"}],"curies":[{"name":"wp","href":"https:\/\/api.w.org\/{rel}","templated":true}]}}