{"id":42534,"date":"2021-08-17T02:07:43","date_gmt":"2021-08-17T02:07:43","guid":{"rendered":"http:\/\/enolife.com.ar\/es\/?p=42534"},"modified":"2021-08-19T14:16:51","modified_gmt":"2021-08-19T14:16:51","slug":"los-obreros-rurales-podran-mantener-sus-planes-sociales-aunque-consigan-trabajo-en-blanco","status":"publish","type":"post","link":"https:\/\/enolife.com.ar\/es\/los-obreros-rurales-podran-mantener-sus-planes-sociales-aunque-consigan-trabajo-en-blanco\/","title":{"rendered":"Los obreros rurales podr\u00e1n mantener sus planes sociales aunque consigan trabajo en blanco"},"content":{"rendered":"\n<h4 class=\"wp-block-heading\"><em><strong>El gobierno argentino anunci\u00f3 que los trabajadores rurales que reciben planes sociales pueden ser empleados en blanco sin perder los beneficios no contributivos que les correspondan. Este era un antiguo reclamo de las econom\u00edas regionales, ya que hasta ahora las empresas no pod\u00edan tomar para trabajos formales con cargas sociales a obreros que trabajasen en la cosecha.<\/strong><\/em><\/h4>\n\n\n\n<div style=\"height:20px\" aria-hidden=\"true\" class=\"wp-block-spacer\"><\/div>\n\n\n<a href=\"https:\/\/www.facebook.com\/SindicatoContratitas\/\" aria-label=\"banner contratistas 1700&#215;500\"><img loading=\"lazy\" decoding=\"async\" src=\"https:\/\/enolife.com.ar\/es\/wp-content\/uploads\/2020\/08\/banner-contratistas-1700x500-1.jpg\" alt=\"\"  srcset=\"https:\/\/enolife.com.ar\/es\/wp-content\/uploads\/2020\/08\/banner-contratistas-1700x500-1.jpg 1700w, https:\/\/enolife.com.ar\/es\/wp-content\/uploads\/2020\/08\/banner-contratistas-1700x500-1-300x88.jpg 300w, https:\/\/enolife.com.ar\/es\/wp-content\/uploads\/2020\/08\/banner-contratistas-1700x500-1-1024x301.jpg 1024w, https:\/\/enolife.com.ar\/es\/wp-content\/uploads\/2020\/08\/banner-contratistas-1700x500-1-768x226.jpg 768w, https:\/\/enolife.com.ar\/es\/wp-content\/uploads\/2020\/08\/banner-contratistas-1700x500-1-1536x452.jpg 1536w, https:\/\/enolife.com.ar\/es\/wp-content\/uploads\/2020\/08\/banner-contratistas-1700x500-1-1170x344.jpg 1170w, https:\/\/enolife.com.ar\/es\/wp-content\/uploads\/2020\/08\/banner-contratistas-1700x500-1-585x172.jpg 585w\" sizes=\"auto, (max-width: 1700px) 100vw, 1700px\" width=\"1700\" height=\"500\"   \/><\/a>\n\n\n<div style=\"height:57px\" aria-hidden=\"true\" class=\"wp-block-spacer\"><\/div>\n\n\n\n<p>El Gobierno nacional busca de esta manera promover el empleo pero sin descuidar a los sectores m\u00e1s vulnerables del entramado rural argentino. \u00abEl objetivo no es que la gente tenga planes sociales sino que tenga trabajo digno\u00bb, se\u00f1al\u00f3 el presidente <strong>Alberto Fern\u00e1ndez <\/strong>durante el acto que se realiz\u00f3 en la localidad de Concordia, provincia de Entre R\u00edos.<\/p>\n\n\n\n<p>Seg\u00fan informaron fuentes oficiales, este plan resolver\u00e1 la situaci\u00f3n de m\u00e1s de <strong>250.000 trabajadores rurales<\/strong> que trabajan de manera temporal en las diversas cosechas de las econom\u00edas regionales. \u00abHab\u00eda que resolver el dilema de esta gente. No vamos a estar ausentes cuando el trabajo no est\u00e1. A partir de ahora van a dejar de ser incompatibles el plan social con idea de trabajar\u00bb, se\u00f1al\u00f3 el mandatario argentino.<\/p>\n\n\n\n<p>A partir de la publicaci\u00f3n del <strong>Decreto de Necesidad y Urgencia (DNU)<\/strong> en el Bolet\u00edn Oficial, se otorgar\u00e1 una garant\u00eda a trav\u00e9s de la cual los titulares de asignaciones universales que trabajen bajo la modalidad temporal percibir\u00e1n los beneficios no contributivos que les correspondan, percibiendo como m\u00ednimo el monto equivalente al 100% del valor de las asignaciones universales por hijo para la protecci\u00f3n social.<\/p>\n\n\n\n<p>La puesta en marcha de este plan era uno de los principales pedidos impulsado por las econom\u00edas regionales nucleadas en la <strong>Confederaci\u00f3n Argentina de la Mediana Empresa (CAME)<\/strong>, quienes explicaban que en los \u00faltimos a\u00f1os se agudiz\u00f3 la falta de trabajadores temporales ya que los habituales cosecheros prefer\u00edan no trabajar ante el temor de perder los planes sociales que recib\u00edan.<\/p>\n\n\n\n<p>\u00abAl momento, la falta de trabajadores rurales ocasion\u00f3 que producciones como la cereza, las frutas de carozo, el ajo, el tabaco, la vid, los c\u00edtricos, las pom\u00e1ceas, el t\u00e9 y el olivo, entre otras, hayan sufrido una baja en la productividad, una elevaci\u00f3n de costos e, inevitablemente, una disminuci\u00f3n de rentabilidad\u00bb, explicaban desde CAME.<\/p>\n\n\n\n<p>Seg\u00fan las estimaciones de la entidad, las producciones regionales emplean a alrededor del <strong>70% de la mano de obra rural<\/strong>, dando trabajo a aproximadamente <strong>625.000 trabajadores temporarios<\/strong> en \u00e9poca de cosecha. En tanto, la mano de obra tiene una alta incidencia en los costos de producci\u00f3n del sector, ya que representa entre el <strong>45% y el 75%.<\/strong><\/p>\n\n\n\n<p>Luego del anuncio de Alberto Fern\u00e1ndez, el presidente del \u00e1rea de Econom\u00edas Regionales de CAME, <strong>Eduardo Rodr\u00edguez<\/strong> asegur\u00f3: \u00abLa pyme agropecuaria necesita recuperar rentabilidad y s\u00f3lo quiere producir, trabajar y dar trabajo. En este c\u00edrculo virtuoso, la compatibilizaci\u00f3n beneficia a todos: al trabajador rural, al empresario y al Estado. Es un primer paso en el camino hacia recuperar la cultura del trabajo en el agro\u00bb.<\/p>\n\n\n\n<p>Finalmente, otro punto que destacan desde el sector rural es que \u00abel anuncio se anticipa al inicio de la temporada de <strong>cosecha 2021-2022<\/strong> de varios cultivos y se transforma en un gui\u00f1o positivo no s\u00f3lo hacia los productores agropecuarios pymes, quienes sentir\u00e1n alivio frente a una problem\u00e1tica que ya se tradujo en la p\u00e9rdida de entre un<strong> 25% y un 50%<\/strong> de la producci\u00f3n total, sino tambi\u00e9n hacia los sectores m\u00e1s vulnerables, que tendr\u00e1n mayor protecci\u00f3n social, m\u00e1s oportunidades de poder insertarse o reinsertarse en el mercado laboral y, a su vez, podr\u00e1n percibir mayores ingresos\u00bb.<\/p>\n\n\n\n<div style=\"height:33px\" aria-hidden=\"true\" class=\"wp-block-spacer\"><\/div>\n\n\n\n<p class=\"has-small-font-size\"><em><strong>Fuente: Federaci\u00f3n de Vi\u00f1ateros y Productores Agroecuarios de San Juan<\/strong><\/em><\/p>\n","protected":false},"excerpt":{"rendered":"<p>El gobierno argentino anunci\u00f3 que los trabajadores rurales que reciben planes sociales pueden ser empleados&hellip;<\/p>\n","protected":false},"author":3,"featured_media":42640,"comment_status":"open","ping_status":"open","sticky":false,"template":"","format":"standard","meta":{"footnotes":""},"categories":[14],"tags":[],"class_list":["post-42534","post","type-post","status-publish","format-standard","has-post-thumbnail","hentry","category-news"],"_links":{"self":[{"href":"https:\/\/enolife.com.ar\/es\/wp-json\/wp\/v2\/posts\/42534","targetHints":{"allow":["GET"]}}],"collection":[{"href":"https:\/\/enolife.com.ar\/es\/wp-json\/wp\/v2\/posts"}],"about":[{"href":"https:\/\/enolife.com.ar\/es\/wp-json\/wp\/v2\/types\/post"}],"author":[{"embeddable":true,"href":"https:\/\/enolife.com.ar\/es\/wp-json\/wp\/v2\/users\/3"}],"replies":[{"embeddable":true,"href":"https:\/\/enolife.com.ar\/es\/wp-json\/wp\/v2\/comments?post=42534"}],"version-history":[{"count":0,"href":"https:\/\/enolife.com.ar\/es\/wp-json\/wp\/v2\/posts\/42534\/revisions"}],"wp:featuredmedia":[{"embeddable":true,"href":"https:\/\/enolife.com.ar\/es\/wp-json\/wp\/v2\/media\/42640"}],"wp:attachment":[{"href":"https:\/\/enolife.com.ar\/es\/wp-json\/wp\/v2\/media?parent=42534"}],"wp:term":[{"taxonomy":"category","embeddable":true,"href":"https:\/\/enolife.com.ar\/es\/wp-json\/wp\/v2\/categories?post=42534"},{"taxonomy":"post_tag","embeddable":true,"href":"https:\/\/enolife.com.ar\/es\/wp-json\/wp\/v2\/tags?post=42534"}],"curies":[{"name":"wp","href":"https:\/\/api.w.org\/{rel}","templated":true}]}}