{"id":4242,"date":"2019-10-14T15:01:16","date_gmt":"2019-10-14T15:01:16","guid":{"rendered":"http:\/\/enolife.com.ar\/es\/?p=4242"},"modified":"2019-10-25T16:56:54","modified_gmt":"2019-10-25T16:56:54","slug":"acuerdo-ue-mercosur-para-registrar-denominaciones-de-origen-y-objetar-las-europeas-hay-que-comunicarse-al-inv-antes-del-26-10","status":"publish","type":"post","link":"https:\/\/enolife.com.ar\/es\/acuerdo-ue-mercosur-para-registrar-denominaciones-de-origen-y-objetar-las-europeas-hay-que-comunicarse-al-inv-antes-del-26-10\/","title":{"rendered":"Acuerdo UE-Mercosur: para registrar denominaciones de origen y objetar las europeas, hay que comunicarse al INV antes del 26\/10"},"content":{"rendered":"\n<h4 class=\"wp-block-heading\"><em><strong>En el marco del Tratado de Libre Comercio y las negociaciones entre la Asociaci\u00f3n Europea de Libre Comercio (EFTA) y el Mercado Com\u00fan del Sur (Mercosur), en pos de la definici\u00f3n del acuerdo, el Ministerio de Agricultura, Ganader\u00eda y Pesca de la Naci\u00f3n y el INV reglamentaron la presentaci\u00f3n de planteos. El plazo vence el 26 de octubre.<\/strong><\/em> <\/h4>\n\n\n\n<div style=\"height:20px\" aria-hidden=\"true\" class=\"wp-block-spacer\"><\/div>\n\n\n\n<p>En virtud de lo expuesto, y a fin de avanzar en las aludidas negociaciones, se establece un procedimiento espec\u00edfico para dar publicidad a las solicitudes de protecci\u00f3n de las designaciones de origen remitidas por la Asociaci\u00f3n Europea de Libre Comercio (EFTA), a fin de que toda persona humana o jur\u00eddica que justifique un inter\u00e9s leg\u00edtimo, pueda formular oposici\u00f3n fundada a la procedencia de dichas solicitudes de protecci\u00f3n, las cuales eventualmente ser\u00e1n reconocidas en el marco del referido acuerdo comercial.<\/p>\n\n\n\n<p> Toda persona humana o jur\u00eddica, estados provinciales y terceros pa\u00edses podr\u00e1n presentar objeci\u00f3n fundada a las solicitudes de protecci\u00f3n de las Designaciones de Origen incluidas en el Anexo de la Resoluci\u00f3n citada anteriormente, si considera que:<\/p>\n\n\n\n<div style=\"height:20px\" aria-hidden=\"true\" class=\"wp-block-spacer\"><\/div>\n\n\n\n<ul class=\"wp-block-list\"><li>Es un nombre gen\u00e9rico del producto,\nentendi\u00e9ndose por tal aquel que por su uso ha pasado a ser nombre com\u00fan del\nproducto con el que lo identifica el p\u00fablico en la REP\u00daBLICA ARGENTINA.<\/li><li>Es una marca de f\u00e1brica o de comercio registrada\nde buena fe y vigente, o cuando los derechos a una marca de f\u00e1brica o de\ncomercio se hayan adquirido mediante su uso de buena fe con anterioridad a la\npublicaci\u00f3n de las Designaciones de Origen cuya protecci\u00f3n se solicita.<\/li><li>Es un nombre id\u00e9ntico o similar a otro ya\ninscripto como Designaci\u00f3n de Origen cuando ello pudiera inducir a error al\nconsumidor en cuanto a la verdadera identidad del producto.<\/li><li>Pudiera inducir a error respecto a las\ncualidades o caracter\u00edsticas del producto de que se trate.<\/li><li>En la designaci\u00f3n o presentaci\u00f3n del producto,\nindique o sugiera que el mismo proviene de una regi\u00f3n geogr\u00e1fica distinta del\nverdadero lugar de origen, y que pueda inducir al p\u00fablico a error en cuanto al\norigen geogr\u00e1fico.<\/li><li>Entra en conflicto con el nombre de una variedad\nvegetal o de una raza animal, y por dicho motivo pueda inducir a error en lo\nque se refiere al verdadero origen del producto.<\/li><\/ul>\n\n\n\n<div style=\"height:20px\" aria-hidden=\"true\" class=\"wp-block-spacer\"><\/div>\n\n\n\n<p>Las objeciones, junto con las pruebas que respalden lo planteado, deber\u00e1n ser presentadas dentro del plazo de treinta (30) d\u00edas corridos contados a partir del d\u00eda 26\/09\/2019.<br><\/p>\n\n\n\n<p>Las presentaciones deber\u00e1n ser realizadas ante el&nbsp;Instituto Nacional de Vitivinicultura o remitidas al correo electr\u00f3nico presidencia@inv.gov.ar. <\/p>\n\n\n\n<p class=\"has-background has-very-light-gray-background-color\">Resoluci\u00f3n 61\/2019  APN-MAGYP del <strong>MINISTERIO DE AGRICULTURA, GANADER\u00cdA Y PESCA<\/strong>: <a href=\"http:\/\/servicios.infoleg.gob.ar\/infolegInternet\/anexos\/325000-329999\/328985\/norma.htm\">http:\/\/servicios.infoleg.gob.ar\/infolegInternet\/anexos\/325000-329999\/328985\/norma.htm<\/a><\/p>\n\n\n\n<p class=\"has-background has-very-light-gray-background-color\">Designaciones de origen de la CONFEDERACI\u00d3N SUIZA y el PRINCIPADO DE LIECHTENSTEIN: <br><a href=\"http:\/\/servicios.infoleg.gob.ar\/infolegInternet\/anexos\/325000-329999\/328985\/res61.pdf\">http:\/\/servicios.infoleg.gob.ar\/infolegInternet\/anexos\/325000-329999\/328985\/res61.pdf<\/a><\/p>\n\n\n\n<p class=\"has-small-font-size\"><strong><em>Fuente: Ministerio de Agricultura, Ganader\u00eda y Pesca de la Naci\u00f3n &#8211; Instituto Nacional de Vitivinicultura<\/em><\/strong><\/p>\n","protected":false},"excerpt":{"rendered":"<p>En el marco del Tratado de Libre Comercio y las negociaciones entre la Asociaci\u00f3n Europea&hellip;<\/p>\n","protected":false},"author":2,"featured_media":4254,"comment_status":"open","ping_status":"open","sticky":false,"template":"","format":"standard","meta":{"footnotes":""},"categories":[9],"tags":[],"class_list":["post-4242","post","type-post","status-publish","format-standard","has-post-thumbnail","hentry","category-negocios"],"_links":{"self":[{"href":"https:\/\/enolife.com.ar\/es\/wp-json\/wp\/v2\/posts\/4242","targetHints":{"allow":["GET"]}}],"collection":[{"href":"https:\/\/enolife.com.ar\/es\/wp-json\/wp\/v2\/posts"}],"about":[{"href":"https:\/\/enolife.com.ar\/es\/wp-json\/wp\/v2\/types\/post"}],"author":[{"embeddable":true,"href":"https:\/\/enolife.com.ar\/es\/wp-json\/wp\/v2\/users\/2"}],"replies":[{"embeddable":true,"href":"https:\/\/enolife.com.ar\/es\/wp-json\/wp\/v2\/comments?post=4242"}],"version-history":[{"count":0,"href":"https:\/\/enolife.com.ar\/es\/wp-json\/wp\/v2\/posts\/4242\/revisions"}],"wp:featuredmedia":[{"embeddable":true,"href":"https:\/\/enolife.com.ar\/es\/wp-json\/wp\/v2\/media\/4254"}],"wp:attachment":[{"href":"https:\/\/enolife.com.ar\/es\/wp-json\/wp\/v2\/media?parent=4242"}],"wp:term":[{"taxonomy":"category","embeddable":true,"href":"https:\/\/enolife.com.ar\/es\/wp-json\/wp\/v2\/categories?post=4242"},{"taxonomy":"post_tag","embeddable":true,"href":"https:\/\/enolife.com.ar\/es\/wp-json\/wp\/v2\/tags?post=4242"}],"curies":[{"name":"wp","href":"https:\/\/api.w.org\/{rel}","templated":true}]}}