{"id":42070,"date":"2021-08-12T01:24:23","date_gmt":"2021-08-12T01:24:23","guid":{"rendered":"http:\/\/enolife.com.ar\/es\/?p=42070"},"modified":"2021-08-16T01:42:34","modified_gmt":"2021-08-16T01:42:34","slug":"soluciones-para-combatir-los-efectos-del-cambio-climatico-en-vinedos-en-un-webinar-gratuito","status":"publish","type":"post","link":"https:\/\/enolife.com.ar\/es\/soluciones-para-combatir-los-efectos-del-cambio-climatico-en-vinedos-en-un-webinar-gratuito\/","title":{"rendered":"Soluciones para combatir los efectos del cambio clim\u00e1tico en vi\u00f1edos, en un webinar gratuito"},"content":{"rendered":"\n<h4 class=\"wp-block-heading\"><em><strong>Lallemand Sudam\u00e9rica Divisi\u00f3n Enolog\u00eda -la empresa productora de levaduras, bacterias, nutrientes, enzimas, quitosanos y productos para vi\u00f1edos-dictar\u00e1 su 3er. webinar en este 2021, con la tem\u00e1tica \u00abSoluciones para combatir los efectos del cambio clim\u00e1tico en los vi\u00f1edos\u00bb. La charla ser\u00e1 el d\u00eda 19 de agosto a las 11 hs de Argentina (10 hs de Chile y 9 hs de Per\u00fa). El seminario est\u00e1 dirigido al personal t\u00e9cnico y agron\u00f3mico de las bodegas, as\u00ed como a profesores de las c\u00e1tedras de viticultura y alumnos de carreras universitarias de Enolog\u00eda y Agronom\u00eda. Es gratuito con inscripci\u00f3n previa.<\/strong><\/em><\/h4>\n\n\n\n<div style=\"height:20px\" aria-hidden=\"true\" class=\"wp-block-spacer\"><\/div>\n\n\n<a href=\"https:\/\/www.lallemandwine.com\/es\/south-america\/\" aria-label=\"Lallemand_1700X500 (002)\"><img loading=\"lazy\" decoding=\"async\" src=\"https:\/\/enolife.com.ar\/es\/wp-content\/uploads\/2021\/06\/Lallemand_1700X500-002.jpg\" alt=\"\"  srcset=\"https:\/\/enolife.com.ar\/es\/wp-content\/uploads\/2021\/06\/Lallemand_1700X500-002.jpg 1700w, https:\/\/enolife.com.ar\/es\/wp-content\/uploads\/2021\/06\/Lallemand_1700X500-002-300x88.jpg 300w, https:\/\/enolife.com.ar\/es\/wp-content\/uploads\/2021\/06\/Lallemand_1700X500-002-1024x301.jpg 1024w, https:\/\/enolife.com.ar\/es\/wp-content\/uploads\/2021\/06\/Lallemand_1700X500-002-768x226.jpg 768w, https:\/\/enolife.com.ar\/es\/wp-content\/uploads\/2021\/06\/Lallemand_1700X500-002-1536x452.jpg 1536w, https:\/\/enolife.com.ar\/es\/wp-content\/uploads\/2021\/06\/Lallemand_1700X500-002-1170x344.jpg 1170w, https:\/\/enolife.com.ar\/es\/wp-content\/uploads\/2021\/06\/Lallemand_1700X500-002-585x172.jpg 585w\" sizes=\"auto, (max-width: 1700px) 100vw, 1700px\" width=\"1700\" height=\"500\"   \/><\/a>\n\n\n<div style=\"height:45px\" aria-hidden=\"true\" class=\"wp-block-spacer\"><\/div>\n\n\n\n<p>En las \u00faltimas d\u00e9cadas, numerosas investigaciones han centrado su atenci\u00f3n en el cambio clim\u00e1tico y sus potenciales efectos a nivel global. Del clima depende la sostenibilidad, los rendimientos y la calidad de los frutos. En el caso de la vid, afectar\u00e1 negativamente a la fenolog\u00eda, fisiolog\u00eda, producci\u00f3n y calidad de uvas y vinos.<\/p>\n\n\n\n<p>Todos los viticultores se enfrentan al desaf\u00edo de lograr la madurez fen\u00f3lica, arom\u00e1tica y tecnol\u00f3gica al mismo tiempo y, con el cambio clim\u00e1tico, el equilibrio es a\u00fan m\u00e1s dif\u00edcil de lograr.<\/p>\n\n\n\n<p>Para conocer en profundidad estos temas y sus posibles soluciones, <strong>Lallemand Sudam\u00e9rica<\/strong> invita al webinar : <strong>\u00abSoluciones para combatir los efectos del cambio clim\u00e1tico en los vi\u00f1edos<\/strong>\u00ab, dirigido al personal t\u00e9cnico y agron\u00f3mico de las bodegas, profesores de las c\u00e1tedras de viticultura y alumnos de facultades de Enolog\u00eda y Agronom\u00eda. La charla es <strong>gratuita con inscripci\u00f3n previa.<\/strong><\/p>\n\n\n\n<div style=\"height:20px\" aria-hidden=\"true\" class=\"wp-block-spacer\"><\/div>\n\n\n\n<div class=\"wp-block-image\"><figure class=\"alignleft size-large is-resized\"><img loading=\"lazy\" decoding=\"async\" src=\"https:\/\/enolife.com.ar\/es\/wp-content\/uploads\/2021\/08\/LALLEMAND.jpg\" alt=\"\" class=\"wp-image-42095\" width=\"394\" height=\"221\" srcset=\"https:\/\/enolife.com.ar\/es\/wp-content\/uploads\/2021\/08\/LALLEMAND.jpg 958w, https:\/\/enolife.com.ar\/es\/wp-content\/uploads\/2021\/08\/LALLEMAND-300x169.jpg 300w, https:\/\/enolife.com.ar\/es\/wp-content\/uploads\/2021\/08\/LALLEMAND-768x433.jpg 768w, https:\/\/enolife.com.ar\/es\/wp-content\/uploads\/2021\/08\/LALLEMAND-585x330.jpg 585w\" sizes=\"auto, (max-width: 394px) 100vw, 394px\" \/><\/figure><\/div>\n\n\n\n<p class=\"has-background has-very-light-gray-background-color\">El mismo tendr\u00e1 lugar el <strong>jueves 19 de agosto a las 11:00 hs de Argentina, 10:00 hs de Chile y 9:00 hs de Per\u00fa. <\/strong><br><br><strong>Para inscribirse clikear <a href=\"https:\/\/attendee.gotowebinar.com\/register\/4963104645148701456?source=Enolife\">AQU\u00cd<\/a><\/strong><br><br>Al registrarse, recibir\u00e1 un correo de confirmaci\u00f3n con informaci\u00f3n sobre c\u00f3mo unirse al seminario web.<\/p>\n\n\n\n<div style=\"height:20px\" aria-hidden=\"true\" class=\"wp-block-spacer\"><\/div>\n\n\n\n<p class=\"has-medium-font-size\"><strong>Disertantes<\/strong><\/p>\n\n\n\n<div class=\"wp-block-image\"><figure class=\"alignleft size-large is-resized\"><img loading=\"lazy\" decoding=\"async\" src=\"https:\/\/enolife.com.ar\/es\/wp-content\/uploads\/2021\/08\/W-Jorge-Prieto-Microclima-1.jpg\" alt=\"\" class=\"wp-image-42110\" width=\"214\" height=\"228\"\/><figcaption><em><strong>Jorge Prieto<\/strong><\/em><\/figcaption><\/figure><\/div>\n\n\n\n<p><strong>Jorge Prieto<\/strong>: Ingeniero agr\u00f3nomo recibido en la Universidad Nacional de Cuyo. Curs\u00f3 sus estudios de postgrado en el Centro Internacional de Estudios Superiores SupAGRO Montpellier (Francia), donde obtuvo los t\u00edtulos de doctor en Biolog\u00eda de Plantas y master en Viticultura y Enolog\u00eda. Se desempe\u00f1a en el \u00e1rea de investigaci\u00f3n, en el Laboratorio de Ecofisiolog\u00eda de la vid de la EEA INTA Mendoza. Su principal trabajo se centra en el estudio del comportamiento fisiol\u00f3gico de la vid en respuesta a factores ambientales y de manejo. <\/p>\n\n\n\n<p>Prieto presentar\u00e1 sus estudios publicados sobre la importancia de diversas labores culturales para evitar el da\u00f1o por accidentes clim\u00e1ticos asociados al cambio clim\u00e1tico en los vi\u00f1edos.<\/p>\n\n\n\n<div style=\"height:20px\" aria-hidden=\"true\" class=\"wp-block-spacer\"><\/div>\n\n\n\n<div class=\"wp-block-image\"><figure class=\"alignleft size-large is-resized\"><img loading=\"lazy\" decoding=\"async\" src=\"https:\/\/enolife.com.ar\/es\/wp-content\/uploads\/2021\/08\/javier_small.jpg\" alt=\"Javier T\u00e9llez Quemada | LalScottLab Technical Meeting 2020\" class=\"wp-image-42111\" width=\"209\" height=\"195\"\/><figcaption><em><strong>Javier Tellez<\/strong><\/em><\/figcaption><\/figure><\/div>\n\n\n\n<p><strong>Javier Tellez:<\/strong> Ingeniero agr\u00f3nomo de la Universidad Polit\u00e9cnica de Madrid. Es director t\u00e9cnico de investigaci\u00f3n y desarrollo de la familia de productos Lalvigne, la marca comercial de Lallemand para las levaduras, nutrientes, bacterias, enzimas y quitosanos para vi\u00f1edos.<\/p>\n\n\n\n<p>Su presentaci\u00f3n ser\u00e1 sobre los avances y resultados de nuevas aplicaciones de derivados de levaduras y la respuesta de la planta, frente a los diversos accidentes clim\u00e1ticos, como granizo, sequ\u00eda, heladas, altas temperaturas, etc\u00e9tera.<\/p>\n\n\n\n<div style=\"height:20px\" aria-hidden=\"true\" class=\"wp-block-spacer\"><\/div>\n\n\n\n<p>Los interesados en participar pueden ver detallas de la plataforma del webinar en este enlace: <a href=\"https:\/\/can01.safelinks.protection.outlook.com\/?url=https%3A%2F%2Flink.gotowebinar.com%2Fhelp-system-requirements-attendees&amp;data=04%7C01%7Csgimenez%40lallemand.com%7C0cfab06df65448b1404108d9591272d6%7C8287db1ce074412b9c78e1d70e3cc068%7C0%7C0%7C637638758090659168%7CUnknown%7CTWFpbGZsb3d8eyJWIjoiMC4wLjAwMDAiLCJQIjoiV2luMzIiLCJBTiI6Ik1haWwiLCJXVCI6Mn0%3D%7C1000&amp;sdata=Y2NYbFAlmEUj4LEhPH7Vi5CkS20STLKmNjLlACSCgDs%3D&amp;reserved=0\" target=\"_blank\" rel=\"noreferrer noopener\">Ver los requisitos del sistema<\/a><\/p>\n\n\n\n<div style=\"height:38px\" aria-hidden=\"true\" class=\"wp-block-spacer\"><\/div>\n\n\n\n<p><br><br><\/p>\n","protected":false},"excerpt":{"rendered":"<p>Lallemand Sudam\u00e9rica Divisi\u00f3n Enolog\u00eda -la empresa productora de levaduras, bacterias, nutrientes, enzimas, quitosanos y productos&hellip;<\/p>\n","protected":false},"author":3,"featured_media":42118,"comment_status":"open","ping_status":"open","sticky":false,"template":"","format":"standard","meta":{"footnotes":""},"categories":[47],"tags":[],"class_list":["post-42070","post","type-post","status-publish","format-standard","has-post-thumbnail","hentry","category-agenda"],"_links":{"self":[{"href":"https:\/\/enolife.com.ar\/es\/wp-json\/wp\/v2\/posts\/42070","targetHints":{"allow":["GET"]}}],"collection":[{"href":"https:\/\/enolife.com.ar\/es\/wp-json\/wp\/v2\/posts"}],"about":[{"href":"https:\/\/enolife.com.ar\/es\/wp-json\/wp\/v2\/types\/post"}],"author":[{"embeddable":true,"href":"https:\/\/enolife.com.ar\/es\/wp-json\/wp\/v2\/users\/3"}],"replies":[{"embeddable":true,"href":"https:\/\/enolife.com.ar\/es\/wp-json\/wp\/v2\/comments?post=42070"}],"version-history":[{"count":0,"href":"https:\/\/enolife.com.ar\/es\/wp-json\/wp\/v2\/posts\/42070\/revisions"}],"wp:featuredmedia":[{"embeddable":true,"href":"https:\/\/enolife.com.ar\/es\/wp-json\/wp\/v2\/media\/42118"}],"wp:attachment":[{"href":"https:\/\/enolife.com.ar\/es\/wp-json\/wp\/v2\/media?parent=42070"}],"wp:term":[{"taxonomy":"category","embeddable":true,"href":"https:\/\/enolife.com.ar\/es\/wp-json\/wp\/v2\/categories?post=42070"},{"taxonomy":"post_tag","embeddable":true,"href":"https:\/\/enolife.com.ar\/es\/wp-json\/wp\/v2\/tags?post=42070"}],"curies":[{"name":"wp","href":"https:\/\/api.w.org\/{rel}","templated":true}]}}