{"id":41952,"date":"2021-08-10T02:29:43","date_gmt":"2021-08-10T02:29:43","guid":{"rendered":"http:\/\/enolife.com.ar\/es\/?p=41952"},"modified":"2021-08-12T16:51:49","modified_gmt":"2021-08-12T16:51:49","slug":"sequia-extrema-en-mendoza-agricultores-piden-cuidar-el-agua-para-que-no-caiga-la-produccion","status":"publish","type":"post","link":"https:\/\/enolife.com.ar\/es\/sequia-extrema-en-mendoza-agricultores-piden-cuidar-el-agua-para-que-no-caiga-la-produccion\/","title":{"rendered":"Sequ\u00eda extrema en Mendoza: agricultores piden cuidar el agua para que no caiga la producci\u00f3n"},"content":{"rendered":"\n<h4 class=\"wp-block-heading\"><em><strong>Ante la crisis h\u00eddrica que afecta a todo el territorio mendocino, hoy 9\/8\/21, 22 entidades rurales de la provincia emitieron un comunicado en el que llaman a \u00abtomar conciencia de la extrema situaci\u00f3n que vivimos\u00bb, alertando sobre que la falta de agua para riego puede traer como consecuencia una merma en la producci\u00f3n agr\u00edcola. A continuaci\u00f3n replicamos el texto del documento.<\/strong><\/em><\/h4>\n\n\n\n<div style=\"height:20px\" aria-hidden=\"true\" class=\"wp-block-spacer\"><\/div>\n\n\n<a href=\"https:\/\/sudafilt.com\/\" aria-label=\"SUDAFILT 1700X500 NOV25\"><img loading=\"lazy\" decoding=\"async\" src=\"https:\/\/enolife.com.ar\/es\/wp-content\/uploads\/2020\/07\/SUDAFILT-1700X500-NOV25.gif\" alt=\"\"  width=\"1700\" height=\"500\"   \/><\/a>\n\n\n<div style=\"height:20px\" aria-hidden=\"true\" class=\"wp-block-spacer\"><\/div>\n\n\n\n<p>\u00abMendoza entera atraviesa una situaci\u00f3n de mega sequ\u00eda, no nueva pero cada vez m\u00e1s extrema. Seg\u00fan datos del Departamento General de Irrigaci\u00f3n y organismos t\u00e9cnicos, el \u00e1rea cordillerana de Cuyo demuestra sus niveles n\u00edveos m\u00e1s bajos desde el a\u00f1o 2000, dentro de los cuales los \u00faltimos cuatro a\u00f1os han estado tambi\u00e9n por debajo de esos valores.<\/p>\n\n\n\n<p>\u00abEs hora de tomar conciencia de la extrema situaci\u00f3n de crisis h\u00eddrica que vivimos considerada como una megasequ\u00eda. De acuerdo a la informaci\u00f3n existente hasta hoy la condici\u00f3n h\u00eddrica para la pr\u00f3xima temporada es de las peores conocidas, con precipitaciones n\u00edveas muy por debajo de la media hist\u00f3rica.<\/p>\n\n\n\n<p>\u00abDe no producirse nevadas en lo que resta del ciclo, la cantidad de agua para riego, se ver\u00e1 notablemente disminuida. Esto traer\u00e1 acarreado una ca\u00edda estrepitosa en la producci\u00f3n, las explotaciones rurales en estado cr\u00edtico agravar\u00e1n su situaci\u00f3n hacia el abandono. El uso de los pozos estar\u00e1 condicionado por el impacto econ\u00f3mico por aumento provincial en el VAD (Valor Agregado de Distribuci\u00f3n) que se estima incrementar\u00e1 en un 51% la facturaci\u00f3n el\u00e9ctrica correspondiente a la temporada de uso intensivo de pozo y que impactar\u00e1 aumentando sus costos considerablemente. Habr\u00e1 disminuci\u00f3n del empleo y aumento del \u00e9xodo rural, con sus consecuencias.<br>Ante este escenario, ya anticipado hace a\u00f1os por los especialistas, no hay acciones acordes al cr\u00edtico panorama planteado, ni de mitigaci\u00f3n, ni obras, ni pol\u00edticas concretas para afrontar la situaci\u00f3n.<\/p>\n\n\n\n<p>\u00abDistintos pa\u00edses con estructuras muy similares, alertados del rol vital que cumple el agua para la vida diaria y lo valioso y escaso de este recurso, han generado pol\u00edticas concretas para el consumo humano, agr\u00edcola e industrial de forma responsable, abrazadas y respetadas por la poblaci\u00f3n.<\/p>\n\n\n\n<p>\u00abEs posible generar acciones de austeridad y manejo sustentable del agua. Los organismos p\u00fablicos, privados y de la sociedad en pleno deben de llevar adelante este cambio estructural necesario para afrontar las dificultades por venir. Debemos priorizar las obras que permitan eficientizar y mejorar la distribuci\u00f3n del recurso por encima de cualquier otro uso complementario. Obras hist\u00f3ricamente pedidas y necesarias como el caso del Trasvase en la cuenca alta del R\u00edo Grande al Atuel, Los Blancos, Uspallata, etc, hoy m\u00e1s que nunca exigen su concreci\u00f3n.<\/p>\n\n\n\n<p>\u00ab\u00bfEntendemos que nos estamos quedando sin agua y no hay medidas suficientes para mitigar este impacto?<\/p>\n\n\n\n<p>\u00abPara lo cual es necesario que se implementen acciones urgentes para afrontar la megasequ\u00eda que estamos viviendo. Es por ello que solicitamos al Departamento General de Irrigaci\u00f3n y al gobierno provincial que, con asistencia del gobierno nacional, se instrumente de forma<br>inmediata un plan de emergencia que contemple obras y acciones de mitigaci\u00f3n para hacer frente a la temporada 2021-2022.<\/p>\n\n\n\n<p>\u00abSimplemente no podemos seguir actuando de forma fragmentada, impulsados por las crisis en lugar de la prevenci\u00f3n. El costo de la prevenci\u00f3n es m\u00ednimo en comparaci\u00f3n con el costo del socorro en casos de desastre, por lo tanto, debemos pasar de la gesti\u00f3n de la crisis a la prevenci\u00f3n de las sequ\u00edas. La seguridad del agua, tanto el suministro sostenible en cantidad y calidad limpia, es un aspecto fundamental para garantizar la vida y el desarrollo\u00bb.<\/p>\n\n\n\n<p><br><strong>Entidades Firmantes:<\/strong><\/p>\n\n\n\n<ul class=\"wp-block-list\"><li>Asociaci\u00f3n de Cooperativas Vitivin\u00edcolas<\/li><li>Asociaci\u00f3n de Vi\u00f1ateros de Mendoza<\/li><li>C\u00e1mara de Comercio, Industria, Ganader\u00eda y Agricultura de General Alvear<\/li><li>C\u00e1mara de Cerezas de Mendoza<\/li><li>Uni\u00f3n Frutihort\u00edcola Argentina<\/li><li>Asociaci\u00f3n de duraznos de industria<\/li><li>Asociaci\u00f3n de productores, empacadores y exportadores de ajos, cebollas y afines de la Provincia de Mendoza<\/li><li>Asociaci\u00f3n Tomate 2000<\/li><li>Uni\u00f3n Vitivin\u00edcola Argentina<\/li><li>Confederaci\u00f3n Intercooperativa Agropecuaria<\/li><li>C\u00e1mara empresaria de Rivadavia<\/li><li>Federaci\u00f3n de C\u00e1maras Vit\u00edcolas<\/li><li>Sociedad Rural de San Rafael<\/li><li>Federaci\u00f3n agraria argentina<\/li><li>Cl\u00faster de Ciruela Industrial de Mendoza<\/li><li>Asociaci\u00f3n de frutos secos de Mendoza<\/li><li>C\u00e1mara de la Fruta Industrializada de Mendoza<\/li><li>Asociaci\u00f3n de productores y exportadores de frutas frescas<\/li><li>C\u00e1mara de agricultura, industria, comercio y turismo del Valle de Tupungato<\/li><li>Sociedad Rural del Valle de Uco<\/li><li>C\u00e1mara de comercio, industria y agropecuaria de San Rafael<\/li><li>C\u00e1mara de Comercio, Industria, Agricultura y Turismo de Tunuy\u00e1n<\/li><\/ul>\n\n\n\n<div style=\"height:42px\" aria-hidden=\"true\" class=\"wp-block-spacer\"><\/div>\n","protected":false},"excerpt":{"rendered":"<p>Ante la crisis h\u00eddrica que afecta a todo el territorio mendocino, hoy 9\/8\/21, 22 entidades&hellip;<\/p>\n","protected":false},"author":3,"featured_media":41959,"comment_status":"open","ping_status":"open","sticky":false,"template":"","format":"standard","meta":{"footnotes":""},"categories":[14],"tags":[],"class_list":["post-41952","post","type-post","status-publish","format-standard","has-post-thumbnail","hentry","category-news"],"_links":{"self":[{"href":"https:\/\/enolife.com.ar\/es\/wp-json\/wp\/v2\/posts\/41952","targetHints":{"allow":["GET"]}}],"collection":[{"href":"https:\/\/enolife.com.ar\/es\/wp-json\/wp\/v2\/posts"}],"about":[{"href":"https:\/\/enolife.com.ar\/es\/wp-json\/wp\/v2\/types\/post"}],"author":[{"embeddable":true,"href":"https:\/\/enolife.com.ar\/es\/wp-json\/wp\/v2\/users\/3"}],"replies":[{"embeddable":true,"href":"https:\/\/enolife.com.ar\/es\/wp-json\/wp\/v2\/comments?post=41952"}],"version-history":[{"count":0,"href":"https:\/\/enolife.com.ar\/es\/wp-json\/wp\/v2\/posts\/41952\/revisions"}],"wp:featuredmedia":[{"embeddable":true,"href":"https:\/\/enolife.com.ar\/es\/wp-json\/wp\/v2\/media\/41959"}],"wp:attachment":[{"href":"https:\/\/enolife.com.ar\/es\/wp-json\/wp\/v2\/media?parent=41952"}],"wp:term":[{"taxonomy":"category","embeddable":true,"href":"https:\/\/enolife.com.ar\/es\/wp-json\/wp\/v2\/categories?post=41952"},{"taxonomy":"post_tag","embeddable":true,"href":"https:\/\/enolife.com.ar\/es\/wp-json\/wp\/v2\/tags?post=41952"}],"curies":[{"name":"wp","href":"https:\/\/api.w.org\/{rel}","templated":true}]}}