{"id":41321,"date":"2021-08-07T01:34:25","date_gmt":"2021-08-07T01:34:25","guid":{"rendered":"http:\/\/enolife.com.ar\/es\/?p=41321"},"modified":"2021-08-11T01:43:42","modified_gmt":"2021-08-11T01:43:42","slug":"dia-del-ingeniero-agronomo-hernan-vila-un-sabio-bondadoso-que-dejo-el-alma-en-la-tierra","status":"publish","type":"post","link":"https:\/\/enolife.com.ar\/es\/dia-del-ingeniero-agronomo-hernan-vila-un-sabio-bondadoso-que-dejo-el-alma-en-la-tierra\/","title":{"rendered":"D\u00eda del Ingeniero Agr\u00f3nomo: Hern\u00e1n Vila, un sabio bondadoso que dej\u00f3 el alma en la tierra"},"content":{"rendered":"\n<h4 class=\"wp-block-heading\"><em><strong>El jueves 8 de octubre de 2020, nuestro amigo Hern\u00e1n parti\u00f3 cuando a\u00fan ten\u00eda en la mochila pu\u00f1ados de semillas por repartir. Luego de que la pena inexplicable nos soltara el cuello, aparecieron como flashes los recuerdos de juventud: el andinista imparable, el cient\u00edfico loco que constru\u00eda un igl\u00fa y se encerraba adentro con un calentador para comprobar la resistencia de la nieve, el pibe sensible que plantaba un \u00e1rbol y montaba un acto para recitarle un poema. Esa pasi\u00f3n por la naturaleza lo transform\u00f3 en ingeniero agr\u00f3nomo, su curiosidad lo confirm\u00f3 como investigador y su vocaci\u00f3n de servicio lo hizo docente. En el INTA, su lugar en el mundo, cultiv\u00f3 en el coraz\u00f3n de sus amigos y sembr\u00f3 inteligencia en sus alumnos. Con esta nota, posteada al viento, queremos homenajearlo. Y para ello rescatamos semblanzas que lo pintan e im\u00e1genes que lo traen de nuevo cerca nuestro. El Hern\u00e1n siempre estar\u00e1.<\/strong><\/em><\/h4>\n\n\n\n<div style=\"height:44px\" aria-hidden=\"true\" class=\"wp-block-spacer\"><\/div>\n\n\n\n<p><strong>Por Lorena Mellone y Pedro Straniero<br><a href=\"mailto:comunidad@enolife.com.ar\">comunidad@enolife.com.ar<\/a><\/strong><\/p>\n\n\n\n<div style=\"height:45px\" aria-hidden=\"true\" class=\"wp-block-spacer\"><\/div>\n\n\n\n<p>La \u00faltima vez que entrevistamos al <strong>ingeniero agr\u00f3nomo Hern\u00e1n Vila<\/strong> fue el 7 de setiembre de 2020, cuando la primavera nos esperanzaba y la primera ola del maldito coronavirus que nos lo arranc\u00f3 parec\u00eda ceder. Optimista y jovial nos recibi\u00f3 en las calles arboladas de la <strong>Estaci\u00f3n Experimental del INTA Mendoza en Luj\u00e1n<\/strong>, su \u00abcasa\u00bb, como remarcaba con orgullo.<\/p>\n\n\n\n<p>Ese d\u00eda nuestro inter\u00e9s estaba puesto en la bodega experimental, con foco especial en las microvinificaciones que el en\u00f3logo <strong>Santiago Sari<\/strong> acababa de embotellar. Tras probar los ricos vinos <strong>\u00abCavas del INTA\u00bb<\/strong>, la conversaci\u00f3n deriv\u00f3 hacia el trabajo que Hern\u00e1n, Santiago y su equipo ven\u00edan realizando con las uvas criollas. La charla arranc\u00f3, como era de esperar, con la referencia al ingeniero <strong>Alberto Alcalde<\/strong>, \u00abnuestro gran pr\u00f3cer\u00bb, como aclar\u00f3 con admiraci\u00f3n Hern\u00e1n.<\/p>\n\n\n\n<p>\u00abDon Alberto empez\u00f3 con las selecciones masales, iba a los vi\u00f1edos y buscaba las plantas que eran m\u00e1s frutales, las que ten\u00edan racimos con mejores caracter\u00edsticas&#8230; Fue la \u00e9poca en que se instal\u00f3 en el INTA la primera planta piloto para hacer vinificaciones y evaluar esas selecciones masales\u00bb, record\u00f3 Hern\u00e1n. Y continu\u00f3: \u00ab\u00c9l hab\u00eda hecho masales de las variedades mas importantes, de malbec, cabernet, sangiovese, semill\u00f3n, chardonnay, sauvignon blanc. Algunas eran muy buenas otras m\u00e1s o menos&#8230; Por ejemplo, el sangiovese era buen\u00edsimo, el chardonnay del INTA tambi\u00e9n; es m\u00e1s, hay uno que se llama chardonnay Mendoza que dio la vuelta al mundo pero nunca supimos qui\u00e9n lo llev\u00f3 a otros lados\u00bb.<\/p>\n\n\n\n<div style=\"height:30px\" aria-hidden=\"true\" class=\"wp-block-spacer\"><\/div>\n\n\n\n<figure class=\"wp-block-image size-large\"><img loading=\"lazy\" decoding=\"async\" width=\"1024\" height=\"671\" src=\"https:\/\/enolife.com.ar\/es\/wp-content\/uploads\/2021\/08\/20200907_124530-1024x671.jpg\" alt=\"\" class=\"wp-image-41760\" srcset=\"https:\/\/enolife.com.ar\/es\/wp-content\/uploads\/2021\/08\/20200907_124530-1024x671.jpg 1024w, https:\/\/enolife.com.ar\/es\/wp-content\/uploads\/2021\/08\/20200907_124530-300x197.jpg 300w, https:\/\/enolife.com.ar\/es\/wp-content\/uploads\/2021\/08\/20200907_124530-768x503.jpg 768w, https:\/\/enolife.com.ar\/es\/wp-content\/uploads\/2021\/08\/20200907_124530-1536x1007.jpg 1536w, https:\/\/enolife.com.ar\/es\/wp-content\/uploads\/2021\/08\/20200907_124530-1170x767.jpg 1170w, https:\/\/enolife.com.ar\/es\/wp-content\/uploads\/2021\/08\/20200907_124530-585x383.jpg 585w, https:\/\/enolife.com.ar\/es\/wp-content\/uploads\/2021\/08\/20200907_124530.jpg 1788w\" sizes=\"auto, (max-width: 1024px) 100vw, 1024px\" \/><figcaption><em><strong>Pedro Straniero y Hern\u00e1n Vila en la cava de la Bodega Experimental del INTA.<\/strong><\/em><\/figcaption><\/figure>\n\n\n\n<div style=\"height:22px\" aria-hidden=\"true\" class=\"wp-block-spacer\"><\/div>\n\n\n\n<p>Con la direcci\u00f3n de Hern\u00e1n, el INTA comenz\u00f3 hace a\u00f1os un trabajo de investigaci\u00f3n sobre las variedades criollas, que hoy ya arroja luz, gracias a numerosas publicaciones cient\u00edficas, sobre este patrimonio natural de Mendoza y Argentina. Al respecto, el ingeniero destacaba: \u00abEs una movida que se est\u00e1 dando en Argentina, Chile, Per\u00fa, Bolivia, buscando cosas m\u00e1s originales, m\u00e1s propias, pueden ser un negocio de nicho para la industria vitivin\u00edcola, pero le dan mucha historia y mucho relato a la actividad en general\u00bb. <\/p>\n\n\n\n<p>\u00abHay varias historias sobre las criollas -se entusiasmaba contando Hern\u00e1n-; primero la colonial, cuando se hac\u00edan peque\u00f1os vinitos y aguardientes por ejemplo en Catamarca; la de los vinos que se hac\u00edan ac\u00e1 en Mendoza e iban en mulas a Buenos Aires; y despu\u00e9s, en las d\u00e9cadas de 1950 y 1960, cuando por la gran demanda de vinos que hab\u00eda en Argentina, se hicieron vinos con uvas criollas de muy mala calidad, eran esos vinos blancos que ven\u00edan en botella de litro, que ten\u00edan un color a querosene y un gusto que no era muy distinto a eso&#8230; Finalmente, ahora un grupo de peque\u00f1os elaboradores y alguna que otra bodega grande est\u00e1n buscando lo patrimonial, los or\u00edgenes, lo que sumado a las nuevas y mejores tecnolog\u00edas est\u00e1 permitiendo encontrar cosas interesantes\u00bb.<\/p>\n\n\n\n<div style=\"height:45px\" aria-hidden=\"true\" class=\"wp-block-spacer\"><\/div>\n\n\n\n<p class=\"has-background has-very-light-gray-background-color\"><strong>Testimonial Hern\u00e1n Vila: Inicios del PEVI 2020 &#8211; Video gentileza de Coviar, Desayuno 2020.<\/strong><\/p>\n\n\n\n<figure class=\"wp-block-embed-youtube aligncenter wp-block-embed is-type-video is-provider-youtube wp-embed-aspect-16-9 wp-has-aspect-ratio\"><div class=\"wp-block-embed__wrapper\">\n<iframe loading=\"lazy\" title=\"Hern\u00e1n Vila, PEVI 2030, Parte 1\" width=\"1170\" height=\"658\" src=\"https:\/\/www.youtube.com\/embed\/cc3avdg-1vc?feature=oembed\" frameborder=\"0\" allow=\"accelerometer; autoplay; clipboard-write; encrypted-media; gyroscope; picture-in-picture\" allowfullscreen><\/iframe>\n<\/div><\/figure>\n\n\n\n<div style=\"height:59px\" aria-hidden=\"true\" class=\"wp-block-spacer\"><\/div>\n\n\n\n<p class=\"has-medium-font-size\"><strong>\u00abTenemos que hincar la pica en Flandes\u00bb<\/strong><\/p>\n\n\n\n<p>Durante toda su extensa y brillante trayectoria profesional recogi\u00f3 amistades que hoy lo recuerdan con admiraci\u00f3n. El INTA, en su sitio web, public\u00f3 el 6\/11\/2020 las \u00aban\u00e9cdotas y apreciaciones de sus allegados, que agradecieron haberse cruzado con Hern\u00e1n en el camino de la vida\u00bb, las que reproducimos aqu\u00ed.<\/p>\n\n\n\n<p><strong>Ingeniero Agr\u00f3nomo Jorge Nazrala:<\/strong> \u00abNos conocimos en 1989 cuando ingres\u00e9 a trabajar en el Censo Vitivin\u00edcola. A partir de ah\u00ed trabajamos juntos, en Cambio Rural y en diversos proyectos vit\u00edcolas. <br>Compartimos muchas horas. Fue la \u00e9poca donde m\u00e1s aprend\u00ed de vitivinicultura. Charlar con Hern\u00e1n era como estar dos horas en una biblioteca, era un gran lector. <br>Yo siempre le contaba a su esposa Silvia Paladino, compa\u00f1era m\u00eda de trabajo por m\u00e1s de 33 a\u00f1os, que rescataba su gran conocimiento literario. <br>Para todo ten\u00eda una frase, un comentario, un refr\u00e1n. &#8216;Tenemos que hincar pica en Flandes&#8217;<strong>,&nbsp;<\/strong>sol\u00eda decir cuando lleg\u00e1bamos a una parcela, pretendiendo que la ten\u00edamos que dominar intelectualmente y estudiar qu\u00e9 suced\u00eda dentro de la misma.<br>Fue un genio, y la vida me premi\u00f3 permiti\u00e9ndome compartir con \u00e9l todos estos a\u00f1os. Adem\u00e1s de Agronom\u00eda, sab\u00eda much\u00edsimo de f\u00edsica y era capaz de explicar con una simpleza suprema c\u00f3mo hacer una paella (receta que todav\u00eda hoy uso), c\u00f3mo se mueven los fotoasimilados en la vid\u2026 o la teor\u00eda del Big Bang. Con s\u00f3lo prestarle atenci\u00f3n no pod\u00edas no entenderlo. Te hac\u00eda un modelo matem\u00e1tico hasta para calentar el agua del mate (que, por cierto, no los cebaba muy bien). Eso s\u00ed, c\u00f3mo se&nbsp;mueve el tercer eje de un semirremolque cuando gira en un espacio chico, se lo ten\u00eda que explicar yo a \u00e9l. <br>Era un gran defensor de la familia, como base y pilar de la sociedad. Habl\u00e1bamos mucho de ese tema, cuando sol\u00edamos andar por los vi\u00f1edos\u00bb.<\/p>\n\n\n\n<div style=\"height:53px\" aria-hidden=\"true\" class=\"wp-block-spacer\"><\/div>\n\n\n\n<p class=\"has-background has-very-light-gray-background-color\"><strong>Testimonial Hern\u00e1n Vila: PEVI 2020 &#8211; Promoci\u00f3n &#8211; Video gentileza de Coviar, Desayuno 2020<\/strong>.<\/p>\n\n\n\n<figure class=\"wp-block-embed-youtube aligncenter wp-block-embed is-type-video is-provider-youtube wp-embed-aspect-16-9 wp-has-aspect-ratio\"><div class=\"wp-block-embed__wrapper\">\n<iframe loading=\"lazy\" title=\"Hern\u00e1n Vila, PEVI 2030, Parte 2\" width=\"1170\" height=\"658\" src=\"https:\/\/www.youtube.com\/embed\/pWNWQqzsZn4?feature=oembed\" frameborder=\"0\" allow=\"accelerometer; autoplay; clipboard-write; encrypted-media; gyroscope; picture-in-picture\" allowfullscreen><\/iframe>\n<\/div><\/figure>\n\n\n\n<div style=\"height:49px\" aria-hidden=\"true\" class=\"wp-block-spacer\"><\/div>\n\n\n\n<p class=\"has-medium-font-size\"><strong>\u00abPateaba cascotes con nosotros\u00bb<\/strong><\/p>\n\n\n\n<p><strong>Rodolfo Martos, compa\u00f1ero en el Laboratorio de Viticultura de la EEA Mendoza por m\u00e1s de 20 a\u00f1os:<\/strong> \u00abA Hern\u00e1n lo conoc\u00ed hace unos 35 a\u00f1os. \u00c9l trabajaba en Cambio Rural, contratado junto a Jorge Nazrala. Se produjo una vacante y entr\u00f3 a cargo del \u00e1rea de Viticultura. <br>Hemos realizado miles de ensayos en diferentes lugares de la provincia. Lo que m\u00e1s rescato es que pateaba cascotes con nosotros, se pon\u00eda a trabajar a la par nuestra. <br>Fue una excelente persona, y profesionalmente ni hablar. Le\u00eda much\u00edsimo. Con el equipo de trabajo le regalamos en varias oportunidades libros, porque era un manual abierto: de todo sab\u00eda y te lo explicaba con mucha sabidur\u00eda. <br>Sin lugar a dudas era una persona especial, que estaba en todos los detalles de su entorno. Dej\u00f3 de ser nuestro jefe, para convertirse en nuestro amigo\u00bb.<\/p>\n\n\n\n<div style=\"height:31px\" aria-hidden=\"true\" class=\"wp-block-spacer\"><\/div>\n\n\n\n<p class=\"has-background has-very-light-gray-background-color\"><strong>Testimonial Hern\u00e1n Vila: PEVI 2020 &#8211; Mercado Interno &#8211; Video gentileza de Coviar, Desayuno 2020<\/strong>.<\/p>\n\n\n\n<figure class=\"wp-block-embed-youtube aligncenter wp-block-embed is-type-video is-provider-youtube wp-embed-aspect-16-9 wp-has-aspect-ratio\"><div class=\"wp-block-embed__wrapper\">\n<iframe loading=\"lazy\" title=\"Hern\u00e1n Vila, PEVI 2030, Parte 3\" width=\"1170\" height=\"658\" src=\"https:\/\/www.youtube.com\/embed\/aIcW9TdXV1I?feature=oembed\" frameborder=\"0\" allow=\"accelerometer; autoplay; clipboard-write; encrypted-media; gyroscope; picture-in-picture\" allowfullscreen><\/iframe>\n<\/div><\/figure>\n\n\n\n<div style=\"height:58px\" aria-hidden=\"true\" class=\"wp-block-spacer\"><\/div>\n\n\n\n<p class=\"has-medium-font-size\"><strong>\u00abPasaba por las oficinas con su toque de alegr\u00eda, silbando muy mal\u00bb<\/strong><\/p>\n\n\n\n<p><strong>\u00c1ngel Debiazi, tambi\u00e9n compa\u00f1ero en el Laboratorio de Viticultura: <\/strong>\u00abA Hern\u00e1n lo conoc\u00ed hace m\u00e1s de 25 a\u00f1os y con tiempo nos fuimos convirtiendo en amigos.<br>Cuando llegaba al laboratorio en las ma\u00f1anas pasaba por todas las oficinas, siempre con su toque caracter\u00edstico de alegr\u00eda (silbaba, y lo hac\u00eda muy mal), se sentaba a tomar unos mates con todos nosotros (nunca los cebaba), y despu\u00e9s cada uno empezaba su labor diaria. <br>Nunca estuvo encima de nadie, \u00e9l nos dec\u00eda si ten\u00edamos que hacer esto o aquello y lo hac\u00eda a la par nuestra. <br>Me acuerdo una vez que antes de entrar a trabajar, camino a tomar el colectivo, me ca\u00ed, me golpe\u00e9 muy mal, y me llev\u00f3 al hospital a que me hicieran placas. \u00c9l empujaba la silla de ruedas, dej\u00f3 todo y se fue conmigo.<br>Cuando me operaron del coraz\u00f3n, estuvo todo el d\u00eda en el hospital con mi mujer y mis hijos, despu\u00e9s me hablaba todas las semanas, y cuando me reintegr\u00e9 al trabajo me cuidaba el doble, no me dejaba hacer nada. <br><a href=\"https:\/\/inta.gob.ar\/sites\/default\/files\/imagenes\/CRMZA-SJ\/hernan_vila_con_companeros_de_la_eea_mendoza.jpeg\"><\/a>Recuerdo cuando asumi\u00f3 como director de la Estaci\u00f3n Experimental, que me llamaba a m\u00ed, un simple auxiliar, para pedirme consejos de c\u00f3mo deb\u00eda manejarse con el personal. Y muy preocupado me contaba que le toc\u00f3 una etapa muy dif\u00edcil donde la Instituci\u00f3n estaba desfinanciada. Sin lugar a dudas, esas peque\u00f1as grandes cosas son las que lo hicieron distinto\u00bb.<\/p>\n\n\n\n<div style=\"height:49px\" aria-hidden=\"true\" class=\"wp-block-spacer\"><\/div>\n\n\n\n<p class=\"has-background has-very-light-gray-background-color\"><strong>Testimonial Hern\u00e1n Vila: PEVI 2020 &#8211; Peque\u00f1os productores &#8211; Video gentileza de Coviar, Desayuno 2020.<\/strong><\/p>\n\n\n\n<figure class=\"wp-block-embed-youtube aligncenter wp-block-embed is-type-video is-provider-youtube wp-embed-aspect-16-9 wp-has-aspect-ratio\"><div class=\"wp-block-embed__wrapper\">\n<iframe loading=\"lazy\" title=\"Hern\u00e1n Vila, PEVI 2030, Parte 4\" width=\"1170\" height=\"658\" src=\"https:\/\/www.youtube.com\/embed\/YN6ewXZgCqk?feature=oembed\" frameborder=\"0\" allow=\"accelerometer; autoplay; clipboard-write; encrypted-media; gyroscope; picture-in-picture\" allowfullscreen><\/iframe>\n<\/div><\/figure>\n\n\n\n<div style=\"height:43px\" aria-hidden=\"true\" class=\"wp-block-spacer\"><\/div>\n\n\n\n<p class=\"has-medium-font-size\"><strong>\u00abGracias a \u00e9l pudimos equipar nuestra radio\u00bb<\/strong><\/p>\n\n\n\n<p><strong>Rigoberto Saravia y Ramiro Mart\u00ednez, de la colectividad boliviana de Mendoza en Rodeo del Medio, Guaymall\u00e9n, colaboradores en un proyecto de trabajo:<\/strong> \u00abSin lugar a dudas es una p\u00e9rdida humana muy grande para toda la sociedad, pero principalmente para toda la comunidad del INTA. <br>El doctor Vila siempre se mostr\u00f3 muy agradecido y muy alegre de trabajar con nosotros. Fue por intermedio de \u00e9l, y un gran equipo de trabajo, que pudimos acceder a un proyecto por medio del cual pudimos equipar nuestra radio, ubicada en una de las zonas rurales hort\u00edcolas m\u00e1s importantes de nuestra provincia. <br>Particip\u00f3 en varios festejos, en la inauguraci\u00f3n de la radio y en diferentes capacitaciones que hac\u00edamos en nuestra sede\u00bb.<\/p>\n\n\n\n<div style=\"height:40px\" aria-hidden=\"true\" class=\"wp-block-spacer\"><\/div>\n\n\n\n<p class=\"has-background has-very-light-gray-background-color\"><strong>Testimonial Hern\u00e1n Vila: PEVI 2020 &#8211; Resultados &#8211; Video gentileza de Coviar, Desayuno 2020<\/strong>.<\/p>\n\n\n\n<figure class=\"wp-block-embed-youtube aligncenter wp-block-embed is-type-video is-provider-youtube wp-embed-aspect-16-9 wp-has-aspect-ratio\"><div class=\"wp-block-embed__wrapper\">\n<iframe loading=\"lazy\" title=\"Hern\u00e1n Vila, PEVI 2030, parte 5\" width=\"1170\" height=\"658\" src=\"https:\/\/www.youtube.com\/embed\/w1O2IMlUgSk?feature=oembed\" frameborder=\"0\" allow=\"accelerometer; autoplay; clipboard-write; encrypted-media; gyroscope; picture-in-picture\" allowfullscreen><\/iframe>\n<\/div><\/figure>\n\n\n\n<div style=\"height:65px\" aria-hidden=\"true\" class=\"wp-block-spacer\"><\/div>\n\n\n\n<p class=\"has-medium-font-size\"><strong>\u00abHombre profundo, franco, inspirador\u00bb<\/strong><\/p>\n\n\n\n<p><strong>Mar\u00eda Flavia Filippini, decana de la Facultad de Ciencias Agrarias de la UNCuyo:<\/strong> \u00abConoc\u00ed a Hern\u00e1n en los pasillos de la Facultad, cuando \u00e9ramos estudiantes. No \u00e9ramos compa\u00f1eros pero siempre me llam\u00f3 la atenci\u00f3n su saludo amistoso y esa mezcla de intelectualidad, bondad y el esbozo casi permanente de una sonrisa franca. El tiempo quiso que nos encontr\u00e1ramos por all\u00e1, en el 2005, en la Revista de la Facultad, \u00e9l como evaluador y luego como editor asociado; y tambi\u00e9n compartiendo proyectos y equipos de trabajo que fuimos consolidando, el INTA y la FCA. <br>\u00a1Qu\u00e9 placer enorme y qu\u00e9 privilegio fueron esos 15 a\u00f1os de reuniones en nuestros espacios de trabajo o en el campo para hablar, no s\u00f3lo sobre el estr\u00e9s salino e h\u00eddrico de nuestras amadas vides, sino tambi\u00e9n sobre la vida, la existencia del ser humano y la mirada profunda sobre c\u00f3mo ocuparnos de nuestros j\u00f3venes y del futuro de las instituciones que tanto queremos!<br>Hombre profundo, franco, inspirador, con fuertes convicciones y sentido de la \u00e9tica. Exigente con \u00e9l y con nosotros a la hora de trabajar\u2026 tan generoso y humilde a la hora de comprender al otro y ense\u00f1ar todo, absolutamente todo\u2026 <br>\u00a1Querido amigo, llevo en mi coraz\u00f3n tu sonrisa franca y la expresi\u00f3n sincera y afable de tu mirada de cuando nos encontr\u00e1bamos en nuestras largas y profundas conversaciones!\u00bb<\/p>\n\n\n\n<div style=\"height:20px\" aria-hidden=\"true\" class=\"wp-block-spacer\"><\/div>\n\n\n\n<p class=\"has-medium-font-size\"><strong>\u00abSus comentarios te animaban a ser una mejor persona\u00bb<\/strong><\/p>\n\n\n\n<p>I<strong>ngeniera agr\u00f3noma Laura Alturria<\/strong>, <strong>del Consejo Asesor de la EEA Mendoza:<\/strong> \u00abConoc\u00ed primero a Hern\u00e1n en los inicios de Cambio Rural. En su rol de agente de proyecto, coordinaba a los colegas que siempre ten\u00edamos algo que preguntar. As\u00ed comenc\u00e9 a apreciar a Hern\u00e1n; se hac\u00eda el tiempo para escuchar, para entender un problema y para brindar no s\u00f3lo un consejo t\u00e9cnico sino el comentario que te animaba a hacer un mejor trabajo. Esta forma de trabajar me mostr\u00f3 sus cualidades de gran persona.<br>La vitivinicultura revelaba la pasi\u00f3n con que encaraba una tarea, el entusiasmo por poner la informaci\u00f3n al alcance de todos. Su equipo med\u00eda brotes, di\u00e1metro de troncos y contaba bayas en un clima distendido y alegre mientras comenzaba a tomar forma el trabajo que definir\u00eda el modo de elaborar indicadores cualitativos de la uva. <br>Era curioso, inquieto, incansable, cualidades que lo llevaban a entablar conversaciones m\u00e1s que interesantes en las que yo siempre aprend\u00eda algo.<br>A trav\u00e9s del trabajo en el Consejo Asesor de la EEA Mendoza, retomamos charlas en las que aparec\u00eda el amor por su familia, sus gustos, sus motivaciones, y yo le contaba las m\u00edas. Reci\u00e9n all\u00ed comenz\u00e1bamos el &#8216;trabajo&#8217;, ya contagiados de su optimismo. <br>La vida me ha puesto frente a momentos muy duros como \u00e9ste, pero tambi\u00e9n me regal\u00f3 la inmensa alegr\u00eda de coincidir con un gran ser humano y compartir vivencias con \u00e9l\u00bb.<\/p>\n\n\n\n<div style=\"height:20px\" aria-hidden=\"true\" class=\"wp-block-spacer\"><\/div>\n\n\n\n<p class=\"has-medium-font-size\">\u00ab<strong>Le debo toda mi carrera profesional<\/strong>\u00ab<\/p>\n\n\n\n<p><strong>Ingeniera Agr\u00f3noma In\u00e9s Hugalde:<\/strong> \u00abYo fui becaria doctoral de Hern\u00e1n por insistencia; primero fue mi director de maestr\u00eda y cuando le ped\u00ed que fuera director de mi doctorado, \u00e9l estaba concursando para ser director del INTA, y ten\u00eda puestos de coordinaci\u00f3n de investigaciones y proyectos internacionales del INTA; me dijo que no porque no le alcanzaba el tiempo, pero yo insist\u00ed tanto que acept\u00f3. Fue un honor para m\u00ed, y defend\u00ed mi tesis el 22\/8 del a\u00f1o pasado, un mes y medio antes de qu\u00e9 \u00e9l falleciera.<br>B\u00e1sicamente fue como un pap\u00e1 para m\u00ed&#8230; Yo lo extra\u00f1o much\u00edsimo, le debo absolutamente toda mi carrera profesional.<br>El \u00faltimo paper (publicaciones cient\u00edficas indexadas) que publicamos fue a fines del a\u00f1o pasado; Hern\u00e1n ya hab\u00eda fallecido, as\u00ed que ese trabajo est\u00e1 dedicado a \u00e9l, tiene una dedicatoria a su memoria.<br>Yo soy una persona muy ansiosa y \u00e9l me conoc\u00eda much\u00edsimo y se daba cuenta cuando esa ansiedad estaba empezando a angustiarme y me frenaba y me dec\u00eda esa frase &#8216;V\u00edstanme despacio que estoy apurado&#8217;.<br>Otra cosa muy bonita que ten\u00eda Hern\u00e1n es que me acompa\u00f1aba en todas las mediciones de campo, lo que no es obligaci\u00f3n de los directores, especialmente cuando ten\u00eda que hacer mediciones de preamanecer, que se hacen justo antes del amanecer en las plantas cuando est\u00e1n a oscuras. Un d\u00eda tuve que hacer las mediciones m\u00e1s largas, fue un d\u00eda completo que \u00e9l estuvo conmigo desde las 5 am hasta las 5 pm\u00bb.<\/p>\n\n\n\n<div style=\"height:62px\" aria-hidden=\"true\" class=\"wp-block-spacer\"><\/div>\n\n\n\n<p class=\"has-background has-medium-font-size has-light-green-cyan-background-color\"><strong>Maestro de maestros, con una pila de saberes<\/strong><\/p>\n\n\n\n<ul class=\"wp-block-list\"><li>Hern\u00e1n Vila egres\u00f3 como <strong>ingeniero agr\u00f3nomo<\/strong> de la Facultad de Ciencias Agrarias de la Universidad Nacional de Cuyo (UNCuyo).<\/li><li>Obtuvo el t\u00edtulo de <strong>Magister Scientiae en Viticultura y Enolog\u00eda<\/strong> en la Facultad de Ciencias Agrarias y en la \u00c9cole Nationale Agronom\u00edque de Montpellier, Francia.<\/li><li><strong>Doctor en Ciencias Biol\u00f3gicas<\/strong> con orientaci\u00f3n en Fisiolog\u00eda Vegetal del Programa de Posgrado en Biolog\u00eda (Probiol) de la UNCUYO.<\/li><li>Su calidad como investigador se hizo notable en el <strong>Laboratorio de Viticultura de la EEA Mendoza<\/strong>, en el que trabaj\u00f3 desde 2001 al 2015, a\u00f1o en que <strong>asumi\u00f3 la direcci\u00f3n de la Estaci\u00f3n Experimental Mendoza<\/strong>.<\/li><li>Hizo <strong>extensi\u00f3n vitivin\u00edcola<\/strong> en el marco del Programa Cambio Rural, en la EEA Mendoza (1993-1999).<\/li><li>Fue <strong>coordinador del Proyecto Regional INTA<\/strong> \u00abLa vitivinicultura en la Regi\u00f3n Centro Oeste argentina\u00bb y referente vitivin\u00edcola del Programa Nacional Frutales del INTA (2002-2005).<\/li><\/ul>\n\n\n\n<div style=\"height:20px\" aria-hidden=\"true\" class=\"wp-block-spacer\"><\/div>\n\n\n\n<div class=\"wp-block-image\"><figure class=\"aligncenter\"><img decoding=\"async\" src=\"http:\/\/fca.uncuyo.edu.ar\/cache\/hernan-vila_999_750.jpg\" alt=\"Falleci\u00f3 Hern\u00e1n Vila, ex docente de la Maestr\u00eda de Viticultura y Enolog\u00eda  en la FCA - Facultad de Ciencias Agrarias\"\/><\/figure><\/div>\n\n\n\n<div style=\"height:20px\" aria-hidden=\"true\" class=\"wp-block-spacer\"><\/div>\n\n\n\n<ul class=\"wp-block-list\"><li>Se desempe\u00f1\u00f3 como <strong>coordinador cient\u00edfico del Proyecto INTA, FCA-UNCuyo<\/strong> y Asociaci\u00f3n Argentina de Consorcios Regionales de Experimentaci\u00f3n Agr\u00edcola (Acrea), financiado por la Corporaci\u00f3n Vit\u00edcola Argentina (Coviar): \u00abDesarrollo de sistemas de manejo del vi\u00f1edo para optimizar la calidad y producci\u00f3n de uvas de vinificar y creaci\u00f3n de est\u00e1ndares de calidad de uva\u00bb (2005-2010).<\/li><li>Fue <strong>coordinador del Proyecto Nacional INTA<\/strong> \u00abAjuste de la tecnolog\u00eda de agricultura de precisi\u00f3n a la fruticultura\u00bb, en el marco del Programa Nacional Frutales del INTA (2007-2009) y del Proyecto Integrador \u00abIntensificaci\u00f3n sostenible de la fruticultura argentina\u00bb, en el marco del Programa Nacional Frutales INTA (2013-2015).<\/li><li>A nivel acad\u00e9mico, tambi\u00e9n fue <strong>profesor invitado en la Maestr\u00eda de Viticultura y Enolog\u00eda de la FCA-UNCUYO (2005 y 2012)<\/strong>, miembro de su Comit\u00e9 Acad\u00e9mico (2006-2008) y director de tesis de maestr\u00eda y doctorado. <\/li><li>Dirigi\u00f3 el grupo t\u00e9cnico que condujo la redacci\u00f3n del <strong>Plan Estrat\u00e9gico Vitivin\u00edcola (PEVI 2020) desde 1999 a  2002<\/strong> y luego continu\u00f3 con el dise\u00f1o del PEVI 2030, a continuaci\u00f3n reproducimos en peque\u00f1os videos, lo que \u00e9l mismo cont\u00f3 al respecto durante el desayuno de la Coviar de 2020.<\/li><\/ul>\n","protected":false},"excerpt":{"rendered":"<p>El jueves 8 de octubre de 2020, nuestro amigo Hern\u00e1n parti\u00f3 cuando a\u00fan ten\u00eda en&hellip;<\/p>\n","protected":false},"author":3,"featured_media":41762,"comment_status":"open","ping_status":"open","sticky":false,"template":"","format":"standard","meta":{"footnotes":""},"categories":[4],"tags":[],"class_list":["post-41321","post","type-post","status-publish","format-standard","has-post-thumbnail","hentry","category-protagonistas"],"_links":{"self":[{"href":"https:\/\/enolife.com.ar\/es\/wp-json\/wp\/v2\/posts\/41321","targetHints":{"allow":["GET"]}}],"collection":[{"href":"https:\/\/enolife.com.ar\/es\/wp-json\/wp\/v2\/posts"}],"about":[{"href":"https:\/\/enolife.com.ar\/es\/wp-json\/wp\/v2\/types\/post"}],"author":[{"embeddable":true,"href":"https:\/\/enolife.com.ar\/es\/wp-json\/wp\/v2\/users\/3"}],"replies":[{"embeddable":true,"href":"https:\/\/enolife.com.ar\/es\/wp-json\/wp\/v2\/comments?post=41321"}],"version-history":[{"count":0,"href":"https:\/\/enolife.com.ar\/es\/wp-json\/wp\/v2\/posts\/41321\/revisions"}],"wp:featuredmedia":[{"embeddable":true,"href":"https:\/\/enolife.com.ar\/es\/wp-json\/wp\/v2\/media\/41762"}],"wp:attachment":[{"href":"https:\/\/enolife.com.ar\/es\/wp-json\/wp\/v2\/media?parent=41321"}],"wp:term":[{"taxonomy":"category","embeddable":true,"href":"https:\/\/enolife.com.ar\/es\/wp-json\/wp\/v2\/categories?post=41321"},{"taxonomy":"post_tag","embeddable":true,"href":"https:\/\/enolife.com.ar\/es\/wp-json\/wp\/v2\/tags?post=41321"}],"curies":[{"name":"wp","href":"https:\/\/api.w.org\/{rel}","templated":true}]}}