{"id":41251,"date":"2021-08-01T18:36:34","date_gmt":"2021-08-01T18:36:34","guid":{"rendered":"http:\/\/enolife.com.ar\/es\/?p=41251"},"modified":"2021-08-03T16:25:47","modified_gmt":"2021-08-03T16:25:47","slug":"medida-anti-lobesia-para-vender-uva-en-provincias-no-viticolas-hay-que-inscribirse-ya-en-el-senasa","status":"publish","type":"post","link":"https:\/\/enolife.com.ar\/es\/medida-anti-lobesia-para-vender-uva-en-provincias-no-viticolas-hay-que-inscribirse-ya-en-el-senasa\/","title":{"rendered":"Medida anti-lobesia: para vender uva en provincias no vit\u00edcolas, hay que inscribirse ya en el Senasa"},"content":{"rendered":"\n<h4 class=\"wp-block-heading\"><em><strong>Hasta el 21 de agosto hay tiempo para que los productores y vendedores de uva en fresco se anoten en el registro del Servicio Nacional de Sanidad y Calidad Agroalimentaria (Senasa). Esta reglamentaci\u00f3n del Programa Nacional de Prevenci\u00f3n y Erradicaci\u00f3n de Lobesia botrana es para evitar la dispersi\u00f3n de la plaga com\u00fanmente llamada polilla de la vid. La inscripci\u00f3n es por correo electr\u00f3nico.<\/strong><\/em><\/h4>\n\n\n\n<div style=\"height:31px\" aria-hidden=\"true\" class=\"wp-block-spacer\"><\/div>\n\n\n<a href=\"https:\/\/www.instagram.com\/agroconciencia_\" aria-label=\"BANNER AGROCONCIENCIA 400X400\"><img loading=\"lazy\" decoding=\"async\" src=\"https:\/\/enolife.com.ar\/es\/wp-content\/uploads\/2020\/06\/BANNER-AGROCONCIENCIA-400X400-1.jpg\" alt=\"\"  srcset=\"https:\/\/enolife.com.ar\/es\/wp-content\/uploads\/2020\/06\/BANNER-AGROCONCIENCIA-400X400-1.jpg 400w, https:\/\/enolife.com.ar\/es\/wp-content\/uploads\/2020\/06\/BANNER-AGROCONCIENCIA-400X400-1-300x300.jpg 300w, https:\/\/enolife.com.ar\/es\/wp-content\/uploads\/2020\/06\/BANNER-AGROCONCIENCIA-400X400-1-150x150.jpg 150w\" sizes=\"auto, (max-width: 400px) 100vw, 400px\" width=\"400\" height=\"400\"   \/><\/a>\n\n\n<div style=\"height:48px\" aria-hidden=\"true\" class=\"wp-block-spacer\"><\/div>\n\n\n\n<p>El <strong>Servicio Nacional de Sanidad y Calidad Agroalimentaria (Senasa)<\/strong> record\u00f3 que hasta el <strong>20 de agosto de 2021<\/strong> hay tiempo para que los productores de <strong>uva en fresco<\/strong> de <strong>Mendoza<\/strong> y <strong>San Juan<\/strong> se inscriban en el <strong>Sistema de Medidas Integradas (SMI)<\/strong>, para as\u00ed poder comercializar la fruta en las provincias que no integran las regiones de <strong>Patagonia<\/strong>, <strong>Cuyo<\/strong> y el <strong>Noroeste<\/strong>, o sea las provincias argentinas donde la plaga no existe y por lo tanto debe cuidarse su instalaci\u00f3n y propagaci\u00f3n.<\/p>\n\n\n\n<p>Este a\u00f1o, debido a las medidas implementadas para combatir el coronavirus,&nbsp;la inscripci\u00f3n en el SMI se realiza de manera remota, a trav\u00e9s del env\u00edo de la documentaci\u00f3n necesaria v\u00eda correo electr\u00f3nico por parte de los productores, con plazo hasta el 21 de agosto pr\u00f3ximoo.<\/p>\n\n\n\n<p>Para realizar la inscripci\u00f3n, deber\u00e1n contactarse a los siguientes correos electr\u00f3nicos, de acuerdo a la provincia donde se encuentre su establecimiento productivo:<\/p>\n\n\n\n<p><strong>Para Mendoza:&nbsp;<a href=\"mailto:lobesiamendoza@senasa.gob.ar\">lobesiamendoza@senasa.gob.ar<\/a><br>Para San Juan:&nbsp;<a href=\"mailto:lobesiasj@senasa.gob.ar\">lobesiasj@senasa.gob.ar<\/a><\/strong><\/p>\n\n\n\n<p>El Senasa detall\u00f3 que&nbsp;si la uva en fresco producida en estas provincias cuyanas tienen como destino las regiones de la <strong>Patagonia Norte<\/strong> (R\u00edo Negro y Neuqu\u00e9n) y <strong>Sur<\/strong> (Chubut, Santa Cruz y Tierra del Fuego), <strong>Cuyo<\/strong> (Mendoza, San Juan y La Rioja) y <strong>Noroeste<\/strong> (Catamarca, Salta, Jujuy, Tucum\u00e1n y Santiago del Estero), los productores no pueden realizar movimientos de la fruta bajo este sistema<strong>.<\/strong><\/p>\n\n\n\n<p class=\"has-background has-luminous-vivid-amber-background-color\"><strong>Para esos destinos deben cumplir con el tratamiento cuarentenario de fumigaci\u00f3n con bromuro de metilo, de acuerdo a lo establecido en la normativa vigente.<\/strong><\/p>\n\n\n\n<p>Por \u00faltimo,&nbsp;los empaques, centros de distribuci\u00f3n y\/o frigor\u00edficos y fraccionadores, que reciban uvas provenientes de establecimientos agr\u00edcolas habilitados por esta medida, <strong>deber\u00e1n inscribirse hasta 15 d\u00edas antes de recibir la fruta.<\/strong><\/p>\n\n\n\n<div style=\"height:40px\" aria-hidden=\"true\" class=\"wp-block-spacer\"><\/div>\n","protected":false},"excerpt":{"rendered":"<p>Hasta el 21 de agosto hay tiempo para que los productores y vendedores de uva&hellip;<\/p>\n","protected":false},"author":3,"featured_media":41263,"comment_status":"open","ping_status":"open","sticky":false,"template":"","format":"standard","meta":{"footnotes":""},"categories":[5],"tags":[],"class_list":["post-41251","post","type-post","status-publish","format-standard","has-post-thumbnail","hentry","category-fincas"],"_links":{"self":[{"href":"https:\/\/enolife.com.ar\/es\/wp-json\/wp\/v2\/posts\/41251","targetHints":{"allow":["GET"]}}],"collection":[{"href":"https:\/\/enolife.com.ar\/es\/wp-json\/wp\/v2\/posts"}],"about":[{"href":"https:\/\/enolife.com.ar\/es\/wp-json\/wp\/v2\/types\/post"}],"author":[{"embeddable":true,"href":"https:\/\/enolife.com.ar\/es\/wp-json\/wp\/v2\/users\/3"}],"replies":[{"embeddable":true,"href":"https:\/\/enolife.com.ar\/es\/wp-json\/wp\/v2\/comments?post=41251"}],"version-history":[{"count":0,"href":"https:\/\/enolife.com.ar\/es\/wp-json\/wp\/v2\/posts\/41251\/revisions"}],"wp:featuredmedia":[{"embeddable":true,"href":"https:\/\/enolife.com.ar\/es\/wp-json\/wp\/v2\/media\/41263"}],"wp:attachment":[{"href":"https:\/\/enolife.com.ar\/es\/wp-json\/wp\/v2\/media?parent=41251"}],"wp:term":[{"taxonomy":"category","embeddable":true,"href":"https:\/\/enolife.com.ar\/es\/wp-json\/wp\/v2\/categories?post=41251"},{"taxonomy":"post_tag","embeddable":true,"href":"https:\/\/enolife.com.ar\/es\/wp-json\/wp\/v2\/tags?post=41251"}],"curies":[{"name":"wp","href":"https:\/\/api.w.org\/{rel}","templated":true}]}}