{"id":4124,"date":"2019-10-11T12:39:04","date_gmt":"2019-10-11T12:39:04","guid":{"rendered":"http:\/\/enolife.com.ar\/es\/?p=4124"},"modified":"2019-10-16T02:53:42","modified_gmt":"2019-10-16T02:53:42","slug":"ante-las-nuevas-practicas-y-escenarios-vitivinicolas-debaten-si-es-necesario-modificar-la-ley-de-vinos-de-1959","status":"publish","type":"post","link":"https:\/\/enolife.com.ar\/es\/ante-las-nuevas-practicas-y-escenarios-vitivinicolas-debaten-si-es-necesario-modificar-la-ley-de-vinos-de-1959\/","title":{"rendered":"Ante las nuevas pr\u00e1cticas y escenarios vitivin\u00edcolas, debaten si es necesario  modificar la Ley de Vinos de 1959"},"content":{"rendered":"\n<h4 class=\"wp-block-heading\"><em><strong>El 17 de setiembre pasado se realiz\u00f3 un encuentro, organizado por la Universidad Maza y el Foro Diplom\u00e1tico de Mendoza, en busca de consenso para impulsar una nueva legislaci\u00f3n que se adapte a la actualidad. Dirigentes vitivin\u00edcolas, empresarios, t\u00e9cnicos, productores, pol\u00edticos y diplom\u00e1ticos analizaron las tendencias y cambios de paradigmas. El 12 de noviembre habr\u00e1 una segunda reuni\u00f3n, tambi\u00e9n en la sede de la Universidad Maza.  <\/strong><\/em><\/h4>\n\n\n\n<div style=\"height:57px\" aria-hidden=\"true\" class=\"wp-block-spacer\"><\/div>\n\n\n\n<p>En el encuentro hubo un marcado consenso sobre que, despu\u00e9s de 60 a\u00f1os de sancionada la actual Ley N\u00ba 14.878, se han producido numerosos cambios a nivel nacional e internacional y en la gesti\u00f3n de los organismos estatales de regulaci\u00f3n, como el Instituto Nacional de Vitivinicultura en Argentina. Ese organismo fue instituido, justamente, por dicha ley de 1959. <\/p>\n\n\n\n<p>Por este motivo, se plante\u00f3 la necesidad de una nueva propuesta que cuente con el mayor consenso posible, vali\u00e9ndose de los aportes y experiencias de especialistas de otros pa\u00edses productores como Francia, Espa\u00f1a y Chile. Se analiz\u00f3 que deben considerarse las caracter\u00edsticas culturales de la actividad, con su impacto pol\u00edtico y social, superando el enfoque meramente econ\u00f3mico y adapt\u00e1ndose a la actualidad y a las demandas de los consumidores a trav\u00e9s de un cambio de paradigma. <\/p>\n\n\n\n<p>Si bien no hubo una coincidencia sobre c\u00f3mo deber\u00eda ser legislado en concreto el<em> <\/em>tema, se propusieron diversos aspectos a tener en cuenta en una futura reforma, tales como:<\/p>\n\n\n\n<ul class=\"wp-block-list\"><li>Nueva vitivinicultura de mayor productividad y mejor equidad<\/li><li> Rol del INV como promotor de la actividad<\/li><li>Distinci\u00f3n de las acciones de las distintas subcadenas<\/li><\/ul>\n\n\n\n<p>Tambi\u00e9n se plantearon algunos interrogantes \u00fatiles para el an\u00e1lisis: <\/p>\n\n\n\n<ul class=\"wp-block-list\"><li>Diversificaci\u00f3n de productos<\/li><li> Vinificaci\u00f3n diferida<\/li><li> Eliminaci\u00f3n del grado alcoh\u00f3lico<\/li><li>Contralor del INV para agilizar el tr\u00e1fico comercial<\/li><li>Redefinici\u00f3n del vino genuino<\/li><li>Cambio clim\u00e1tico<\/li><li>R\u00e9gimen infractorio<\/li><li>Participaci\u00f3n de las provincias productoras en el INV<\/li><li> Innovaci\u00f3n<\/li><\/ul>\n\n\n\n<p>En definitiva, se trat\u00f3 del primer paso de muchos otros posibles que deben darse para avanzar en una tarea fundamental para la industria y la econom\u00eda regional. <\/p>\n\n\n\n<p>Los presentes valoraron la iniciativa de la Facultad de Enolog\u00eda y Agroindustrias de la Universidad Maza y del Foro Diplom\u00e1tico en Mendoza y propusieron la realizaci\u00f3n de nuevos espacios similares para ir transitando este camino. En ese sentido, se ha organizado un segundo encuentro para el 12 de noviembre de 2019 en el auditorio de la Universidad Juan Agust\u00edn Maza.<\/p>\n\n\n\n<p class=\"has-medium-font-size\"><strong>\u00bfEs momento para actualizar la Ley de Vinos?<\/strong><\/p>\n\n\n\n<p class=\"has-background has-very-light-gray-background-color\">El ciclo de encuentros es auspiciado por el diario vitivin\u00edcola <strong>Enolife<\/strong>, el diario <strong>MDZ online<\/strong>, el diario digital de negocios <strong>EcoCuyo<\/strong> y el <strong>Grupo Am\u00e9rica<\/strong> de medios.<\/p>\n\n\n\n<p> La actividad se desarroll\u00f3 a trav\u00e9s de tres paneles: <\/p>\n\n\n\n<p class=\"has-background has-very-light-gray-background-color\"><strong>El panel inicial: \u00abNormativa comparada\u00bb  <\/strong><\/p>\n\n\n\n<ul class=\"wp-block-list\"><li>R\u00e9gimen legal en Francia:  C\u00f3nsul de Francia (MC) Ing. Paul Burlot.<\/li><li>R\u00e9gimen legal en Chile: C\u00f3nsul General Adjunto de Chile, Mgter. Gonzalo Figueroa. <\/li><li>Espa\u00f1a: Vicepresidente de AIDV Asociaci\u00f3n Internacional de Derecho de la Vid y del Vino, realizado por video conferencia. <\/li><\/ul>\n\n\n\n<p class=\"has-background has-very-light-gray-background-color\"><strong>El segundo panel: \u00abModificaciones a la ley de vinos\u00bb:<\/strong><\/p>\n\n\n\n<ul class=\"wp-block-list\"><li>PhD Ing. Aldo Biondolillo. <\/li><li>Lic. Jos\u00e9 Pedro G\u00f3mez, conjuntamente con Lic. Miguel Mastropietro y Lic. Pablo A. Blasco.<\/li><li>Dra. Carolina Garc\u00eda.  <\/li><li>Dr. Luis Salvo.  <\/li><li>Dr. Ricardo Poccioni.<\/li><\/ul>\n\n\n\n<p class=\"has-background has-very-light-gray-background-color\"><strong>El panel final, \u00abConclusiones\u00bb, estuvo a cargo del Emb. (mc) Carlos E. Abihaggle<\/strong>.<\/p>\n\n\n\n<p class=\"has-small-font-size\"><em><strong>Fuente: Foro Diplom\u00e1tico de Mendoza<\/strong><\/em><\/p>\n","protected":false},"excerpt":{"rendered":"<p>El 17 de setiembre pasado se realiz\u00f3 un encuentro, organizado por la Universidad Maza y&hellip;<\/p>\n","protected":false},"author":2,"featured_media":4136,"comment_status":"open","ping_status":"open","sticky":false,"template":"","format":"standard","meta":{"footnotes":""},"categories":[14],"tags":[],"class_list":["post-4124","post","type-post","status-publish","format-standard","has-post-thumbnail","hentry","category-news"],"_links":{"self":[{"href":"https:\/\/enolife.com.ar\/es\/wp-json\/wp\/v2\/posts\/4124","targetHints":{"allow":["GET"]}}],"collection":[{"href":"https:\/\/enolife.com.ar\/es\/wp-json\/wp\/v2\/posts"}],"about":[{"href":"https:\/\/enolife.com.ar\/es\/wp-json\/wp\/v2\/types\/post"}],"author":[{"embeddable":true,"href":"https:\/\/enolife.com.ar\/es\/wp-json\/wp\/v2\/users\/2"}],"replies":[{"embeddable":true,"href":"https:\/\/enolife.com.ar\/es\/wp-json\/wp\/v2\/comments?post=4124"}],"version-history":[{"count":0,"href":"https:\/\/enolife.com.ar\/es\/wp-json\/wp\/v2\/posts\/4124\/revisions"}],"wp:featuredmedia":[{"embeddable":true,"href":"https:\/\/enolife.com.ar\/es\/wp-json\/wp\/v2\/media\/4136"}],"wp:attachment":[{"href":"https:\/\/enolife.com.ar\/es\/wp-json\/wp\/v2\/media?parent=4124"}],"wp:term":[{"taxonomy":"category","embeddable":true,"href":"https:\/\/enolife.com.ar\/es\/wp-json\/wp\/v2\/categories?post=4124"},{"taxonomy":"post_tag","embeddable":true,"href":"https:\/\/enolife.com.ar\/es\/wp-json\/wp\/v2\/tags?post=4124"}],"curies":[{"name":"wp","href":"https:\/\/api.w.org\/{rel}","templated":true}]}}