{"id":40933,"date":"2021-07-31T15:57:46","date_gmt":"2021-07-31T15:57:46","guid":{"rendered":"http:\/\/enolife.com.ar\/es\/?p=40933"},"modified":"2021-08-03T15:36:53","modified_gmt":"2021-08-03T15:36:53","slug":"alfredo-aciar-titular-del-banco-de-vinos-se-logro-incrementar-el-precio-de-la-uva-en-la-cosecha","status":"publish","type":"post","link":"https:\/\/enolife.com.ar\/es\/alfredo-aciar-titular-del-banco-de-vinos-se-logro-incrementar-el-precio-de-la-uva-en-la-cosecha\/","title":{"rendered":"Alfredo Aciar, titular del Banco de Vinos: \u00abSe logr\u00f3 incrementar el precio de la uva en la cosecha\u00bb"},"content":{"rendered":"\n<h4 class=\"wp-block-heading\"><em><strong>El director de la entidad creada en agosto de 2020 por el gobierno de Mendoza con la finalidad establecida por ley de \u00abdarle mayor estabilidad y sostenibilidad al sector vitivin\u00edcola al mantener los stocks v\u00ednicos entre 4 y 5 meses de comercializaci\u00f3n (despachos al consumo interno m\u00e1s exportaciones)\u00bb, present\u00f3 su informe semestral en la Legislatura provincial. Alfredo Aciar hizo un repaso de todas las acciones realizadas desde que se puso en marcha el organismo.<\/strong><\/em><\/h4>\n\n\n\n<div style=\"height:20px\" aria-hidden=\"true\" class=\"wp-block-spacer\"><\/div>\n\n\n\n\n\n<div style=\"height:47px\" aria-hidden=\"true\" class=\"wp-block-spacer\"><\/div>\n\n\n\n<p>El <strong>Banco de Vinos<\/strong> de <strong>Mendoza<\/strong>, dependiente del <strong>Ministerio de Econom\u00eda y Energ\u00eda<\/strong> de la provincia, dio detalles sobre sus primeros seis meses de gesti\u00f3n ante las comisiones de Econom\u00eda y Comercio Exterior de la <strong>Legislatura<\/strong> provincial.<\/p>\n\n\n\n<p>La presentaci\u00f3n, que estuvo a cargo del director ejecutivo de la entidad, <strong>Alfredo Aciar<\/strong>, responde a lo que establece el inciso 11, del art\u00edculo 5, de la<strong> <a href=\"https:\/\/enolife.com.ar\/es\/la-creacion-del-banco-de-vinos-de-mendoza-ya-es-ley\/\">Ley 9.245<\/a> <\/strong>impulsada desde la cartera econ\u00f3mica de Mendoza.<\/p>\n\n\n\n<p>Al inicio, el funcionario hizo un repaso de las primeras medidas en materia jur\u00eddica del organismo dedicado a la estabilizaci\u00f3n del stock v\u00ednico en Mendoza. Luego, destac\u00f3 los diferentes operativos impulsados desde la cartera econ\u00f3mica, a cargo del ministro <strong>Enrique Vaqui\u00e9<\/strong>. Al respecto, Aciar dijo: <em>\u00abFueron muy buenos operativos. Se logr\u00f3 incrementar los precios de la uva durante la cosecha\u00bb.<\/em><\/p>\n\n\n\n<p>Tras brindar detalles de los resultados en las \u00faltimas reuniones que ha venido manteniendo el <strong>Consejo Asesor<\/strong> del Banco de Vinos, Aciar respondi\u00f3 a las preguntas de los legisladores. El senador peronista <strong>Bartolom\u00e9 Robles<\/strong> consult\u00f3 sobre los fundamentos de la ley y los objetivos que se persiguen desde su aprobaci\u00f3n en la Legislatura provincial.<\/p>\n\n\n\n<p>En este sentido, el legislador oriundo de San Mart\u00edn hizo hincapi\u00e9 en la necesidad de conocer cu\u00e1les han sido los objetivos que se han logrado alcanzar en estos primeros meses de trabajo del Banco de Vinos. Por otro lado, Robles consult\u00f3 sobre cu\u00e1les son los pasos a seguir en caso que las grandes bodegas traigan vino a granel de otras provincias. Al respecto, Aciar destac\u00f3 que no est\u00e1 contemplado dentro de lo que establece la ley.<\/p>\n\n\n\n<p>Consultado Aciar sobre si cree conveniente avanzar con una intervenci\u00f3n para salir a captar vinos, coment\u00f3: <em>\u00abEs apresurado hacerlo ahora. Est\u00e1n por comenzar a cosechar en el hemisferio Norte y hay que ver c\u00f3mo va a impactar eso en los mercados. El objetivo es equilibrar la distribuci\u00f3n de la renta y para ello me gustar\u00eda que siempre sea bajo el consenso de todos los miembros del Consejo Asesor. Ahora bien, si en la reuni\u00f3n pr\u00f3xima todos los consejeros nos dicen que debemos intervenir, lo haremos<\/em>\u00ab.<\/p>\n\n\n\n<div style=\"height:20px\" aria-hidden=\"true\" class=\"wp-block-spacer\"><\/div>\n\n\n\n<blockquote class=\"wp-block-quote is-layout-flow wp-block-quote-is-layout-flow\"><p>Es apresurado salir a captar vinos ahora. Est\u00e1n por comenzar a cosechar en el hemisferio Norte y hay que ver c\u00f3mo va a impactar eso en los mercados\u00bb.<\/p><cite>Alfredo Aciar, titular del Banco de Vinos<\/cite><\/blockquote>\n\n\n\n<div style=\"height:20px\" aria-hidden=\"true\" class=\"wp-block-spacer\"><\/div>\n\n\n\n<p>Por su parte, la senadora <strong>Florencia Canali<\/strong>, tambi\u00e9n del PJ, inst\u00f3 a las autoridades del Banco de Vinos a impulsar una campa\u00f1a de difusi\u00f3n que permita llegar con los beneficios de la herramienta a contratistas de toda la provincia. <em>\u00abMuchos contratistas reciben parte de la paga en vino y muchas veces no saben qu\u00e9 hacer con \u00e9l. Es muy necesario que ellos puedan acceder a la informaci\u00f3n sobre cu\u00e1les son los beneficios a los que pueden acceder<\/em>\u00ab, enfatiz\u00f3.<\/p>\n\n\n\n<p>Algunos de los legisladores se mostraron disconformes con la diferencia de precios de referencia establecidos para las distintas regiones vitivin\u00edcolas en el marco del \u00faltimo operativo impulsado por el gobierno de Mendoza. En este sentido, Aciar se\u00f1al\u00f3 que el gobierno no ha hecho diferencias sino que es el propio mercado el que las establece.<\/p>\n\n\n\n<p>Al cierre del encuentro, Aciar destac\u00f3: <em>\u00abHemos cumplido con lo que manda la ley. Primeramente, el informe fue enviado por escrito y luego vinimos a exponerlo presencialmente&#8230; Por otro lado, quiero agradecer el tratamiento realizado por parte de los senadores en el marco del encuentro, me sent\u00ed muy a gusto\u00bb<\/em>.<\/p>\n\n\n\n<div style=\"height:31px\" aria-hidden=\"true\" class=\"wp-block-spacer\"><\/div>\n\n\n\n<p class=\"has-small-font-size\"><em><strong>Fuente: Gobierno de Mendoza<\/strong><\/em><\/p>\n","protected":false},"excerpt":{"rendered":"<p>El director de la entidad creada en agosto de 2020 por el gobierno de Mendoza&hellip;<\/p>\n","protected":false},"author":3,"featured_media":41204,"comment_status":"open","ping_status":"open","sticky":false,"template":"","format":"standard","meta":{"footnotes":""},"categories":[14],"tags":[],"class_list":["post-40933","post","type-post","status-publish","format-standard","has-post-thumbnail","hentry","category-news"],"_links":{"self":[{"href":"https:\/\/enolife.com.ar\/es\/wp-json\/wp\/v2\/posts\/40933","targetHints":{"allow":["GET"]}}],"collection":[{"href":"https:\/\/enolife.com.ar\/es\/wp-json\/wp\/v2\/posts"}],"about":[{"href":"https:\/\/enolife.com.ar\/es\/wp-json\/wp\/v2\/types\/post"}],"author":[{"embeddable":true,"href":"https:\/\/enolife.com.ar\/es\/wp-json\/wp\/v2\/users\/3"}],"replies":[{"embeddable":true,"href":"https:\/\/enolife.com.ar\/es\/wp-json\/wp\/v2\/comments?post=40933"}],"version-history":[{"count":0,"href":"https:\/\/enolife.com.ar\/es\/wp-json\/wp\/v2\/posts\/40933\/revisions"}],"wp:featuredmedia":[{"embeddable":true,"href":"https:\/\/enolife.com.ar\/es\/wp-json\/wp\/v2\/media\/41204"}],"wp:attachment":[{"href":"https:\/\/enolife.com.ar\/es\/wp-json\/wp\/v2\/media?parent=40933"}],"wp:term":[{"taxonomy":"category","embeddable":true,"href":"https:\/\/enolife.com.ar\/es\/wp-json\/wp\/v2\/categories?post=40933"},{"taxonomy":"post_tag","embeddable":true,"href":"https:\/\/enolife.com.ar\/es\/wp-json\/wp\/v2\/tags?post=40933"}],"curies":[{"name":"wp","href":"https:\/\/api.w.org\/{rel}","templated":true}]}}