{"id":40723,"date":"2021-07-28T20:39:06","date_gmt":"2021-07-28T20:39:06","guid":{"rendered":"http:\/\/enolife.com.ar\/es\/?p=40723"},"modified":"2021-07-31T15:55:55","modified_gmt":"2021-07-31T15:55:55","slug":"la-exportacion-de-bonarda-crecio-27-en-valor-y-76-en-volumen-de-2019-a-2020","status":"publish","type":"post","link":"https:\/\/enolife.com.ar\/es\/la-exportacion-de-bonarda-crecio-27-en-valor-y-76-en-volumen-de-2019-a-2020\/","title":{"rendered":"La exportaci\u00f3n de bonarda creci\u00f3 27% en valor y 76% en volumen de 2019 a 2020"},"content":{"rendered":"\n<h4 class=\"wp-block-heading\"><em><strong>La segunda variedad de uva tinta m\u00e1s producida en Argentina se posiciona lentamente en el mercado externo, con 5,6 millones de litros exportados el a\u00f1o anterior por un valor de U$S 9 millones e Irlanda como principal destino, con el 31,86% del total. <\/strong><\/em><\/h4>\n\n\n\n<div style=\"height:25px\" aria-hidden=\"true\" class=\"wp-block-spacer\"><\/div>\n\n\n\n\n\n<div style=\"height:39px\" aria-hidden=\"true\" class=\"wp-block-spacer\"><\/div>\n\n\n\n<p>Con motivo de la celebraci\u00f3n propuesta por el <strong>Fondo Vitivin\u00edcola Mendoza<\/strong> de la <strong>Semana del Bonarda Argentino<\/strong>, del 2 al 8 de agosto, el <strong>Observatorio Vitivin\u00edcola Argentino (OVA)<\/strong>, de la <strong>Corporaci\u00f3n Vitivin\u00edcola Argentina (Coviar)<\/strong>, elabor\u00f3 una serie de infograf\u00edas con datos actualizados que permiten entender la evoluci\u00f3n de la variedad en los <strong>\u00faltimos 10 a\u00f1os<\/strong>, la que aqu\u00ed reproducimos.<\/p>\n\n\n\n<div style=\"height:48px\" aria-hidden=\"true\" class=\"wp-block-spacer\"><\/div>\n\n\n\n<div class=\"wp-block-image\"><figure class=\"aligncenter size-large is-resized\"><img loading=\"lazy\" decoding=\"async\" src=\"https:\/\/enolife.com.ar\/es\/wp-content\/uploads\/2021\/07\/bonarda-21-NOTA-01-SUPERFICIE-644x1024.jpg\" alt=\"\" class=\"wp-image-40725\" width=\"563\" height=\"895\" srcset=\"https:\/\/enolife.com.ar\/es\/wp-content\/uploads\/2021\/07\/bonarda-21-NOTA-01-SUPERFICIE-644x1024.jpg 644w, https:\/\/enolife.com.ar\/es\/wp-content\/uploads\/2021\/07\/bonarda-21-NOTA-01-SUPERFICIE-189x300.jpg 189w, https:\/\/enolife.com.ar\/es\/wp-content\/uploads\/2021\/07\/bonarda-21-NOTA-01-SUPERFICIE-585x930.jpg 585w, https:\/\/enolife.com.ar\/es\/wp-content\/uploads\/2021\/07\/bonarda-21-NOTA-01-SUPERFICIE.jpg 730w\" sizes=\"auto, (max-width: 563px) 100vw, 563px\" \/><\/figure><\/div>\n\n\n\n<div class=\"wp-block-image\"><figure class=\"aligncenter size-large is-resized\"><img loading=\"lazy\" decoding=\"async\" src=\"https:\/\/enolife.com.ar\/es\/wp-content\/uploads\/2021\/07\/bonarda-21-NOTA-02-COSECHA.jpg\" alt=\"\" class=\"wp-image-40726\" width=\"562\" height=\"634\" srcset=\"https:\/\/enolife.com.ar\/es\/wp-content\/uploads\/2021\/07\/bonarda-21-NOTA-02-COSECHA.jpg 730w, https:\/\/enolife.com.ar\/es\/wp-content\/uploads\/2021\/07\/bonarda-21-NOTA-02-COSECHA-265x300.jpg 265w, https:\/\/enolife.com.ar\/es\/wp-content\/uploads\/2021\/07\/bonarda-21-NOTA-02-COSECHA-585x661.jpg 585w\" sizes=\"auto, (max-width: 562px) 100vw, 562px\" \/><\/figure><\/div>\n\n\n\n<div class=\"wp-block-image\"><figure class=\"aligncenter size-large is-resized\"><img loading=\"lazy\" decoding=\"async\" src=\"https:\/\/enolife.com.ar\/es\/wp-content\/uploads\/2021\/07\/bonarda-21-NOTA-03-PRECIOS-486x1024.jpg\" alt=\"\" class=\"wp-image-40727\" width=\"564\" height=\"1188\" srcset=\"https:\/\/enolife.com.ar\/es\/wp-content\/uploads\/2021\/07\/bonarda-21-NOTA-03-PRECIOS-486x1024.jpg 486w, https:\/\/enolife.com.ar\/es\/wp-content\/uploads\/2021\/07\/bonarda-21-NOTA-03-PRECIOS-142x300.jpg 142w, https:\/\/enolife.com.ar\/es\/wp-content\/uploads\/2021\/07\/bonarda-21-NOTA-03-PRECIOS-729x1536.jpg 729w, https:\/\/enolife.com.ar\/es\/wp-content\/uploads\/2021\/07\/bonarda-21-NOTA-03-PRECIOS-585x1233.jpg 585w, https:\/\/enolife.com.ar\/es\/wp-content\/uploads\/2021\/07\/bonarda-21-NOTA-03-PRECIOS.jpg 730w\" sizes=\"auto, (max-width: 564px) 100vw, 564px\" \/><\/figure><\/div>\n\n\n\n<div class=\"wp-block-image\"><figure class=\"aligncenter size-large is-resized\"><img loading=\"lazy\" decoding=\"async\" src=\"https:\/\/enolife.com.ar\/es\/wp-content\/uploads\/2021\/07\/bonarda-21-NOTA-04-INTERNO-1.jpg\" alt=\"\" class=\"wp-image-40728\" width=\"580\" height=\"792\" srcset=\"https:\/\/enolife.com.ar\/es\/wp-content\/uploads\/2021\/07\/bonarda-21-NOTA-04-INTERNO-1.jpg 730w, https:\/\/enolife.com.ar\/es\/wp-content\/uploads\/2021\/07\/bonarda-21-NOTA-04-INTERNO-1-220x300.jpg 220w, https:\/\/enolife.com.ar\/es\/wp-content\/uploads\/2021\/07\/bonarda-21-NOTA-04-INTERNO-1-585x799.jpg 585w\" sizes=\"auto, (max-width: 580px) 100vw, 580px\" \/><\/figure><\/div>\n\n\n\n<div class=\"wp-block-image\"><figure class=\"aligncenter size-large is-resized\"><img loading=\"lazy\" decoding=\"async\" src=\"https:\/\/enolife.com.ar\/es\/wp-content\/uploads\/2021\/07\/bonarda-21-NOTA-05-EXTERNO-A-585x1024.jpg\" alt=\"\" class=\"wp-image-40729\" width=\"580\" height=\"1016\" srcset=\"https:\/\/enolife.com.ar\/es\/wp-content\/uploads\/2021\/07\/bonarda-21-NOTA-05-EXTERNO-A-585x1024.jpg 585w, https:\/\/enolife.com.ar\/es\/wp-content\/uploads\/2021\/07\/bonarda-21-NOTA-05-EXTERNO-A-171x300.jpg 171w, https:\/\/enolife.com.ar\/es\/wp-content\/uploads\/2021\/07\/bonarda-21-NOTA-05-EXTERNO-A.jpg 730w\" sizes=\"auto, (max-width: 580px) 100vw, 580px\" \/><\/figure><\/div>\n\n\n\n<div class=\"wp-block-image\"><figure class=\"aligncenter size-large is-resized\"><img loading=\"lazy\" decoding=\"async\" src=\"https:\/\/enolife.com.ar\/es\/wp-content\/uploads\/2021\/07\/bonarda-21-NOTA-05-EXTERNO-B-424x1024.jpg\" alt=\"\" class=\"wp-image-40730\" width=\"578\" height=\"1396\" srcset=\"https:\/\/enolife.com.ar\/es\/wp-content\/uploads\/2021\/07\/bonarda-21-NOTA-05-EXTERNO-B-424x1024.jpg 424w, https:\/\/enolife.com.ar\/es\/wp-content\/uploads\/2021\/07\/bonarda-21-NOTA-05-EXTERNO-B-124x300.jpg 124w\" sizes=\"auto, (max-width: 578px) 100vw, 578px\" \/><\/figure><\/div>\n\n\n\n<div style=\"height:38px\" aria-hidden=\"true\" class=\"wp-block-spacer\"><\/div>\n","protected":false},"excerpt":{"rendered":"<p>La segunda variedad de uva tinta m\u00e1s producida en Argentina se posiciona lentamente en el&hellip;<\/p>\n","protected":false},"author":3,"featured_media":40808,"comment_status":"open","ping_status":"open","sticky":false,"template":"","format":"standard","meta":{"footnotes":""},"categories":[9],"tags":[],"class_list":["post-40723","post","type-post","status-publish","format-standard","has-post-thumbnail","hentry","category-negocios"],"_links":{"self":[{"href":"https:\/\/enolife.com.ar\/es\/wp-json\/wp\/v2\/posts\/40723","targetHints":{"allow":["GET"]}}],"collection":[{"href":"https:\/\/enolife.com.ar\/es\/wp-json\/wp\/v2\/posts"}],"about":[{"href":"https:\/\/enolife.com.ar\/es\/wp-json\/wp\/v2\/types\/post"}],"author":[{"embeddable":true,"href":"https:\/\/enolife.com.ar\/es\/wp-json\/wp\/v2\/users\/3"}],"replies":[{"embeddable":true,"href":"https:\/\/enolife.com.ar\/es\/wp-json\/wp\/v2\/comments?post=40723"}],"version-history":[{"count":0,"href":"https:\/\/enolife.com.ar\/es\/wp-json\/wp\/v2\/posts\/40723\/revisions"}],"wp:featuredmedia":[{"embeddable":true,"href":"https:\/\/enolife.com.ar\/es\/wp-json\/wp\/v2\/media\/40808"}],"wp:attachment":[{"href":"https:\/\/enolife.com.ar\/es\/wp-json\/wp\/v2\/media?parent=40723"}],"wp:term":[{"taxonomy":"category","embeddable":true,"href":"https:\/\/enolife.com.ar\/es\/wp-json\/wp\/v2\/categories?post=40723"},{"taxonomy":"post_tag","embeddable":true,"href":"https:\/\/enolife.com.ar\/es\/wp-json\/wp\/v2\/tags?post=40723"}],"curies":[{"name":"wp","href":"https:\/\/api.w.org\/{rel}","templated":true}]}}