{"id":40482,"date":"2021-07-27T02:59:07","date_gmt":"2021-07-27T02:59:07","guid":{"rendered":"http:\/\/enolife.com.ar\/es\/?p=40482"},"modified":"2023-01-20T01:03:28","modified_gmt":"2023-01-20T01:03:28","slug":"la-patrona-de-los-vinedos-viaja-a-los-oasis-de-mendoza-de-la-mano-de-avm-y-la-artista-marta-moyano","status":"publish","type":"post","link":"https:\/\/enolife.com.ar\/es\/la-patrona-de-los-vinedos-viaja-a-los-oasis-de-mendoza-de-la-mano-de-avm-y-la-artista-marta-moyano\/","title":{"rendered":"La Patrona de los Vi\u00f1edos viaja a los oasis de Mendoza de la mano de AVM y la artista Marta Moyano"},"content":{"rendered":"\n<h4 class=\"wp-block-heading\"><em><strong>Con la intenci\u00f3n de llevar con un mensaje de salud, paz y trabajo a los 4 oasis de la provincia, la Asociaci\u00f3n de Vi\u00f1ateros de Mendoza (AVM) emplazar\u00e1  en el corriente a\u00f1o 4 im\u00e1genes de la Virgen de la Carrodilla, Patrona de los Vi\u00f1edos. Las murales de cer\u00e1mica, de 1,60 m de alto por 1 m de ancho, realizados con la t\u00e9cnica de may\u00f3licas, est\u00e1n en proceso de culminaci\u00f3n a cargo de la reconocida ceramista mendocina Marta Isabel Moyano.<\/strong><\/em> <\/h4>\n\n\n\n<div style=\"height:20px\" aria-hidden=\"true\" class=\"wp-block-spacer\"><\/div>\n\n\n<a href=\"https:\/\/www.linkedin.com\/company\/agrinet-sa\/?originalSubdomain=ar\" aria-label=\"1700X500\"><img loading=\"lazy\" decoding=\"async\" src=\"https:\/\/enolife.com.ar\/es\/wp-content\/uploads\/2021\/11\/1700X500.gif\" alt=\"\"  width=\"1700\" height=\"500\"   \/><\/a>\n\n\n<div style=\"height:49px\" aria-hidden=\"true\" class=\"wp-block-spacer\"><\/div>\n\n\n<div class=\"wp-block-image\">\n<figure class=\"alignleft size-large is-resized\"><img loading=\"lazy\" decoding=\"async\" src=\"https:\/\/enolife.com.ar\/es\/wp-content\/uploads\/2021\/07\/1_SJmG29k9pr5R0MoAH_IiAQ.jpeg\" alt=\"\" class=\"wp-image-40558\" width=\"175\" height=\"233\" srcset=\"https:\/\/enolife.com.ar\/es\/wp-content\/uploads\/2021\/07\/1_SJmG29k9pr5R0MoAH_IiAQ.jpeg 700w, https:\/\/enolife.com.ar\/es\/wp-content\/uploads\/2021\/07\/1_SJmG29k9pr5R0MoAH_IiAQ-225x300.jpeg 225w, https:\/\/enolife.com.ar\/es\/wp-content\/uploads\/2021\/07\/1_SJmG29k9pr5R0MoAH_IiAQ-585x780.jpeg 585w\" sizes=\"auto, (max-width: 175px) 100vw, 175px\" \/><figcaption class=\"wp-element-caption\"><strong><em>Marta Isabel Moyano<\/em><\/strong><\/figcaption><\/figure><\/div>\n\n\n<p>La obra de la artista pl\u00e1stica <strong>Marta Isabel Moyano<\/strong> consta de 4 murales similares, pintados sobre cer\u00e1mica, y constituyen un homenaje cultural y religioso a la venerada Virgen patrona de los vi\u00f1ateros. Gracias a <strong>AVM<\/strong>, la entidad vitivin\u00edcola con sede en San Mart\u00edn que nuclea a productores y trabajadores vitivin\u00edcolas, las piezas ser\u00e1n entronizadas en puntos a determinar de los oasis productivos de la provincia: <strong>Sur, Valle de Uco, Lavalle y Zona Este.<\/strong><\/p>\n\n\n\n<p><strong>Marta&nbsp;Moyano<\/strong> cuenta con una trayectoria creativa de 33 a\u00f1os. Es ceramista egresada de la Facultad de Artes de la <strong>UNCuyo<\/strong>, con posgrado en la Universidad de <strong>Faenza, Italia.<\/strong> Su especialidad son los revestimientos, pero su devoci\u00f3n la ha llevado a transitar la imaginar\u00eda religiosa.<\/p>\n\n\n\n<div style=\"height:20px\" aria-hidden=\"true\" class=\"wp-block-spacer\"><\/div>\n\n\n\n<p>\u00abLos hago con mucho respeto. El rostro de un santo o una virgen tiene que sacar, de su creador, una oraci\u00f3n o un agradecimiento. Tiene grandes dificultades t\u00e9cnicas, una de las principales, al trabajar en la cer\u00e1mica, es que no se puede borrar lo ya dibujado\u00bb, asegura Marta, quien dise\u00f1a en su taller cada una de las piezas encomendadas por la Asociaci\u00f3n de Vi\u00f1ateros de Mendoza.<\/p>\n\n\n\n<div style=\"height:30px\" aria-hidden=\"true\" class=\"wp-block-spacer\"><\/div>\n\n\n\n<figure class=\"wp-block-gallery has-nested-images columns-default is-cropped wp-block-gallery-1 is-layout-flex wp-block-gallery-is-layout-flex\">\n<figure class=\"wp-block-image size-large\"><img loading=\"lazy\" decoding=\"async\" width=\"799\" height=\"1024\" data-id=\"40487\" src=\"https:\/\/enolife.com.ar\/es\/wp-content\/uploads\/2021\/07\/167878828_3901934486518980_6688088632298451236_n-799x1024.jpg\" alt=\"\" class=\"wp-image-40487\" srcset=\"https:\/\/enolife.com.ar\/es\/wp-content\/uploads\/2021\/07\/167878828_3901934486518980_6688088632298451236_n-799x1024.jpg 799w, https:\/\/enolife.com.ar\/es\/wp-content\/uploads\/2021\/07\/167878828_3901934486518980_6688088632298451236_n-234x300.jpg 234w, https:\/\/enolife.com.ar\/es\/wp-content\/uploads\/2021\/07\/167878828_3901934486518980_6688088632298451236_n-768x984.jpg 768w, https:\/\/enolife.com.ar\/es\/wp-content\/uploads\/2021\/07\/167878828_3901934486518980_6688088632298451236_n-585x749.jpg 585w, https:\/\/enolife.com.ar\/es\/wp-content\/uploads\/2021\/07\/167878828_3901934486518980_6688088632298451236_n.jpg 890w\" sizes=\"auto, (max-width: 799px) 100vw, 799px\" \/><\/figure>\n\n\n\n<figure class=\"wp-block-image size-large\"><img decoding=\"async\" src=\"https:\/\/scontent.fmdz2-1.fna.fbcdn.net\/v\/t1.18169-9\/577772_503424916369971_420224490_n.jpg?_nc_cat=108&amp;ccb=1-3&amp;_nc_sid=19026a&amp;_nc_eui2=AeEdbbYEEkjg0pV3NWPqg06exElobzcNod7ESWhvNw2h3nCeNWwIa5ZEf4ASWze8vnA&amp;_nc_ohc=ynU6Qbjcx2wAX_xkk3k&amp;_nc_ht=scontent.fmdz2-1.fna&amp;oh=34d0d9a7740b6df78832c3bae30f50ce&amp;oe=6125C036\" alt=\"No hay ninguna descripci\u00f3n de la foto disponible.\"\/><\/figure>\n\n\n\n<figure class=\"wp-block-image size-large\"><img loading=\"lazy\" decoding=\"async\" width=\"730\" height=\"1024\" data-id=\"40488\" src=\"https:\/\/enolife.com.ar\/es\/wp-content\/uploads\/2021\/07\/122109225_3464311416947958_8562158677276031357_n.jpg\" alt=\"\" class=\"wp-image-40488\" srcset=\"https:\/\/enolife.com.ar\/es\/wp-content\/uploads\/2021\/07\/122109225_3464311416947958_8562158677276031357_n.jpg 730w, https:\/\/enolife.com.ar\/es\/wp-content\/uploads\/2021\/07\/122109225_3464311416947958_8562158677276031357_n-214x300.jpg 214w, https:\/\/enolife.com.ar\/es\/wp-content\/uploads\/2021\/07\/122109225_3464311416947958_8562158677276031357_n-585x821.jpg 585w\" sizes=\"auto, (max-width: 730px) 100vw, 730px\" \/><\/figure>\n<figcaption class=\"blocks-gallery-caption wp-element-caption\"><em><strong>Algunos de los trabajos de Marta Moyano, en distintos sitios patrimoniales y en su taller.<\/strong><\/em><\/figcaption><\/figure>\n\n\n\n<div style=\"height:28px\" aria-hidden=\"true\" class=\"wp-block-spacer\"><\/div>\n\n\n\n<p>Debido a la envergadura del proyecto, la artista convoc\u00f3 a un colega para colaborar con la obra: <strong>Gabriel Fern\u00e1ndez<\/strong>, un especialista en manejar las figuras humanas y quien le est\u00e1 dando ese toque distintivo a cada una de las representaciones. Cabe destacar que cada virgen contar\u00e1 con elementos y s\u00edmbolos propios del lugar donde ser\u00e1 consagrada: San Rafael, Tunuy\u00e1n, Lavalle y San Mart\u00edn.<\/p>\n\n\n\n<p>Desde la Asociaci\u00f3n de Vi\u00f1ateros de Mendoza se\u00f1alaron: \u00abEs una alegr\u00eda muy grande poder llegar con este humilde pero emotivo gesto a cada uno de los oasis productivos. Es una manera, para todos aquellos religiosos, de mantener viva la creencia y tener la posibilidad de proteger los oasis mendocinos de las contigencias clim\u00e1ticas. Y para lo no religiosos, la Virgen de la Carrodila es un elemento cultural de la tradici\u00f3n vendimial, por ende, una forma de mantener el legado patrimonial vivo\u00bb.<\/p>\n\n\n\n<p>\u00abDefendemos la cultura del trabajo y tambi\u00e9n defendemos nuestras ra\u00edces. Por eso estamos muy emocionados y expectantes de poder entronar a cada una de estas v\u00edrgenes en los pr\u00f3ximos meses\u00bb, asegur\u00f3 Eduardo C\u00f3rdoba, presidente de la entidad que nuclea a todos los productores vit\u00edcolas.<\/p>\n\n\n\n<div style=\"height:42px\" aria-hidden=\"true\" class=\"wp-block-spacer\"><\/div>\n\n\n<div class=\"wp-block-image\">\n<figure class=\"aligncenter size-large is-resized\"><img loading=\"lazy\" decoding=\"async\" src=\"https:\/\/enolife.com.ar\/es\/wp-content\/uploads\/2021\/07\/1_t3TTgeFiukfhkT0DdIX79Q-768x1024.jpeg\" alt=\"\" class=\"wp-image-40560\" width=\"538\" height=\"717\" srcset=\"https:\/\/enolife.com.ar\/es\/wp-content\/uploads\/2021\/07\/1_t3TTgeFiukfhkT0DdIX79Q-768x1024.jpeg 768w, https:\/\/enolife.com.ar\/es\/wp-content\/uploads\/2021\/07\/1_t3TTgeFiukfhkT0DdIX79Q-225x300.jpeg 225w, https:\/\/enolife.com.ar\/es\/wp-content\/uploads\/2021\/07\/1_t3TTgeFiukfhkT0DdIX79Q-585x780.jpeg 585w, https:\/\/enolife.com.ar\/es\/wp-content\/uploads\/2021\/07\/1_t3TTgeFiukfhkT0DdIX79Q.jpeg 1080w\" sizes=\"auto, (max-width: 538px) 100vw, 538px\" \/><figcaption class=\"wp-element-caption\"><strong><em>La artista pintando sobre mosaicos la imagen de la Virgen de la Carrodilla.<\/em><\/strong><\/figcaption><\/figure><\/div>\n\n\n<div style=\"height:31px\" aria-hidden=\"true\" class=\"wp-block-spacer\"><\/div>\n\n\n\n<p>En los pr\u00f3ximos d\u00edas, representantes de AVM mantendr\u00e1n reuniones con los funcionarios de los municipios interesados en acompa\u00f1ar la acci\u00f3n, con la idea de vivir la entorinizaci\u00f3n como una fiesta local. La tarea se complementar\u00e1 con una convocatoria a p\u00e1rrocos e iglesias de cada departamento que deseen sumarse a la iniciativa y la invitaci\u00f3n al p\u00fablico en general que sienta la necesidad de ser protagonista de esta in\u00e9dita experiencia religiosa colectiva.<\/p>\n\n\n\n<div style=\"height:20px\" aria-hidden=\"true\" class=\"wp-block-spacer\"><\/div>\n\n\n\n<p class=\"has-medium-font-size\"><strong>La tradici\u00f3n de la Virgen de la Carrodilla<\/strong><\/p>\n\n\n\n<p>El origen de la veneraci\u00f3n a esta Virgen se remonta al siglo XVII, cuando <strong>Antonio Solanilla,<\/strong> un inmigrante aragon\u00e9s, oriundo de un pueblito espa\u00f1ol llamado <strong>Estadilla<\/strong>, ubicado a los pies de la sierra de la Carrodilla, lleg\u00f3 a la provincia de Mendoza. Cuenta la historia que la Virgen hizo su aparici\u00f3n a dos le\u00f1adores que se encontraban trabajando. Despu\u00e9s del milagro, los mineros hallaron una veta de metal precioso que les permiti\u00f3 salir de la pobreza e hizo crecer la fe de los habitantes. El nombre de <strong>Carrodilla<\/strong> deriva de \u00abcarrocilla\u00bb o \u00abcarro\u00bb, en referencia a esta tradici\u00f3n.<\/p>\n\n\n\n<p>Cuando Antonio Solanilla se traslad\u00f3 a Mendoza, llevaba consigo una imagen de la Virgen e hizo construir una capilla junto a la casona donde viv\u00eda, en Luj\u00e1n de Cuyo. Siendo Mendoza la tierra del vino, la virgencita con su racimo de uva en la mano se hizo popular enseguida. El 13 de febrero de 1938 se realiz\u00f3 la coronaci\u00f3n de la Virgen en una solemne ceremonia y en ese d\u00eda se conmemora el d\u00eda de la Patrona de los Vi\u00f1edos.<\/p>\n\n\n\n<div style=\"height:44px\" aria-hidden=\"true\" class=\"wp-block-spacer\"><\/div>\n\n\n\n<p><a href=\"https:\/\/medium.com\/m\/signin?actionUrl=https%3A%2F%2Fmedium.com%2F_%2Fbookmark%2Fp%2F18608b51d7cc&amp;operation=register&amp;redirect=https%3A%2F%2Fdifusionavm.medium.com%2Fla-asociaci%C3%B3n-de-vi%C3%B1ateros-de-mendoza-entronar%C3%A1-a-la-virgen-de-la-carrodilla-en-los-cuatro-oasis-18608b51d7cc&amp;source=post_actions_footer--------------------------bookmark_footer-----------\"><\/a><\/p>\n","protected":false},"excerpt":{"rendered":"<p>Con la intenci\u00f3n de llevar con un mensaje de salud, paz y trabajo a los&hellip;<\/p>\n","protected":false},"author":3,"featured_media":40561,"comment_status":"open","ping_status":"open","sticky":false,"template":"","format":"standard","meta":{"footnotes":""},"categories":[34],"tags":[],"class_list":["post-40482","post","type-post","status-publish","format-standard","has-post-thumbnail","hentry","category-cultura1"],"_links":{"self":[{"href":"https:\/\/enolife.com.ar\/es\/wp-json\/wp\/v2\/posts\/40482","targetHints":{"allow":["GET"]}}],"collection":[{"href":"https:\/\/enolife.com.ar\/es\/wp-json\/wp\/v2\/posts"}],"about":[{"href":"https:\/\/enolife.com.ar\/es\/wp-json\/wp\/v2\/types\/post"}],"author":[{"embeddable":true,"href":"https:\/\/enolife.com.ar\/es\/wp-json\/wp\/v2\/users\/3"}],"replies":[{"embeddable":true,"href":"https:\/\/enolife.com.ar\/es\/wp-json\/wp\/v2\/comments?post=40482"}],"version-history":[{"count":0,"href":"https:\/\/enolife.com.ar\/es\/wp-json\/wp\/v2\/posts\/40482\/revisions"}],"wp:featuredmedia":[{"embeddable":true,"href":"https:\/\/enolife.com.ar\/es\/wp-json\/wp\/v2\/media\/40561"}],"wp:attachment":[{"href":"https:\/\/enolife.com.ar\/es\/wp-json\/wp\/v2\/media?parent=40482"}],"wp:term":[{"taxonomy":"category","embeddable":true,"href":"https:\/\/enolife.com.ar\/es\/wp-json\/wp\/v2\/categories?post=40482"},{"taxonomy":"post_tag","embeddable":true,"href":"https:\/\/enolife.com.ar\/es\/wp-json\/wp\/v2\/tags?post=40482"}],"curies":[{"name":"wp","href":"https:\/\/api.w.org\/{rel}","templated":true}]}}