{"id":4016,"date":"2019-10-10T14:14:30","date_gmt":"2019-10-10T14:14:30","guid":{"rendered":"http:\/\/enolife.com.ar\/es\/?p=4016"},"modified":"2019-10-16T02:54:14","modified_gmt":"2019-10-16T02:54:14","slug":"en-la-intercontinental-wine-expo-promendoza-contactara-a-productores-locales-con-importadores-de-ucrania-rusia-y-el-caribe","status":"publish","type":"post","link":"https:\/\/enolife.com.ar\/es\/en-la-intercontinental-wine-expo-promendoza-contactara-a-productores-locales-con-importadores-de-ucrania-rusia-y-el-caribe\/","title":{"rendered":"En la Intercontinental Wine Expo, ProMendoza contactar\u00e1 a productores locales con importadores de Ucrania, Rusia y el Caribe"},"content":{"rendered":"\n<h4 class=\"wp-block-heading\"><em><strong>En su novena edici\u00f3n, la degustaci\u00f3n de vinos de alta gama que se realizar\u00e1 del 16 al 18 de octubre de 2019 en el hotel Intercontinental, Mendoza, ofrecer\u00e1 como novedad una ronda de negocios con compradores de mercados emergentes.<\/strong><\/em><\/h4>\n\n\n\n<hr class=\"wp-block-separator\"\/>\n\n\n\n<h4 class=\"wp-block-heading\"><em><strong>ProMendoza, el ente p\u00fablico-privado que promociona la industria mendocina en el exterior, promueve esta reuni\u00f3n para incrementar las exportaciones locales. En entrevista con Enolife, su gerente Fernando Urdaniz explica la importancia de esta alianza estrat\u00e9gica. <\/strong><\/em><\/h4>\n\n\n\n<div style=\"height:20px\" aria-hidden=\"true\" class=\"wp-block-spacer\"><\/div>\n\n\n\n<p>La Intercontinental Wine Expo es una muestra y degustaci\u00f3n de vinos de alta gama, que este a\u00f1o, en su novena edici\u00f3n, se realizar\u00e1 los d\u00edas 16, 17 y 18 de octubre en el hotel ubicado en Guaymall\u00e9n, frente al Mendoza Plaza Shopping.<\/p>\n\n\n\n<div style=\"height:20px\" aria-hidden=\"true\" class=\"wp-block-spacer\"><\/div>\n\n\n\n<ul class=\"wp-block-gallery columns-3 is-cropped wp-block-gallery-1 is-layout-flex wp-block-gallery-is-layout-flex\"><li class=\"blocks-gallery-item\"><figure><img loading=\"lazy\" decoding=\"async\" width=\"1024\" height=\"683\" src=\"https:\/\/enolife.com.ar\/es\/wp-content\/uploads\/2019\/10\/0021603945-1024x683.jpg\" alt=\"\" data-id=\"4024\" data-link=\"https:\/\/enolife.com.ar\/es\/?attachment_id=4024\" class=\"wp-image-4024\" srcset=\"https:\/\/enolife.com.ar\/es\/wp-content\/uploads\/2019\/10\/0021603945-1024x683.jpg 1024w, https:\/\/enolife.com.ar\/es\/wp-content\/uploads\/2019\/10\/0021603945-300x200.jpg 300w, https:\/\/enolife.com.ar\/es\/wp-content\/uploads\/2019\/10\/0021603945-768x512.jpg 768w, https:\/\/enolife.com.ar\/es\/wp-content\/uploads\/2019\/10\/0021603945-1170x780.jpg 1170w, https:\/\/enolife.com.ar\/es\/wp-content\/uploads\/2019\/10\/0021603945-585x390.jpg 585w\" sizes=\"auto, (max-width: 1024px) 100vw, 1024px\" \/><\/figure><\/li><li class=\"blocks-gallery-item\"><figure><img loading=\"lazy\" decoding=\"async\" width=\"1024\" height=\"576\" src=\"https:\/\/enolife.com.ar\/es\/wp-content\/uploads\/2019\/10\/12-1024x576.jpg\" alt=\"\" data-id=\"4025\" data-link=\"https:\/\/enolife.com.ar\/es\/?attachment_id=4025\" class=\"wp-image-4025\" srcset=\"https:\/\/enolife.com.ar\/es\/wp-content\/uploads\/2019\/10\/12-1024x576.jpg 1024w, https:\/\/enolife.com.ar\/es\/wp-content\/uploads\/2019\/10\/12-300x169.jpg 300w, https:\/\/enolife.com.ar\/es\/wp-content\/uploads\/2019\/10\/12-768x432.jpg 768w, https:\/\/enolife.com.ar\/es\/wp-content\/uploads\/2019\/10\/12-1170x658.jpg 1170w, https:\/\/enolife.com.ar\/es\/wp-content\/uploads\/2019\/10\/12-585x329.jpg 585w, https:\/\/enolife.com.ar\/es\/wp-content\/uploads\/2019\/10\/12.jpg 1920w\" sizes=\"auto, (max-width: 1024px) 100vw, 1024px\" \/><\/figure><\/li><li class=\"blocks-gallery-item\"><figure><img loading=\"lazy\" decoding=\"async\" width=\"1024\" height=\"576\" src=\"https:\/\/enolife.com.ar\/es\/wp-content\/uploads\/2019\/10\/wine-expo-2017-190-1024x576.jpg\" alt=\"\" data-id=\"4027\" data-link=\"https:\/\/enolife.com.ar\/es\/?attachment_id=4027\" class=\"wp-image-4027\" srcset=\"https:\/\/enolife.com.ar\/es\/wp-content\/uploads\/2019\/10\/wine-expo-2017-190-1024x576.jpg 1024w, https:\/\/enolife.com.ar\/es\/wp-content\/uploads\/2019\/10\/wine-expo-2017-190-300x169.jpg 300w, https:\/\/enolife.com.ar\/es\/wp-content\/uploads\/2019\/10\/wine-expo-2017-190-768x432.jpg 768w, https:\/\/enolife.com.ar\/es\/wp-content\/uploads\/2019\/10\/wine-expo-2017-190-1170x658.jpg 1170w, https:\/\/enolife.com.ar\/es\/wp-content\/uploads\/2019\/10\/wine-expo-2017-190-585x329.jpg 585w, https:\/\/enolife.com.ar\/es\/wp-content\/uploads\/2019\/10\/wine-expo-2017-190.jpg 1200w\" sizes=\"auto, (max-width: 1024px) 100vw, 1024px\" \/><\/figure><\/li><li class=\"blocks-gallery-item\"><figure><img loading=\"lazy\" decoding=\"async\" width=\"1024\" height=\"576\" src=\"https:\/\/enolife.com.ar\/es\/wp-content\/uploads\/2019\/10\/7700_image_67061027_10162136295605261_1265601019589427200_o-1-1024x576.jpg\" alt=\"\" data-id=\"4028\" data-link=\"https:\/\/enolife.com.ar\/es\/?attachment_id=4028\" class=\"wp-image-4028\" srcset=\"https:\/\/enolife.com.ar\/es\/wp-content\/uploads\/2019\/10\/7700_image_67061027_10162136295605261_1265601019589427200_o-1-1024x576.jpg 1024w, https:\/\/enolife.com.ar\/es\/wp-content\/uploads\/2019\/10\/7700_image_67061027_10162136295605261_1265601019589427200_o-1-300x169.jpg 300w, https:\/\/enolife.com.ar\/es\/wp-content\/uploads\/2019\/10\/7700_image_67061027_10162136295605261_1265601019589427200_o-1-768x432.jpg 768w, https:\/\/enolife.com.ar\/es\/wp-content\/uploads\/2019\/10\/7700_image_67061027_10162136295605261_1265601019589427200_o-1-1170x658.jpg 1170w, https:\/\/enolife.com.ar\/es\/wp-content\/uploads\/2019\/10\/7700_image_67061027_10162136295605261_1265601019589427200_o-1-585x329.jpg 585w, https:\/\/enolife.com.ar\/es\/wp-content\/uploads\/2019\/10\/7700_image_67061027_10162136295605261_1265601019589427200_o-1.jpg 1280w\" sizes=\"auto, (max-width: 1024px) 100vw, 1024px\" \/><\/figure><\/li><li class=\"blocks-gallery-item\"><figure><img loading=\"lazy\" decoding=\"async\" width=\"1024\" height=\"597\" src=\"https:\/\/enolife.com.ar\/es\/wp-content\/uploads\/2019\/10\/TAIPEI1-135-1024x597.jpg\" alt=\"\" data-id=\"4030\" data-link=\"https:\/\/enolife.com.ar\/es\/?attachment_id=4030\" class=\"wp-image-4030\" srcset=\"https:\/\/enolife.com.ar\/es\/wp-content\/uploads\/2019\/10\/TAIPEI1-135-1024x597.jpg 1024w, https:\/\/enolife.com.ar\/es\/wp-content\/uploads\/2019\/10\/TAIPEI1-135-300x175.jpg 300w, https:\/\/enolife.com.ar\/es\/wp-content\/uploads\/2019\/10\/TAIPEI1-135-768x448.jpg 768w, https:\/\/enolife.com.ar\/es\/wp-content\/uploads\/2019\/10\/TAIPEI1-135-1170x683.jpg 1170w, https:\/\/enolife.com.ar\/es\/wp-content\/uploads\/2019\/10\/TAIPEI1-135-585x341.jpg 585w, https:\/\/enolife.com.ar\/es\/wp-content\/uploads\/2019\/10\/TAIPEI1-135.jpg 1200w\" sizes=\"auto, (max-width: 1024px) 100vw, 1024px\" \/><\/figure><\/li><li class=\"blocks-gallery-item\"><figure><img loading=\"lazy\" decoding=\"async\" width=\"281\" height=\"180\" src=\"https:\/\/enolife.com.ar\/es\/wp-content\/uploads\/2019\/10\/descarga.jpg\" alt=\"\" data-id=\"4031\" data-link=\"https:\/\/enolife.com.ar\/es\/?attachment_id=4031\" class=\"wp-image-4031\"\/><\/figure><\/li><\/ul>\n\n\n\n<div style=\"height:30px\" aria-hidden=\"true\" class=\"wp-block-spacer\"><\/div>\n\n\n\n<p>Este a\u00f1o, una de las novedades es la presencia de 6 importadores de diferentes mercados no tradicionales, los que estar\u00e1n presentes en el evento gracias a la alianza estrat\u00e9gica con ProMendoza, un organismo clave para las exportaciones del vino mendocino y argentino.<\/p>\n\n\n\n<p>Los importadores asistentes se reunir\u00e1n con representantes de 25 empresas locales, y adem\u00e1s brindar\u00e1n un seminario para detallar c\u00f3mo son los mercados de donde provienen y qu\u00e9 caracter\u00edsticas tienen, datos de relevancia para ganar nuevos consumidores.<\/p>\n\n\n\n<p>Fernando Urdaniz, el gerente de ProMendoza, nos detall\u00f3 las razones del acuerdo y proyect\u00f3 los posibles resultados que \u00e9ste pueden tener. El plan, explic\u00f3, es sumar valor a una industria que ha crecido en los \u00faltimos a\u00f1os peses a algunos indicadores econ\u00f3micos desfavorables que ha tenido la Argentina.<\/p>\n\n\n\n<div style=\"height:20px\" aria-hidden=\"true\" class=\"wp-block-spacer\"><\/div>\n\n\n\n<div class=\"wp-block-image\"><figure class=\"aligncenter\"><img loading=\"lazy\" decoding=\"async\" width=\"1024\" height=\"440\" src=\"https:\/\/enolife.com.ar\/es\/wp-content\/uploads\/2019\/10\/PROMENDOZA-16-2-1024x440.jpg\" alt=\"\" class=\"wp-image-4022\" srcset=\"https:\/\/enolife.com.ar\/es\/wp-content\/uploads\/2019\/10\/PROMENDOZA-16-2-1024x440.jpg 1024w, https:\/\/enolife.com.ar\/es\/wp-content\/uploads\/2019\/10\/PROMENDOZA-16-2-300x129.jpg 300w, https:\/\/enolife.com.ar\/es\/wp-content\/uploads\/2019\/10\/PROMENDOZA-16-2-768x330.jpg 768w, https:\/\/enolife.com.ar\/es\/wp-content\/uploads\/2019\/10\/PROMENDOZA-16-2-1170x503.jpg 1170w, https:\/\/enolife.com.ar\/es\/wp-content\/uploads\/2019\/10\/PROMENDOZA-16-2-585x251.jpg 585w, https:\/\/enolife.com.ar\/es\/wp-content\/uploads\/2019\/10\/PROMENDOZA-16-2.jpg 1280w\" sizes=\"auto, (max-width: 1024px) 100vw, 1024px\" \/><figcaption><strong><em>Fernando Urdaniz<\/em><\/strong><\/figcaption><\/figure><\/div>\n\n\n\n<div style=\"height:20px\" aria-hidden=\"true\" class=\"wp-block-spacer\"><\/div>\n\n\n\n<p class=\"has-text-color has-vivid-red-color\"><strong>\u00bfC\u00f3mo nace la vinculaci\u00f3n de ProMendoza con la InterContinental Wine Expo?<\/strong><\/p>\n\n\n\n<p>La verdad es que es una idea muy interesante. Desde hace varios a\u00f1os venimos realizando una ronda de negocios con importadores de vino fraccionado y nos contactamos y pudimos unir las acciones. Va a ser una ganancia para ambas partes, porque adem\u00e1s de potenciar la venta al p\u00fablico, van a estar distintos importadores que incluso dar\u00e1n seminarios para conocer los mercados que manejan.<\/p>\n\n\n\n<p class=\"has-text-color has-vivid-red-color\"><strong>\u00bfDe qu\u00e9 se trata una ronda de importadores?<\/strong><\/p>\n\n\n\n<p>Es una actividad que se planifica con mucho tiempo de antelaci\u00f3n. En este caso, estamos trayendo compradores de distintos pa\u00edses y comenzamos con un an\u00e1lisis de los mercados; luego se realizan los contactos correspondientes y a la vez se busca financiamiento, que es una acci\u00f3n bastante costosa. Es necesario establecer alianzas con otros organismos para financiar la ronda. En general, se buscan importadores que no hayan comercializado vinos argentinos, lo que otorga un plus, porque cualquier negocio que se concrete sumar\u00e1 a las exportaciones de Mendoza.<\/p>\n\n\n\n<p class=\"has-text-color has-vivid-red-color\"><strong>\u00bfQu\u00e9 nivel de conocimientos tienen estos importadores del vino argentino?<\/strong><\/p>\n\n\n\n<p>Como muchos no han importado nuestro producto, previamente se les explican las caracter\u00edsticas del vino argentino. Pero conocen del pa\u00eds, tienen referencias de nuestro malbec, as\u00ed que para ellos tener la posibilidad de comerciar con vinos del nuevo mundo es muy atractivo. Son un total de 6 importadores de 5 mercados: 2 de Ucrania como mercado emergente, 1 de Barbados, del Caribe, muy tur\u00edstico. Tambi\u00e9n tendremos de Rumania, a trav\u00e9s de un contacto que hicimos en InterWine en China. Y Rusia tambi\u00e9n estar\u00e1 presente. Habr\u00e1 un importador de los Estados Unidos. La mayor\u00eda de estos pa\u00edses son mercados a los que Argentina casi no les vende.<\/p>\n\n\n\n<p class=\"has-text-color has-vivid-red-color\"><strong>\u00bfCu\u00e1les han sido las principales barreras para llegar a esos mercados?<\/strong><\/p>\n\n\n\n<p>Nos juega muy en contra la situaci\u00f3n que estamos viviendo. La inestabilidad del tipo de cambio afecta a la hora de armar los precios para los mercados internacionales. La lejan\u00eda de nuestro pa\u00eds implica grandes esfuerzos en la log\u00edstica. Pero sin dudas, el mayor obst\u00e1culo para la Argentina es el desconocimiento que esos importadores tienen de nosotros como productores de vinos en el mundo.<\/p>\n\n\n\n<p class=\"has-text-color has-vivid-red-color\"><strong>En la InterContinental Wine Expo hay un espacio destinado al <em>trade<\/em>&#8230; \u00bfcu\u00e1l es tu recomendaci\u00f3n a las bodegas que est\u00e9n all\u00ed para lograr mejores acuerdos?<\/strong><\/p>\n\n\n\n<p>Primero que nada, que es s\u00faper interesante que est\u00e9 presente el en\u00f3logo a cargo. Pero es crucial que hable ingl\u00e9s. O que est\u00e9 el gerente de exportaciones, que en general habla ingl\u00e9s. Otra cuesti\u00f3n a tener en cuenta es que definan los costos en funci\u00f3n de los pa\u00edses que vienen. Las bodegas ya pueden solicitar cu\u00e1nto cuesta enviar un contenedor, por ejemplo, a Ucrania. Y por supuesto, el tema arancelario de acuerdo a cada pa\u00eds. Y en eso nosotros podemos ayudarlos desde ProMendoza.<\/p>\n\n\n\n<p class=\"has-text-color has-vivid-red-color\"><strong>\u00bfCu\u00e1les son tus expectativas en lo que viene en materia de exportaciones?<\/strong><\/p>\n\n\n\n<p>La \u00fanica salida que tiene este pa\u00eds son las exportaciones. Estamos trabajando duro en un calendario de actividades para el a\u00f1o que viene en este tema y lo tenemos cargado de acciones. Como fue el de este a\u00f1o. Pero creemos y sabemos que el pa\u00eds y la provincia necesitan exportar. Es un calendario muy ambicioso. Ser\u00e1n ferias y rondas de negocios como estas que estamos haciendo, que seguramente se repetir\u00e1n el a\u00f1o que viene con mucho \u00e9xito.<\/p>\n\n\n\n<p class=\"has-small-font-size\"><strong><em>Fuente: ProMendoza<\/em><\/strong><\/p>\n","protected":false},"excerpt":{"rendered":"<p>En su novena edici\u00f3n, la degustaci\u00f3n de vinos de alta gama que se realizar\u00e1 del&hellip;<\/p>\n","protected":false},"author":2,"featured_media":4099,"comment_status":"open","ping_status":"open","sticky":false,"template":"","format":"standard","meta":{"footnotes":""},"categories":[9],"tags":[],"class_list":["post-4016","post","type-post","status-publish","format-standard","has-post-thumbnail","hentry","category-negocios"],"_links":{"self":[{"href":"https:\/\/enolife.com.ar\/es\/wp-json\/wp\/v2\/posts\/4016","targetHints":{"allow":["GET"]}}],"collection":[{"href":"https:\/\/enolife.com.ar\/es\/wp-json\/wp\/v2\/posts"}],"about":[{"href":"https:\/\/enolife.com.ar\/es\/wp-json\/wp\/v2\/types\/post"}],"author":[{"embeddable":true,"href":"https:\/\/enolife.com.ar\/es\/wp-json\/wp\/v2\/users\/2"}],"replies":[{"embeddable":true,"href":"https:\/\/enolife.com.ar\/es\/wp-json\/wp\/v2\/comments?post=4016"}],"version-history":[{"count":0,"href":"https:\/\/enolife.com.ar\/es\/wp-json\/wp\/v2\/posts\/4016\/revisions"}],"wp:featuredmedia":[{"embeddable":true,"href":"https:\/\/enolife.com.ar\/es\/wp-json\/wp\/v2\/media\/4099"}],"wp:attachment":[{"href":"https:\/\/enolife.com.ar\/es\/wp-json\/wp\/v2\/media?parent=4016"}],"wp:term":[{"taxonomy":"category","embeddable":true,"href":"https:\/\/enolife.com.ar\/es\/wp-json\/wp\/v2\/categories?post=4016"},{"taxonomy":"post_tag","embeddable":true,"href":"https:\/\/enolife.com.ar\/es\/wp-json\/wp\/v2\/tags?post=4016"}],"curies":[{"name":"wp","href":"https:\/\/api.w.org\/{rel}","templated":true}]}}