{"id":40104,"date":"2021-07-26T00:35:17","date_gmt":"2021-07-26T00:35:17","guid":{"rendered":"http:\/\/enolife.com.ar\/es\/?p=40104"},"modified":"2021-07-28T15:28:58","modified_gmt":"2021-07-28T15:28:58","slug":"paises-bajos-convocan-a-enologos-y-catadores-para-estudiar-y-fijar-el-patrimonio-olfativo-europeo","status":"publish","type":"post","link":"https:\/\/enolife.com.ar\/es\/paises-bajos-convocan-a-enologos-y-catadores-para-estudiar-y-fijar-el-patrimonio-olfativo-europeo\/","title":{"rendered":"Pa\u00edses Bajos: convocan a en\u00f3logos y catadores para estudiar y fijar el patrimonio olfativo europeo"},"content":{"rendered":"\n<h4 class=\"wp-block-heading\"><em><strong>The Netherlands Olfactory Science Exchangen (Asociaci\u00f3n holandesa de intercambio de ciencias olfativas, NOSE, por sus siglas en ingl\u00e9s) es una entidad multidisciplinaria que re\u00fane a investigadores, expertos, artistas y organizaciones en el campo de la percepci\u00f3n y la cognici\u00f3n&nbsp;de olores y sabores. Con apoyo del gobierno de los Pa\u00edses Bajos, desarrollan un proyecto denominado \u00abEl olfato humano en la intersecci\u00f3n del lenguaje, la cultura y la biolog\u00eda\u00bb. Adem\u00e1s de promover la investigaci\u00f3n en ciencias sensoriales, NOSE tiene entre sus objetivos descubrir, documentar y fijar el patrimonio olfativo de sus entornos nacionales. Ya tienen expertos en toda clase de olores, pero les faltan los del vino.<\/strong><\/em> <\/h4>\n\n\n\n<div style=\"height:64px\" aria-hidden=\"true\" class=\"wp-block-spacer\"><\/div>\n\n\n<a href=\"https:\/\/laffort.com\/es\/\" aria-label=\"BANNER 1700X500 LAFFORT ZYMAFLORE\"><img loading=\"lazy\" decoding=\"async\" src=\"https:\/\/enolife.com.ar\/es\/wp-content\/uploads\/2021\/05\/BANNER-1700X500-LAFFORT-ZYMAFLORE.jpg\" alt=\"\"  srcset=\"https:\/\/enolife.com.ar\/es\/wp-content\/uploads\/2021\/05\/BANNER-1700X500-LAFFORT-ZYMAFLORE.jpg 1700w, https:\/\/enolife.com.ar\/es\/wp-content\/uploads\/2021\/05\/BANNER-1700X500-LAFFORT-ZYMAFLORE-300x88.jpg 300w, https:\/\/enolife.com.ar\/es\/wp-content\/uploads\/2021\/05\/BANNER-1700X500-LAFFORT-ZYMAFLORE-1024x301.jpg 1024w, https:\/\/enolife.com.ar\/es\/wp-content\/uploads\/2021\/05\/BANNER-1700X500-LAFFORT-ZYMAFLORE-768x226.jpg 768w, https:\/\/enolife.com.ar\/es\/wp-content\/uploads\/2021\/05\/BANNER-1700X500-LAFFORT-ZYMAFLORE-1536x452.jpg 1536w, https:\/\/enolife.com.ar\/es\/wp-content\/uploads\/2021\/05\/BANNER-1700X500-LAFFORT-ZYMAFLORE-1170x344.jpg 1170w, https:\/\/enolife.com.ar\/es\/wp-content\/uploads\/2021\/05\/BANNER-1700X500-LAFFORT-ZYMAFLORE-585x172.jpg 585w\" sizes=\"auto, (max-width: 1700px) 100vw, 1700px\" width=\"1700\" height=\"500\"   \/><\/a>\n\n\n<div style=\"height:87px\" aria-hidden=\"true\" class=\"wp-block-spacer\"><\/div>\n\n\n\n<p>A partir de la hip\u00f3tesis de que todos los seres humanos, pero tambi\u00e9n las ciudades y los pa\u00edses tienen una huella arom\u00e1tica \u00fanica y reconocible, NOSE se ha lanzado a configurar la herencia olfativa holandesa.<\/p>\n\n\n\n<div class=\"wp-block-image\"><figure class=\"alignleft size-large is-resized\"><img loading=\"lazy\" decoding=\"async\" src=\"https:\/\/enolife.com.ar\/es\/wp-content\/uploads\/2021\/07\/aromas_holanda_ace180.jpg\" alt=\"\" class=\"wp-image-40466\" width=\"279\" height=\"541\" srcset=\"https:\/\/enolife.com.ar\/es\/wp-content\/uploads\/2021\/07\/aromas_holanda_ace180.jpg 364w, https:\/\/enolife.com.ar\/es\/wp-content\/uploads\/2021\/07\/aromas_holanda_ace180-155x300.jpg 155w\" sizes=\"auto, (max-width: 279px) 100vw, 279px\" \/><figcaption><strong><em>Entre la lista de aromas identificados como \u00abpatrimoniales\u00bb en los Pa\u00edses Bajos se encuentran los tulipanes, el cedro u otros \u00e1rboles, como el tilo y el olmo, frecuentes junto a los canales de \u00c1msterdam.<\/em><\/strong><br><\/figcaption><\/figure><\/div>\n\n\n\n<p>De entre los aromas recopilados (frecuentemente denominados nost\u00e1lgicamente \u00abaromas perdidos\u00bb) cabe destacar el olor del cedro (asociado al tabaco), el de los tulipanes (la flor emblem\u00e1tica del pa\u00eds), el del tilo y el olmo (\u00e1rboles que tapizan las calles de \u00c1msterdam), el olor a lavanda, a hierba y a hojas secas de oto\u00f1o, que con la humedad del pa\u00eds adquieren una especial personalidad.<\/p>\n\n\n\n<p>La lista de aromas identificados como \u00abpatrimoniales\u00bb es larga, pero en ella no aparece ning\u00fan aroma relacionado con el vino, a pesar de que los destilados de vino, todav\u00eda hoy denominados&nbsp;<em>holandas<\/em>, tuvieron en los puertos de Flandes su centro mundial de distribuci\u00f3n. Las <em>holandas <\/em>rehidratadas en destino se convert\u00edan en una suerte de \u00abvino\u00bb con sabor a quemado, por lo que eran conocidos como&nbsp;<em>brandwij<\/em>&nbsp;(vino quemado, en holand\u00e9s), origen de la palabra inglesa brandy.<\/p>\n\n\n\n<p>La cultura sensorial neerlandesa quiere alejarse, pues, de la cultura enol\u00f3gica olvidando uno de sus aromas portuarios hist\u00f3ricos m\u00e1s caracter\u00edsticos, y asumiendo olores tan culturalmente ex\u00f3ticos en aquellas latitudes como el tabaco y el tulip\u00e1n, importados de tierras lejanas. Esta desafecci\u00f3n cultural hacia el vino en un pa\u00eds marcadamente multicultural como los Pa\u00edses Bajos no es una buena noticia para que se consolide el consumo de un producto hiperculturalizado como el vino.<\/p>\n\n\n\n<p>Sin embargo, NOSE destaca en su portal un art\u00edculo sobre la memoria de los \u00abexpertos en vino\u00bb (sin m\u00e1s precisi\u00f3n) y su relaci\u00f3n con el lenguaje a la hora de retener y describir certeramente los perfiles sensoriales, tanto del vino como otros olores habituales.<\/p>\n\n\n\n<p>El trabajo concluye que los expertos en vinos recuerdan mejor el olor del vino que los consumidores, pero no usan el lenguaje al recordar. Almacenan los aspectos espec\u00edficos de un vino como una se\u00f1al perceptiva, sin usar el lenguaje.&nbsp;Si se les pide que lo hagan, sin embargo, tambi\u00e9n pueden describir esos aspectos. Y dado que los expertos lo son en vinos, s\u00f3lo son mejores que la poblaci\u00f3n en general en la descripci\u00f3n de vinos y no en otros olores.<\/p>\n\n\n\n<p>El principal autor del trabajo, <strong>Ilja Croijmans, de la Universidad de Utrecht<\/strong>, sigue investigando sobre la relaci\u00f3n entre el vino, el lenguaje y el pensamiento mediante un estudio&nbsp;online&nbsp;para el que busca nuevos voluntarios. Una oportunidad para que los profesionales de la enolog\u00eda (que son los aut\u00e9nticos \u00abexpertos en vino\u00bb) puedan aportar su conocimiento y su propia versi\u00f3n de c\u00f3mo construyen la relaci\u00f3n entre vino, lenguaje y pensamiento. <\/p>\n\n\n\n<div style=\"height:20px\" aria-hidden=\"true\" class=\"wp-block-spacer\"><\/div>\n\n\n\n<p class=\"has-background has-very-light-gray-background-color\"><strong>Se puede participar, a trav\u00e9s de la <a href=\"https:\/\/survey.uu.nl\/jfe\/form\/SV_4ZXyme1jwMrkbBP\" target=\"_blank\" rel=\"noreferrer noopener\">encuesta disponible aqu\u00ed<\/a>.<\/strong><\/p>\n\n\n\n<div style=\"height:20px\" aria-hidden=\"true\" class=\"wp-block-spacer\"><\/div>\n\n\n\n<p>Esta es una investigaci\u00f3n que probablemente contribuir\u00e1 a dar forma al patrimonio olfativo europeo, porque NOSE es uno de los socios principales de Odeuropa, un proyecto europeo con financiaci\u00f3n de Horizonte 2020. El olfato de los en\u00f3logos ha de situar el vino en el lugar que merece en el patrimonio sensorial del continente.<\/p>\n\n\n\n<p class=\"has-background has-text-align-center has-very-light-gray-background-color\"><strong>Para saber m\u00e1s:<br>NOSE:&nbsp;<a href=\"https:\/\/www.nosenetwork.nl\/\" target=\"_blank\" rel=\"noreferrer noopener\">https:\/\/www.nosenetwork.nl\/<\/a><br>Odeuropa:&nbsp;<a href=\"https:\/\/odeuropa.eu\/\" target=\"_blank\" rel=\"noreferrer noopener\">https:\/\/odeuropa.eu\/<\/a><\/strong><\/p>\n\n\n\n<div style=\"height:20px\" aria-hidden=\"true\" class=\"wp-block-spacer\"><\/div>\n\n\n\n<p class=\"has-small-font-size\"><em><strong>Fuente: ACE Enolog\u00eda. Autores: Croijmans I., Arshamian A., Speed L.J., Majid A. Wine experts\u2019 recognition of wine odors is not verbally mediated.&nbsp;Journal of Experimental Psychology: General&nbsp;&nbsp;2021; 150 (3): 545-59.&nbsp;<a href=\"https:\/\/doi.apa.org\/doi\/10.1037\/xge0000949\" target=\"_blank\" rel=\"noreferrer noopener\">https:\/\/doi.org\/10.1037\/xge0000949<\/a><\/strong><\/em><\/p>\n\n\n\n<div style=\"height:43px\" aria-hidden=\"true\" class=\"wp-block-spacer\"><\/div>\n","protected":false},"excerpt":{"rendered":"<p>The Netherlands Olfactory Science Exchangen (Asociaci\u00f3n holandesa de intercambio de ciencias olfativas, NOSE, por sus&hellip;<\/p>\n","protected":false},"author":3,"featured_media":40460,"comment_status":"open","ping_status":"open","sticky":false,"template":"","format":"standard","meta":{"footnotes":""},"categories":[14],"tags":[],"class_list":["post-40104","post","type-post","status-publish","format-standard","has-post-thumbnail","hentry","category-news"],"_links":{"self":[{"href":"https:\/\/enolife.com.ar\/es\/wp-json\/wp\/v2\/posts\/40104","targetHints":{"allow":["GET"]}}],"collection":[{"href":"https:\/\/enolife.com.ar\/es\/wp-json\/wp\/v2\/posts"}],"about":[{"href":"https:\/\/enolife.com.ar\/es\/wp-json\/wp\/v2\/types\/post"}],"author":[{"embeddable":true,"href":"https:\/\/enolife.com.ar\/es\/wp-json\/wp\/v2\/users\/3"}],"replies":[{"embeddable":true,"href":"https:\/\/enolife.com.ar\/es\/wp-json\/wp\/v2\/comments?post=40104"}],"version-history":[{"count":0,"href":"https:\/\/enolife.com.ar\/es\/wp-json\/wp\/v2\/posts\/40104\/revisions"}],"wp:featuredmedia":[{"embeddable":true,"href":"https:\/\/enolife.com.ar\/es\/wp-json\/wp\/v2\/media\/40460"}],"wp:attachment":[{"href":"https:\/\/enolife.com.ar\/es\/wp-json\/wp\/v2\/media?parent=40104"}],"wp:term":[{"taxonomy":"category","embeddable":true,"href":"https:\/\/enolife.com.ar\/es\/wp-json\/wp\/v2\/categories?post=40104"},{"taxonomy":"post_tag","embeddable":true,"href":"https:\/\/enolife.com.ar\/es\/wp-json\/wp\/v2\/tags?post=40104"}],"curies":[{"name":"wp","href":"https:\/\/api.w.org\/{rel}","templated":true}]}}