{"id":39679,"date":"2021-07-15T20:18:06","date_gmt":"2021-07-15T20:18:06","guid":{"rendered":"http:\/\/enolife.com.ar\/es\/?p=39679"},"modified":"2021-07-16T23:02:21","modified_gmt":"2021-07-16T23:02:21","slug":"bodegas-de-argentina-rechaza-el-control-estatal-de-precios-de-vinos-en-supermercados","status":"publish","type":"post","link":"https:\/\/enolife.com.ar\/es\/bodegas-de-argentina-rechaza-el-control-estatal-de-precios-de-vinos-en-supermercados\/","title":{"rendered":"Bodegas de Argentina rechaza el control estatal de precios de vinos en supermercados"},"content":{"rendered":"\n<h4 class=\"wp-block-heading\"><em><strong>Seg\u00fan se conoci\u00f3 en los \u00faltimos d\u00edas, la Secretar\u00eda de Comercio Interior de Argentina dispuso que las bodegas que quieran aumentar los precios de los vinos en las g\u00f3ndolas de los supermercados deber\u00e1n presentar antes una lista para su aprobaci\u00f3n en ese organismo de gobierno. Desde la C\u00e1mara que agrupa a unas 250 bodegas exportadora, su presidenta Patricia Ortiz critic\u00f3 la medida porque, dijo, \u00abel vino viene perdiendo contra la inflaci\u00f3n desde hace tres a\u00f1os y eso afecta a la producci\u00f3n\u00bb. A continuaci\u00f3n, reproducimos la nota que el periodista Andr\u00e9s Pujol, del diario online local Mendoza Post, public\u00f3 hoy 15\/7.<\/strong><\/em><\/h4>\n\n\n\n<div style=\"height:32px\" aria-hidden=\"true\" class=\"wp-block-spacer\"><\/div>\n\n\n<a href=\"https:\/\/grupoaltasur.com\/\" aria-label=\"1700-500px\"><img loading=\"lazy\" decoding=\"async\" src=\"https:\/\/enolife.com.ar\/es\/wp-content\/uploads\/2021\/01\/1700-500px.jpg\" alt=\"\"  srcset=\"https:\/\/enolife.com.ar\/es\/wp-content\/uploads\/2021\/01\/1700-500px.jpg 1700w, https:\/\/enolife.com.ar\/es\/wp-content\/uploads\/2021\/01\/1700-500px-300x88.jpg 300w, https:\/\/enolife.com.ar\/es\/wp-content\/uploads\/2021\/01\/1700-500px-1024x301.jpg 1024w, https:\/\/enolife.com.ar\/es\/wp-content\/uploads\/2021\/01\/1700-500px-768x226.jpg 768w, https:\/\/enolife.com.ar\/es\/wp-content\/uploads\/2021\/01\/1700-500px-1536x452.jpg 1536w, https:\/\/enolife.com.ar\/es\/wp-content\/uploads\/2021\/01\/1700-500px-1170x344.jpg 1170w, https:\/\/enolife.com.ar\/es\/wp-content\/uploads\/2021\/01\/1700-500px-585x172.jpg 585w\" sizes=\"auto, (max-width: 1700px) 100vw, 1700px\" width=\"1700\" height=\"500\"   \/><\/a>\n\n\n<div style=\"height:66px\" aria-hidden=\"true\" class=\"wp-block-spacer\"><\/div>\n\n\n\n<p>\u00abLa&nbsp;<strong>Secretar\u00eda<\/strong>&nbsp;<strong>de<\/strong>&nbsp;<strong>Comercio<\/strong>&nbsp;Interior evaluar\u00e1 toda nueva lista de precios que deseen presentar en cadenas de supermercados las bodegas. La medida rige s\u00f3lo para los comercios agrupados en la Asociaci\u00f3n de Supermercados Unidos (ASU).<\/p>\n\n\n\n<p>\u00abLa disposici\u00f3n del gobierno busca de alguna manera limitar los precios de la bebida nacional en las g\u00f3ndolas. Patricia Ortiz, titular de Bodegas de Argentina, lament\u00f3 la decisi\u00f3n porque, dijo, &#8216;el vino viene perdiendo contra la inflaci\u00f3n desde hace tres a\u00f1os y eso afecta a la producci\u00f3n&#8217;.<\/p>\n\n\n\n<p>\u00abSin embargo, la ejecutiva resalt\u00f3 que &#8216;la prioridad es mantener el consumo y que los argentinos no busquen bebidas alternativas&#8217;. <\/p>\n\n\n\n<p>\u00abPrecisamente, seg\u00fan datos divulgados por el <strong>Instituto Nacional de Vitivinicultura (INV)<\/strong>, durante 2020, el a\u00f1o en que comenz\u00f3 la pandemia, los argentinos tomaron 6,5% m\u00e1s vino que durante 2019, o sea unos 57 millones m\u00e1s de litros, cifra que represent\u00f3 el consumo m\u00e1s alto de los \u00faltimos cinco a\u00f1os en el pa\u00eds.<\/p>\n\n\n\n<p>\u00abA pesar de ese buen presente, Ortiz asegura que la p\u00e9rdida contra la inflaci\u00f3n comienza a complicar a los productores: &#8216;Los precios han aumentado de manera exponencial.<strong>&nbsp;<\/strong>Los insumos como el cart\u00f3n y el vidrio est\u00e1n dolarizados&nbsp;y no se pueden trasladar a los precios. Esto termina complicando sobre todo a los peque\u00f1os y medianos productores que alcanzan a llegar al supermercado&#8217;.<\/p>\n\n\n\n<p>\u00abLa titular de Bodegas de Argentina record\u00f3 que &#8216;en el inicio de la pandemia se colocaron los&nbsp;<strong>Precios<\/strong>&nbsp;<strong>M\u00e1ximos<\/strong>&nbsp;y reci\u00e9n cuando comenzaron a reactivarse las actividades salieron las listas nuevas. Esto dej\u00f3 la oportunidad de subir 4% y 6% los precios durante todo el 2020, algo muy inferior a lo que fue la inflaci\u00f3n. Ya este a\u00f1o salieron de ese programa y solo algunas bodegas quedaron en&nbsp;<strong>Precios<\/strong>&nbsp;<strong>Cuidados<\/strong>, los dem\u00e1s comenzaron a acomodar los precios&#8217;.<\/p>\n\n\n\n<p>\u00abOrtiz agreg\u00f3: &#8216;Estamos teniendo conversaciones constantes con la C\u00e1mara y acompa\u00f1ando a los productores. Entendemos que el gobierno quiere controlar la inflaci\u00f3n y tener una referencia, pero nosotros&nbsp;estamos tratando de que vean los gastos reales que lleva producir el vino&#8217;.<\/p>\n\n\n\n<p>\u00abFinalmente, la bodeguera ensay\u00f3 una explicaci\u00f3n: &#8216;Vos ten\u00e9s diez jugadores que te dominan la g\u00f3ndola. La competencia se produce entre peque\u00f1as y medianas empresas y eso genera que exista un autocontrol entre las bodegas, porque si se van para arriba pierden el mercado&#8217;.\u00bb<\/p>\n\n\n\n<div style=\"height:39px\" aria-hidden=\"true\" class=\"wp-block-spacer\"><\/div>\n\n\n\n<p class=\"has-small-font-size\"><em><strong>Fuente: Mendoza Post<\/strong><\/em><\/p>\n","protected":false},"excerpt":{"rendered":"<p>Seg\u00fan se conoci\u00f3 en los \u00faltimos d\u00edas, la Secretar\u00eda de Comercio Interior de Argentina dispuso&hellip;<\/p>\n","protected":false},"author":3,"featured_media":39720,"comment_status":"open","ping_status":"open","sticky":false,"template":"","format":"standard","meta":{"footnotes":""},"categories":[14],"tags":[],"class_list":["post-39679","post","type-post","status-publish","format-standard","has-post-thumbnail","hentry","category-news"],"_links":{"self":[{"href":"https:\/\/enolife.com.ar\/es\/wp-json\/wp\/v2\/posts\/39679","targetHints":{"allow":["GET"]}}],"collection":[{"href":"https:\/\/enolife.com.ar\/es\/wp-json\/wp\/v2\/posts"}],"about":[{"href":"https:\/\/enolife.com.ar\/es\/wp-json\/wp\/v2\/types\/post"}],"author":[{"embeddable":true,"href":"https:\/\/enolife.com.ar\/es\/wp-json\/wp\/v2\/users\/3"}],"replies":[{"embeddable":true,"href":"https:\/\/enolife.com.ar\/es\/wp-json\/wp\/v2\/comments?post=39679"}],"version-history":[{"count":0,"href":"https:\/\/enolife.com.ar\/es\/wp-json\/wp\/v2\/posts\/39679\/revisions"}],"wp:featuredmedia":[{"embeddable":true,"href":"https:\/\/enolife.com.ar\/es\/wp-json\/wp\/v2\/media\/39720"}],"wp:attachment":[{"href":"https:\/\/enolife.com.ar\/es\/wp-json\/wp\/v2\/media?parent=39679"}],"wp:term":[{"taxonomy":"category","embeddable":true,"href":"https:\/\/enolife.com.ar\/es\/wp-json\/wp\/v2\/categories?post=39679"},{"taxonomy":"post_tag","embeddable":true,"href":"https:\/\/enolife.com.ar\/es\/wp-json\/wp\/v2\/tags?post=39679"}],"curies":[{"name":"wp","href":"https:\/\/api.w.org\/{rel}","templated":true}]}}