{"id":39672,"date":"2021-07-15T20:26:28","date_gmt":"2021-07-15T20:26:28","guid":{"rendered":"http:\/\/enolife.com.ar\/es\/?p=39672"},"modified":"2021-07-17T01:16:13","modified_gmt":"2021-07-17T01:16:13","slug":"alianza-entre-el-fondo-vitivinicola-el-cine-y-el-gobierno-para-mostrar-el-vino-de-mendoza-al-mundo","status":"publish","type":"post","link":"https:\/\/enolife.com.ar\/es\/alianza-entre-el-fondo-vitivinicola-el-cine-y-el-gobierno-para-mostrar-el-vino-de-mendoza-al-mundo\/","title":{"rendered":"Alianza entre el Fondo Vitivin\u00edcola, el cine y el gobierno para mostrar el vino de Mendoza al mundo"},"content":{"rendered":"\n<h4 class=\"wp-block-heading\"><em><strong>El Fondo Vitivin\u00edcola Mendoza,&nbsp;que tiene por misi\u00f3n la difusi\u00f3n de la cultura de la vid y el vino, junto al grupo de empresas (cl\u00faster) FilmAndes,&nbsp;que promueve el desarrollo de la industria audiovisual y la llamada \u00abeconom\u00eda naranja\u00bb, en coordinaci\u00f3n con la Corporaci\u00f3n Vitivin\u00edcola Argentina, la Municipalidad de Mendoza y el Gobierno de esta provincia, firmaron una alianza con el objetivo declarado de \u00abconsolidar estrategias para el desarrollo econ\u00f3mico y la identidad cultural de Mendoza y la regi\u00f3n\u00bb.<\/strong><\/em><\/h4>\n\n\n\n<hr class=\"wp-block-separator\"\/>\n\n\n\n<h4 class=\"wp-block-heading\"><em><strong>Entre las acciones previstas est\u00e1n la filmaci\u00f3n de pel\u00edculas que tengan al vino y a su paisaje como protagonistas, el lanzamiento de un festival de cine y vino y la plantaci\u00f3n de un vi\u00f1edo emblem\u00e1tico en el ex predio de la UCIM, al oeste de la Capital mendocina, para que funcione como escenario de rodajes.<\/strong><\/em><\/h4>\n\n\n\n<div style=\"height:31px\" aria-hidden=\"true\" class=\"wp-block-spacer\"><\/div>\n\n\n<a href=\"https:\/\/estanciamendoza.com.ar\/es\/\" aria-label=\"Copia de BEM &#8211; Banner adaptaciones diario digital_BEM &#8211; Banner Enolife &#8211; 1700&#215;500\"><img loading=\"lazy\" decoding=\"async\" src=\"https:\/\/enolife.com.ar\/es\/wp-content\/uploads\/2019\/07\/Copia-de-BEM-Banner-adaptaciones-diario-digital_BEM-Banner-Enolife-1700x500-1.jpg\" alt=\"\"  srcset=\"https:\/\/enolife.com.ar\/es\/wp-content\/uploads\/2019\/07\/Copia-de-BEM-Banner-adaptaciones-diario-digital_BEM-Banner-Enolife-1700x500-1.jpg 1700w, https:\/\/enolife.com.ar\/es\/wp-content\/uploads\/2019\/07\/Copia-de-BEM-Banner-adaptaciones-diario-digital_BEM-Banner-Enolife-1700x500-1-300x88.jpg 300w, https:\/\/enolife.com.ar\/es\/wp-content\/uploads\/2019\/07\/Copia-de-BEM-Banner-adaptaciones-diario-digital_BEM-Banner-Enolife-1700x500-1-1024x301.jpg 1024w, https:\/\/enolife.com.ar\/es\/wp-content\/uploads\/2019\/07\/Copia-de-BEM-Banner-adaptaciones-diario-digital_BEM-Banner-Enolife-1700x500-1-768x226.jpg 768w, https:\/\/enolife.com.ar\/es\/wp-content\/uploads\/2019\/07\/Copia-de-BEM-Banner-adaptaciones-diario-digital_BEM-Banner-Enolife-1700x500-1-1536x452.jpg 1536w, https:\/\/enolife.com.ar\/es\/wp-content\/uploads\/2019\/07\/Copia-de-BEM-Banner-adaptaciones-diario-digital_BEM-Banner-Enolife-1700x500-1-1170x344.jpg 1170w, https:\/\/enolife.com.ar\/es\/wp-content\/uploads\/2019\/07\/Copia-de-BEM-Banner-adaptaciones-diario-digital_BEM-Banner-Enolife-1700x500-1-585x172.jpg 585w\" sizes=\"auto, (max-width: 1700px) 100vw, 1700px\" width=\"1700\" height=\"500\"   \/><\/a>\n\n\n<div style=\"height:55px\" aria-hidden=\"true\" class=\"wp-block-spacer\"><\/div>\n\n\n\n<p>Con respecto al pacto firmado entre los distintos sectores para potenciar la imagen del vino mendocino en el pa\u00eds y el mundo, <strong>Bernardo Lanzilotta,<\/strong> presidente del <strong>Fondo Vitivin\u00edcola Mendoza<\/strong>, coment\u00f3: \u00abEsta alianza es muy importante, permite consolidar estrategias que van a potenciar el desarrollo de Mendoza, con talento local y apostando a la innovaci\u00f3n\u00bb.<\/p>\n\n\n\n<p>Por su parte, <strong>Jos\u00e9 Alberto \u00abPepe\u00bb Zuccardi<\/strong>, presidente de la <strong>Corporaci\u00f3n Vitivin\u00edcola Argentina (Coviar)<\/strong>, expres\u00f3 que el objetivo de la alianza est\u00e1 alineado con las metas del Plan Estrat\u00e9gico Vitivin\u00edcola 2030. \u00abSe trata de comunicar al vino en el mercado argentino y en el internacional, adem\u00e1s con una connotaci\u00f3n&nbsp; muy fuerte desde lo tur\u00edstico porque es una forma de hacer conocer Mendoza junto al vino como gran promotor y traccionador; y creo que incorporar el trabajo del sector audiovisual a la actividad ligada a la vitivinicultura apunta a la sostenibilidad econ\u00f3mica y social para Mendoza, y esto es muy trascendente\u00bb<em>,<\/em> afirm\u00f3<strong> <\/strong>Zuccardi.<\/p>\n\n\n\n<div style=\"height:20px\" aria-hidden=\"true\" class=\"wp-block-spacer\"><\/div>\n\n\n\n<div class=\"wp-block-image\"><figure class=\"aligncenter size-large\"><img loading=\"lazy\" decoding=\"async\" width=\"1024\" height=\"683\" src=\"https:\/\/enolife.com.ar\/es\/wp-content\/uploads\/2021\/07\/2.-Jos\u00e9-Zuccardi-presidente-de-Coviar_-Ulpiano-Su\u00e1rez-intendente-de-Capital_-Marcelo-Ortega-de-FilmAndes_-y-Bernardo-Lanzilotta-del-Fondo-Vitivin\u00edcola-1024x683.jpg\" alt=\"\" class=\"wp-image-39674\" srcset=\"https:\/\/enolife.com.ar\/es\/wp-content\/uploads\/2021\/07\/2.-Jos\u00e9-Zuccardi-presidente-de-Coviar_-Ulpiano-Su\u00e1rez-intendente-de-Capital_-Marcelo-Ortega-de-FilmAndes_-y-Bernardo-Lanzilotta-del-Fondo-Vitivin\u00edcola-1024x683.jpg 1024w, https:\/\/enolife.com.ar\/es\/wp-content\/uploads\/2021\/07\/2.-Jos\u00e9-Zuccardi-presidente-de-Coviar_-Ulpiano-Su\u00e1rez-intendente-de-Capital_-Marcelo-Ortega-de-FilmAndes_-y-Bernardo-Lanzilotta-del-Fondo-Vitivin\u00edcola-300x200.jpg 300w, https:\/\/enolife.com.ar\/es\/wp-content\/uploads\/2021\/07\/2.-Jos\u00e9-Zuccardi-presidente-de-Coviar_-Ulpiano-Su\u00e1rez-intendente-de-Capital_-Marcelo-Ortega-de-FilmAndes_-y-Bernardo-Lanzilotta-del-Fondo-Vitivin\u00edcola-768x512.jpg 768w, https:\/\/enolife.com.ar\/es\/wp-content\/uploads\/2021\/07\/2.-Jos\u00e9-Zuccardi-presidente-de-Coviar_-Ulpiano-Su\u00e1rez-intendente-de-Capital_-Marcelo-Ortega-de-FilmAndes_-y-Bernardo-Lanzilotta-del-Fondo-Vitivin\u00edcola-1536x1024.jpg 1536w, https:\/\/enolife.com.ar\/es\/wp-content\/uploads\/2021\/07\/2.-Jos\u00e9-Zuccardi-presidente-de-Coviar_-Ulpiano-Su\u00e1rez-intendente-de-Capital_-Marcelo-Ortega-de-FilmAndes_-y-Bernardo-Lanzilotta-del-Fondo-Vitivin\u00edcola-2048x1365.jpg 2048w, https:\/\/enolife.com.ar\/es\/wp-content\/uploads\/2021\/07\/2.-Jos\u00e9-Zuccardi-presidente-de-Coviar_-Ulpiano-Su\u00e1rez-intendente-de-Capital_-Marcelo-Ortega-de-FilmAndes_-y-Bernardo-Lanzilotta-del-Fondo-Vitivin\u00edcola-1170x780.jpg 1170w, https:\/\/enolife.com.ar\/es\/wp-content\/uploads\/2021\/07\/2.-Jos\u00e9-Zuccardi-presidente-de-Coviar_-Ulpiano-Su\u00e1rez-intendente-de-Capital_-Marcelo-Ortega-de-FilmAndes_-y-Bernardo-Lanzilotta-del-Fondo-Vitivin\u00edcola-585x390.jpg 585w\" sizes=\"auto, (max-width: 1024px) 100vw, 1024px\" \/><figcaption><em><strong>Jos\u00e9 Alberto Zuccardi, Ulpiano Su\u00e1rez, Marcelo Ortega y Bernardo Lanzilotta.<\/strong><\/em><\/figcaption><\/figure><\/div>\n\n\n\n<div style=\"height:20px\" aria-hidden=\"true\" class=\"wp-block-spacer\"><\/div>\n\n\n\n<p>La <strong>industria del vino<\/strong>, \u00edcono y emblema de Mendoza con enorme protagonismo en la imagen del pa\u00eds, se complementa en esta nueva asociatividad con la industria creativa<strong> <\/strong>para generar valor y potenciar la <strong>marca Mendoza<\/strong>. Esta uni\u00f3n tiene por objetivo consolidar la proyecci\u00f3n tur\u00edstica de Mendoza, atraer inversiones y talentos y desarrollar producciones audiovisuales locales que visibilicen y pongan en valor productos culturales locales con expansi\u00f3n global.<\/p>\n\n\n\n<p>As\u00ed lo explic\u00f3 <strong>Marcelo Ortega<\/strong>, presidente del cl\u00faster audiovisual <strong>FilmAndes<\/strong>: \u00abEn los&nbsp; tiempos&nbsp; complejos y de incertidumbre que se viven, se hace necesario conectar elementos de valor que imaginen escenarios futuros,&nbsp;propuestas innovadoras y territorios inclusivos. Por eso, trazamos esta hoja de ruta con la actividad vitivin\u00edcola. Desde la creaci\u00f3n de un festival de cine y vino, la posibilidad concreta de que el vino est\u00e9 presente en m\u00e1s contenidos audiovisuales y el desarrollo del Distrito 33 -junto con la Ciudad de Mendoza-, tenemos un largo camino de trabajo con objetivos y resultados que pronto podremos mostrar\u00bb.<\/p>\n\n\n\n<div style=\"height:20px\" aria-hidden=\"true\" class=\"wp-block-spacer\"><\/div>\n\n\n\n<div class=\"wp-block-image\"><figure class=\"aligncenter size-large\"><img loading=\"lazy\" decoding=\"async\" width=\"1024\" height=\"711\" src=\"https:\/\/enolife.com.ar\/es\/wp-content\/uploads\/2021\/07\/4.-Ulpiano-Su\u00e1rez-resalt\u00f3-la-importancia-de-la-articulaci\u00f3n-p\u00fablico-privada-para-potenciar-a-los-sectores-vitivin\u00edcola-y-audiovisual-1024x711.jpg\" alt=\"\" class=\"wp-image-39676\" srcset=\"https:\/\/enolife.com.ar\/es\/wp-content\/uploads\/2021\/07\/4.-Ulpiano-Su\u00e1rez-resalt\u00f3-la-importancia-de-la-articulaci\u00f3n-p\u00fablico-privada-para-potenciar-a-los-sectores-vitivin\u00edcola-y-audiovisual-1024x711.jpg 1024w, https:\/\/enolife.com.ar\/es\/wp-content\/uploads\/2021\/07\/4.-Ulpiano-Su\u00e1rez-resalt\u00f3-la-importancia-de-la-articulaci\u00f3n-p\u00fablico-privada-para-potenciar-a-los-sectores-vitivin\u00edcola-y-audiovisual-300x208.jpg 300w, https:\/\/enolife.com.ar\/es\/wp-content\/uploads\/2021\/07\/4.-Ulpiano-Su\u00e1rez-resalt\u00f3-la-importancia-de-la-articulaci\u00f3n-p\u00fablico-privada-para-potenciar-a-los-sectores-vitivin\u00edcola-y-audiovisual-768x533.jpg 768w, https:\/\/enolife.com.ar\/es\/wp-content\/uploads\/2021\/07\/4.-Ulpiano-Su\u00e1rez-resalt\u00f3-la-importancia-de-la-articulaci\u00f3n-p\u00fablico-privada-para-potenciar-a-los-sectores-vitivin\u00edcola-y-audiovisual-1536x1066.jpg 1536w, https:\/\/enolife.com.ar\/es\/wp-content\/uploads\/2021\/07\/4.-Ulpiano-Su\u00e1rez-resalt\u00f3-la-importancia-de-la-articulaci\u00f3n-p\u00fablico-privada-para-potenciar-a-los-sectores-vitivin\u00edcola-y-audiovisual-2048x1422.jpg 2048w, https:\/\/enolife.com.ar\/es\/wp-content\/uploads\/2021\/07\/4.-Ulpiano-Su\u00e1rez-resalt\u00f3-la-importancia-de-la-articulaci\u00f3n-p\u00fablico-privada-para-potenciar-a-los-sectores-vitivin\u00edcola-y-audiovisual-1170x812.jpg 1170w, https:\/\/enolife.com.ar\/es\/wp-content\/uploads\/2021\/07\/4.-Ulpiano-Su\u00e1rez-resalt\u00f3-la-importancia-de-la-articulaci\u00f3n-p\u00fablico-privada-para-potenciar-a-los-sectores-vitivin\u00edcola-y-audiovisual-585x406.jpg 585w\" sizes=\"auto, (max-width: 1024px) 100vw, 1024px\" \/><figcaption><em><strong>Ulpiano Su\u00e1rez, intendente de Mendoza.<\/strong><\/em><\/figcaption><\/figure><\/div>\n\n\n\n<div style=\"height:20px\" aria-hidden=\"true\" class=\"wp-block-spacer\"><\/div>\n\n\n\n<div style=\"height:20px\" aria-hidden=\"true\" class=\"wp-block-spacer\"><\/div>\n\n\n\n<p class=\"has-medium-font-size\"><strong>Promesa del intendente: articular pol\u00edticas p\u00fablicas<\/strong><\/p>\n\n\n\n<p>Presente en la firma del convenio, el intendente de la Ciudad de Mendoza, <strong>Ulpiano Su\u00e1rez,<\/strong> puso en valor esta alianza y coment\u00f3: \u00abLa Ciudad de Mendoza celebra esta iniciativa en la que dos sectores tan importantes para la vida social y econ\u00f3mica de Mendoza trabajan juntos pensando en el futuro, con un sector que ha hecho grande a Mendoza y otro que ha demostrado su enorme potencial. Desde la Ciudad articularemos pol\u00edticas p\u00fablicas porque estamos convencidos que el sector vitivin\u00edcola y las industrias creativas son necesarias para el desarrollo\u00bb.<\/p>\n\n\n\n<div style=\"height:20px\" aria-hidden=\"true\" class=\"wp-block-spacer\"><\/div>\n\n\n\n<div class=\"wp-block-image\"><figure class=\"aligncenter size-large\"><img loading=\"lazy\" decoding=\"async\" width=\"1024\" height=\"713\" src=\"https:\/\/enolife.com.ar\/es\/wp-content\/uploads\/2021\/07\/6.-Gustavo-Tarantuviez-del-Ministerio-de-Cultura-y-Turismo-brind\u00f3-por-los-proyectos-que-se-ponen-en-marchaa-con-este-convenio.-1024x713.jpg\" alt=\"\" class=\"wp-image-39677\" srcset=\"https:\/\/enolife.com.ar\/es\/wp-content\/uploads\/2021\/07\/6.-Gustavo-Tarantuviez-del-Ministerio-de-Cultura-y-Turismo-brind\u00f3-por-los-proyectos-que-se-ponen-en-marchaa-con-este-convenio.-1024x713.jpg 1024w, https:\/\/enolife.com.ar\/es\/wp-content\/uploads\/2021\/07\/6.-Gustavo-Tarantuviez-del-Ministerio-de-Cultura-y-Turismo-brind\u00f3-por-los-proyectos-que-se-ponen-en-marchaa-con-este-convenio.-300x209.jpg 300w, https:\/\/enolife.com.ar\/es\/wp-content\/uploads\/2021\/07\/6.-Gustavo-Tarantuviez-del-Ministerio-de-Cultura-y-Turismo-brind\u00f3-por-los-proyectos-que-se-ponen-en-marchaa-con-este-convenio.-768x535.jpg 768w, https:\/\/enolife.com.ar\/es\/wp-content\/uploads\/2021\/07\/6.-Gustavo-Tarantuviez-del-Ministerio-de-Cultura-y-Turismo-brind\u00f3-por-los-proyectos-que-se-ponen-en-marchaa-con-este-convenio.-1536x1070.jpg 1536w, https:\/\/enolife.com.ar\/es\/wp-content\/uploads\/2021\/07\/6.-Gustavo-Tarantuviez-del-Ministerio-de-Cultura-y-Turismo-brind\u00f3-por-los-proyectos-que-se-ponen-en-marchaa-con-este-convenio.-2048x1427.jpg 2048w, https:\/\/enolife.com.ar\/es\/wp-content\/uploads\/2021\/07\/6.-Gustavo-Tarantuviez-del-Ministerio-de-Cultura-y-Turismo-brind\u00f3-por-los-proyectos-que-se-ponen-en-marchaa-con-este-convenio.-1170x815.jpg 1170w, https:\/\/enolife.com.ar\/es\/wp-content\/uploads\/2021\/07\/6.-Gustavo-Tarantuviez-del-Ministerio-de-Cultura-y-Turismo-brind\u00f3-por-los-proyectos-que-se-ponen-en-marchaa-con-este-convenio.-585x408.jpg 585w\" sizes=\"auto, (max-width: 1024px) 100vw, 1024px\" \/><figcaption><em><strong>Gustavo Tarantuviez, director de Estrategias Culturales del gobierno de Mendoza.<\/strong><\/em><\/figcaption><\/figure><\/div>\n\n\n\n<div style=\"height:20px\" aria-hidden=\"true\" class=\"wp-block-spacer\"><\/div>\n\n\n\n<p>Desde el Ministerio de Cultura y Turismo del gobierno de Mendoza, <strong>Gustavo Tarantuviez<\/strong> resalt\u00f3 que la uni\u00f3n de los sectores vitivin\u00edcola y audiovisual refuerza el camino que desde la gesti\u00f3n provincial se viene realizando con la promulgaci\u00f3n y reglamentaci\u00f3n de la Ley Audiovisual. \u00abMendoza es una de las pocas provincias en tener una <em>Film Comission<\/em> y este convenio es un paso importante en la generaci\u00f3n de una nueva matriz econ\u00f3mica\u00bb, asegura el abogado y escritor Tarantviez, al frente de Estrategias Culturales.<\/p>\n\n\n\n<div style=\"height:20px\" aria-hidden=\"true\" class=\"wp-block-spacer\"><\/div>\n\n\n\n<p class=\"has-medium-font-size\"><strong>El video de difusi\u00f3n de la alianza vino-cine<\/strong><\/p>\n\n\n\n<figure class=\"wp-block-video aligncenter\"><video controls src=\"https:\/\/enolife.com.ar\/es\/wp-content\/uploads\/2021\/07\/videoplayback.mp4\"><\/video><\/figure>\n\n\n\n<div style=\"height:20px\" aria-hidden=\"true\" class=\"wp-block-spacer\"><\/div>\n\n\n\n<p>Producir contenidos en donde el vino est\u00e9 presente junto al paisaje y su gente es una de las metas de esta alianza que busca a trav\u00e9s de las diversas posibilidades de la producci\u00f3n audiovisual acercar al vino a m\u00e1s y variadas audiencias.&nbsp;&nbsp;<\/p>\n\n\n\n<p>\u00abEstamos convencidos de que el mundo no consume s\u00f3lo productos, busca experiencias, y lo que proponemos tanto desde el Fondo Vitivin\u00edcola como desde FilmAndes es crear en conjunto un ecosistema innovador que articule los sectores p\u00fablicos y privados para trabajar en beneficio del desarrollo y la riqueza de nuestro territorio\u00bb, agreg\u00f3 Marcelo Ortega, de FilmAndes.<\/p>\n\n\n\n<div style=\"height:20px\" aria-hidden=\"true\" class=\"wp-block-spacer\"><\/div>\n\n\n\n<p class=\"has-medium-font-size\"><strong>La vi\u00f1a en escena<\/strong><\/p>\n\n\n\n<p>Un primer trabajo conjunto de esta alianza estrat\u00e9gica es la construcci\u00f3n de un vi\u00f1edo emblem\u00e1tico en el <strong>Distrito 33,<\/strong> el polo de innovaci\u00f3n ubicado en el predio que perteneciera a la <strong>Uni\u00f3n Comercial e Industrial de Mendoza (UCIM)<\/strong> y donde actualmente el cl\u00faster audiovisual ya tiene proyectado un estudio de rodaje. El Fondo Vitivin\u00edcola incorporar\u00e1 a este n\u00facleo de creatividad una muestra del paisaje productivo m\u00e1s representativo de Mendoza, como un signo de identidad sobre el que tambi\u00e9n pivotea el turismo y el enoturismo local.<\/p>\n\n\n\n<div style=\"height:39px\" aria-hidden=\"true\" class=\"wp-block-spacer\"><\/div>\n","protected":false},"excerpt":{"rendered":"<p>El Fondo Vitivin\u00edcola Mendoza,&nbsp;que tiene por misi\u00f3n la difusi\u00f3n de la cultura de la vid&hellip;<\/p>\n","protected":false},"author":3,"featured_media":39721,"comment_status":"open","ping_status":"open","sticky":false,"template":"","format":"standard","meta":{"footnotes":""},"categories":[14],"tags":[],"class_list":["post-39672","post","type-post","status-publish","format-standard","has-post-thumbnail","hentry","category-news"],"_links":{"self":[{"href":"https:\/\/enolife.com.ar\/es\/wp-json\/wp\/v2\/posts\/39672","targetHints":{"allow":["GET"]}}],"collection":[{"href":"https:\/\/enolife.com.ar\/es\/wp-json\/wp\/v2\/posts"}],"about":[{"href":"https:\/\/enolife.com.ar\/es\/wp-json\/wp\/v2\/types\/post"}],"author":[{"embeddable":true,"href":"https:\/\/enolife.com.ar\/es\/wp-json\/wp\/v2\/users\/3"}],"replies":[{"embeddable":true,"href":"https:\/\/enolife.com.ar\/es\/wp-json\/wp\/v2\/comments?post=39672"}],"version-history":[{"count":0,"href":"https:\/\/enolife.com.ar\/es\/wp-json\/wp\/v2\/posts\/39672\/revisions"}],"wp:featuredmedia":[{"embeddable":true,"href":"https:\/\/enolife.com.ar\/es\/wp-json\/wp\/v2\/media\/39721"}],"wp:attachment":[{"href":"https:\/\/enolife.com.ar\/es\/wp-json\/wp\/v2\/media?parent=39672"}],"wp:term":[{"taxonomy":"category","embeddable":true,"href":"https:\/\/enolife.com.ar\/es\/wp-json\/wp\/v2\/categories?post=39672"},{"taxonomy":"post_tag","embeddable":true,"href":"https:\/\/enolife.com.ar\/es\/wp-json\/wp\/v2\/tags?post=39672"}],"curies":[{"name":"wp","href":"https:\/\/api.w.org\/{rel}","templated":true}]}}