{"id":3958,"date":"2019-10-08T18:27:47","date_gmt":"2019-10-08T18:27:47","guid":{"rendered":"http:\/\/enolife.com.ar\/es\/?p=3958"},"modified":"2019-10-11T02:52:24","modified_gmt":"2019-10-11T02:52:24","slug":"con-un-11-menos-de-agua-en-los-rios-se-agrava-la-sequia-en-mendoza","status":"publish","type":"post","link":"https:\/\/enolife.com.ar\/es\/con-un-11-menos-de-agua-en-los-rios-se-agrava-la-sequia-en-mendoza\/","title":{"rendered":"Con un 11% menos de agua en los r\u00edos, se agrava la sequ\u00eda en Mendoza"},"content":{"rendered":"\n<h4 class=\"wp-block-heading\"><em><strong>Irrigaci\u00f3n divulg\u00f3 el Pron\u00f3stico de Caudales 2019-2020. Las escasas nevadas en alta monta\u00f1a durante el \u00faltimo invierno provocar\u00e1n una merma considerable en todos los r\u00edos de la provincia, con respecto a la temporada anterior.<\/strong><\/em><\/h4>\n\n\n\n<h4 class=\"wp-block-heading\"><em><strong>Si bien se descartan problemas en la provisi\u00f3n de agua potable, la situaci\u00f3n podr\u00eda afectar el riego agr\u00edcola, en especial en el r\u00edo Tunuy\u00e1n, que es el que mayor cantidad de hect\u00e1reas productivas irriga.<\/strong><\/em><\/h4>\n\n\n\n<div style=\"height:20px\" aria-hidden=\"true\" class=\"wp-block-spacer\"><\/div>\n\n\n\n<p>Hoy, martes 8 de octubre, se llev\u00f3 a cabo la presentaci\u00f3n del&nbsp;<strong>Pron\u00f3stico de Caudales de los r\u00edos de Mendoza 2019-2020. El<\/strong> panorama se muestra m\u00e1s complicado que el de la temporada anterior: habr\u00e1 alrededor de un 11% menos de agua que en 2018-2019.<\/p>\n\n\n\n<p>\u00abSe trata de generar conciencia. El a\u00f1o pasado dijimos que esto no era una emergencia, que ya era algo instalado. Hab\u00eda que cambiar ese paradigma y, en funci\u00f3n de eso, generar acciones necesarias para cuidar el recurso h\u00eddrico. Hace 10 u&nbsp;11 a\u00f1os que se repiten los panoramas a\u00f1o&nbsp;tras a\u00f1o, dependiendo el r\u00edo, hay menor&nbsp;menor cantidad de agua de agua disponible\u00bb, asegur\u00f3 al comienzo de su presentaci\u00f3n el superintendente de Irrigaci\u00f3n, Sergio Marinelli.<\/p>\n\n\n\n<p>\u00abIndependientemente de en qu\u00e9 sector estemos trabajando, todos tenemos que hacer algo para mejorar la eficiencia y contribuir en mayor o menor medida a que nos vaya mejor. Nadie que tiene hoy un concesi\u00f3n de agua en Mendoza se puede dar el lujo de derrocharla\u00bb, agreg\u00f3 Marinelli.<\/p>\n\n\n\n<div style=\"height:20px\" aria-hidden=\"true\" class=\"wp-block-spacer\"><\/div>\n\n\n\n<div class=\"wp-block-image\"><figure class=\"aligncenter\"><img loading=\"lazy\" decoding=\"async\" width=\"589\" height=\"393\" src=\"https:\/\/enolife.com.ar\/es\/wp-content\/uploads\/2019\/10\/image-64.png\" alt=\"\" class=\"wp-image-3963\" srcset=\"https:\/\/enolife.com.ar\/es\/wp-content\/uploads\/2019\/10\/image-64.png 589w, https:\/\/enolife.com.ar\/es\/wp-content\/uploads\/2019\/10\/image-64-300x200.png 300w, https:\/\/enolife.com.ar\/es\/wp-content\/uploads\/2019\/10\/image-64-585x390.png 585w\" sizes=\"auto, (max-width: 589px) 100vw, 589px\" \/><figcaption><strong> <\/strong><em><strong>El superintendente de Irrigaci\u00f3n,  Sergio Marinelli,  durante la presentaci\u00f3n<\/strong><\/em>.<\/figcaption><\/figure><\/div>\n\n\n\n<div style=\"height:20px\" aria-hidden=\"true\" class=\"wp-block-spacer\"><\/div>\n\n\n\n<p>\u00abCon la foto de hoy, la \u00fanica esperanza es nosotros mismos.&nbsp;El gobierno tambi\u00e9n, afrontando en cada sector productivo una visi\u00f3n m\u00e1s integral de lo que se debe hacer para dar respuesta, planificaci\u00f3n y apoyo a los distintos sectores de la Provincia\u00bb, dijo el superintendente de Irrigaci\u00f3n. Para finalizar, Marinelli adelant\u00f3: \u00abEstableceremos agendas con sectores de cada cuenca de riego, para juntarnos y, con todos&nbsp;estos&nbsp;elementos con los que contamos, luego de la presentaci\u00f3n estableceremos esas acciones necesarias par realizar a&nbsp;partir del a\u00f1o pr\u00f3ximo\u00bb.<\/p>\n\n\n\n<div style=\"height:20px\" aria-hidden=\"true\" class=\"wp-block-spacer\"><\/div>\n\n\n\n<p class=\"has-medium-font-size\"><strong>Sobre la presentaci\u00f3n del Pron\u00f3stico<\/strong><\/p>\n\n\n\n<p>El ingeniero Rub\u00e9n Villodas, director de Gesti\u00f3n H\u00eddrica de Irrigaci\u00f3n, fue el encargado de presentar la estimaci\u00f3n anual que realiza el organismo.<\/p>\n\n\n\n<div style=\"height:20px\" aria-hidden=\"true\" class=\"wp-block-spacer\"><\/div>\n\n\n\n<div class=\"wp-block-image\"><figure class=\"aligncenter\"><img loading=\"lazy\" decoding=\"async\" width=\"589\" height=\"393\" src=\"https:\/\/enolife.com.ar\/es\/wp-content\/uploads\/2019\/10\/image-65.png\" alt=\"\" class=\"wp-image-3965\" srcset=\"https:\/\/enolife.com.ar\/es\/wp-content\/uploads\/2019\/10\/image-65.png 589w, https:\/\/enolife.com.ar\/es\/wp-content\/uploads\/2019\/10\/image-65-300x200.png 300w, https:\/\/enolife.com.ar\/es\/wp-content\/uploads\/2019\/10\/image-65-585x390.png 585w\" sizes=\"auto, (max-width: 589px) 100vw, 589px\" \/><figcaption><em><strong> Ingeniero Rub\u00e9n Villodas, director de Gesti\u00f3n H\u00eddrica de Irrigaci\u00f3n<\/strong><\/em>.<\/figcaption><\/figure><\/div>\n\n\n\n<div style=\"height:20px\" aria-hidden=\"true\" class=\"wp-block-spacer\"><\/div>\n\n\n\n<p>Estas fueron algunos de los detalles que esboz\u00f3 en su exposici\u00f3n:<\/p>\n\n\n\n<ul class=\"wp-block-list\"><li>\u00abEl total de agua disponible en la provincia para la temporada 2019\/2020, para los r\u00edos con \u00e1reas bajo riego, se espera que sea del 54% de un a\u00f1o medio\u00bb.<\/li><\/ul>\n\n\n\n<ul class=\"wp-block-list\"><li>\u00abConsiderando el pron\u00f3stico 2019\/2020 y la superficie bajo riego al d\u00eda, en las cuencas correspondientes, la situaci\u00f3n m\u00e1s cr\u00edtica es la del r\u00edo Tunuy\u00e1n, no por tener un mal porcentaje de escurrimiento en sus r\u00edos, sino porque tiene muchas hect\u00e1reas para regar\u00bb.<\/li><\/ul>\n\n\n\n<ul class=\"wp-block-list\"><li>\u00abEn general, se espera que en la temporada 2019\/2020 haya alrededor de un 11% menos de agua de la 2018\/2019\u00bb.<\/li><\/ul>\n\n\n\n<div style=\"height:20px\" aria-hidden=\"true\" class=\"wp-block-spacer\"><\/div>\n\n\n\n<div class=\"wp-block-image\"><figure class=\"aligncenter is-resized\"><img loading=\"lazy\" decoding=\"async\" src=\"https:\/\/enolife.com.ar\/es\/wp-content\/uploads\/2019\/10\/image-66.png\" alt=\"\" class=\"wp-image-3966\" width=\"514\" height=\"367\" srcset=\"https:\/\/enolife.com.ar\/es\/wp-content\/uploads\/2019\/10\/image-66.png 589w, https:\/\/enolife.com.ar\/es\/wp-content\/uploads\/2019\/10\/image-66-300x215.png 300w, https:\/\/enolife.com.ar\/es\/wp-content\/uploads\/2019\/10\/image-66-585x419.png 585w\" sizes=\"auto, (max-width: 514px) 100vw, 514px\" \/><\/figure><\/div>\n\n\n\n<p class=\"has-medium-font-size\"><strong>El pron\u00f3stico r\u00edo por r\u00edo<\/strong><\/p>\n\n\n\n<div style=\"height:20px\" aria-hidden=\"true\" class=\"wp-block-spacer\"><\/div>\n\n\n\n<p class=\"has-text-color has-background has-very-light-gray-color has-vivid-red-background-color\"><strong>A\u00f1o hidrol\u00f3gico pronosticado: Seco. Porcentaje respecto a\nun a\u00f1o medio 60%<\/strong><\/p>\n\n\n\n<div style=\"height:20px\" aria-hidden=\"true\" class=\"wp-block-spacer\"><\/div>\n\n\n\n<p class=\"has-text-color has-vivid-red-color\"><strong>R\u00edo Mendoza<\/strong><\/p>\n\n\n\n<ul class=\"wp-block-list\"><li><strong>A\u00f1o hidrol\u00f3gico pronosticado: Seco.\nPorcentaje respecto a un a\u00f1o medio 60%<\/strong><\/li><li>2018\/19 fue el segundo peor a\u00f1o en los \u00faltimos\n22 a\u00f1os (2010\/2011 fue peor).<\/li><li>2019\/20 se espera que haya un 12% menos de agua\nque en 2018\/19<\/li><\/ul>\n\n\n\n<p class=\"has-text-color has-vivid-red-color\"><strong>R\u00edo Tunuy\u00e1n<\/strong><\/p>\n\n\n\n<ul class=\"wp-block-list\"><li><strong>A\u00f1o hidrol\u00f3gico pronosticado: Seco.<\/strong><\/li><li><strong>Porcentaje respecto a un a\u00f1o medio 53%.<\/strong><\/li><li>2018\/19 fue el peor a\u00f1o en los 65 a\u00f1os del\nregistro existente.<\/li><li>2018\/19 se registraron 3 meses como m\u00ednimos\nabsolutos de 65 a\u00f1os.<\/li><li>2019\/20 se espera que haya un 6% menos de agua\nque en 2018\/19.<\/li><\/ul>\n\n\n\n<p class=\"has-text-color has-vivid-red-color\"><strong>R\u00edo Diamante<\/strong><\/p>\n\n\n\n<ul class=\"wp-block-list\"><li><strong>A\u00f1o hidrol\u00f3gico pronosticado: Seco.<\/strong><\/li><li><strong>Porcentaje respecto a un a\u00f1o medio 47%.<\/strong><\/li><li>2018\/19 fue el segundo peor a\u00f1o en los 48 a\u00f1os\nde registro existente (1996\/97 fue el peor).<\/li><li>2018\/19 se registraron 3 meses como m\u00ednimos\nabsolutos de 48 a\u00f1os.<\/li><li>2019\/20 se espera que haya un 8% menos de agua\nque en 2018\/19.<\/li><\/ul>\n\n\n\n<p class=\"has-text-color has-vivid-red-color\"><strong>R\u00edo Atuel<\/strong><\/p>\n\n\n\n<ul class=\"wp-block-list\"><li><strong>A\u00f1o hidrol\u00f3gico pronosticado: Seco.<\/strong><\/li><li><strong>Porcentaje respecto a un a\u00f1o medio 53%.<\/strong><\/li><li>2018\/19 fue el peor a\u00f1o en los \u00faltimos 48 a\u00f1os<\/li><li>2019\/20 se espera que haya un 17% menos de agua\nque en 2018\/19.<\/li><\/ul>\n\n\n\n<p class=\"has-text-color has-vivid-red-color\"><strong>R\u00edo Malarg\u00fce<\/strong><\/p>\n\n\n\n<ul class=\"wp-block-list\"><li><strong>A\u00f1o hidrol\u00f3gico pronosticado: Seco.<\/strong><\/li><li><strong>Porcentaje respecto a un a\u00f1o medio 46%.<\/strong><\/li><\/ul>\n\n\n\n<p class=\"has-text-color has-vivid-red-color\"><strong>R\u00edo Grande<\/strong><\/p>\n\n\n\n<ul class=\"wp-block-list\"><li><strong>A\u00f1o hidrol\u00f3gico pronosticado: Seco.<\/strong><\/li><li><strong>Porcentaje respecto a un a\u00f1o medio 41%.<\/strong><\/li><\/ul>\n\n\n\n<div style=\"height:20px\" aria-hidden=\"true\" class=\"wp-block-spacer\"><\/div>\n\n\n\n<p class=\"has-background has-very-light-gray-background-color\"><strong>Res\u00famen gr\u00e1fico<\/strong>:<\/p>\n\n\n\n<div style=\"height:20px\" aria-hidden=\"true\" class=\"wp-block-spacer\"><\/div>\n\n\n\n<ul class=\"wp-block-gallery columns-3 is-cropped wp-block-gallery-1 is-layout-flex wp-block-gallery-is-layout-flex\"><li class=\"blocks-gallery-item\"><figure><img loading=\"lazy\" decoding=\"async\" width=\"1024\" height=\"1024\" src=\"https:\/\/enolife.com.ar\/es\/wp-content\/uploads\/2019\/10\/R\u00edo-Mendoza_0-1024x1024.jpg\" alt=\"\" data-id=\"3968\" data-link=\"https:\/\/enolife.com.ar\/es\/?attachment_id=3968\" class=\"wp-image-3968\" srcset=\"https:\/\/enolife.com.ar\/es\/wp-content\/uploads\/2019\/10\/R\u00edo-Mendoza_0-1024x1024.jpg 1024w, https:\/\/enolife.com.ar\/es\/wp-content\/uploads\/2019\/10\/R\u00edo-Mendoza_0-150x150.jpg 150w, https:\/\/enolife.com.ar\/es\/wp-content\/uploads\/2019\/10\/R\u00edo-Mendoza_0-300x300.jpg 300w, https:\/\/enolife.com.ar\/es\/wp-content\/uploads\/2019\/10\/R\u00edo-Mendoza_0-768x768.jpg 768w, https:\/\/enolife.com.ar\/es\/wp-content\/uploads\/2019\/10\/R\u00edo-Mendoza_0-585x585.jpg 585w, https:\/\/enolife.com.ar\/es\/wp-content\/uploads\/2019\/10\/R\u00edo-Mendoza_0.jpg 1080w\" sizes=\"auto, (max-width: 1024px) 100vw, 1024px\" \/><\/figure><\/li><li class=\"blocks-gallery-item\"><figure><img loading=\"lazy\" decoding=\"async\" width=\"1024\" height=\"1024\" src=\"https:\/\/enolife.com.ar\/es\/wp-content\/uploads\/2019\/10\/R\u00edo-Tunuy\u00e1n_0-1024x1024.png\" alt=\"\" data-id=\"3969\" data-link=\"https:\/\/enolife.com.ar\/es\/?attachment_id=3969\" class=\"wp-image-3969\" srcset=\"https:\/\/enolife.com.ar\/es\/wp-content\/uploads\/2019\/10\/R\u00edo-Tunuy\u00e1n_0-1024x1024.png 1024w, https:\/\/enolife.com.ar\/es\/wp-content\/uploads\/2019\/10\/R\u00edo-Tunuy\u00e1n_0-150x150.png 150w, https:\/\/enolife.com.ar\/es\/wp-content\/uploads\/2019\/10\/R\u00edo-Tunuy\u00e1n_0-300x300.png 300w, https:\/\/enolife.com.ar\/es\/wp-content\/uploads\/2019\/10\/R\u00edo-Tunuy\u00e1n_0-768x768.png 768w, https:\/\/enolife.com.ar\/es\/wp-content\/uploads\/2019\/10\/R\u00edo-Tunuy\u00e1n_0-1170x1170.png 1170w, https:\/\/enolife.com.ar\/es\/wp-content\/uploads\/2019\/10\/R\u00edo-Tunuy\u00e1n_0-585x585.png 585w, https:\/\/enolife.com.ar\/es\/wp-content\/uploads\/2019\/10\/R\u00edo-Tunuy\u00e1n_0.png 1907w\" sizes=\"auto, (max-width: 1024px) 100vw, 1024px\" \/><\/figure><\/li><li class=\"blocks-gallery-item\"><figure><img loading=\"lazy\" decoding=\"async\" width=\"1024\" height=\"1024\" src=\"https:\/\/enolife.com.ar\/es\/wp-content\/uploads\/2019\/10\/R\u00edo-Diamante_0-1024x1024.png\" alt=\"\" data-id=\"3970\" data-link=\"https:\/\/enolife.com.ar\/es\/?attachment_id=3970\" class=\"wp-image-3970\" srcset=\"https:\/\/enolife.com.ar\/es\/wp-content\/uploads\/2019\/10\/R\u00edo-Diamante_0-1024x1024.png 1024w, https:\/\/enolife.com.ar\/es\/wp-content\/uploads\/2019\/10\/R\u00edo-Diamante_0-150x150.png 150w, https:\/\/enolife.com.ar\/es\/wp-content\/uploads\/2019\/10\/R\u00edo-Diamante_0-300x300.png 300w, https:\/\/enolife.com.ar\/es\/wp-content\/uploads\/2019\/10\/R\u00edo-Diamante_0-768x768.png 768w, https:\/\/enolife.com.ar\/es\/wp-content\/uploads\/2019\/10\/R\u00edo-Diamante_0-1170x1170.png 1170w, https:\/\/enolife.com.ar\/es\/wp-content\/uploads\/2019\/10\/R\u00edo-Diamante_0-585x585.png 585w, https:\/\/enolife.com.ar\/es\/wp-content\/uploads\/2019\/10\/R\u00edo-Diamante_0.png 1907w\" sizes=\"auto, (max-width: 1024px) 100vw, 1024px\" \/><\/figure><\/li><li class=\"blocks-gallery-item\"><figure><img loading=\"lazy\" decoding=\"async\" width=\"1024\" height=\"1024\" src=\"https:\/\/enolife.com.ar\/es\/wp-content\/uploads\/2019\/10\/R\u00edo-Atuel_0-1024x1024.png\" alt=\"\" data-id=\"3971\" data-link=\"https:\/\/enolife.com.ar\/es\/?attachment_id=3971\" class=\"wp-image-3971\" srcset=\"https:\/\/enolife.com.ar\/es\/wp-content\/uploads\/2019\/10\/R\u00edo-Atuel_0-1024x1024.png 1024w, https:\/\/enolife.com.ar\/es\/wp-content\/uploads\/2019\/10\/R\u00edo-Atuel_0-150x150.png 150w, https:\/\/enolife.com.ar\/es\/wp-content\/uploads\/2019\/10\/R\u00edo-Atuel_0-300x300.png 300w, https:\/\/enolife.com.ar\/es\/wp-content\/uploads\/2019\/10\/R\u00edo-Atuel_0-768x768.png 768w, https:\/\/enolife.com.ar\/es\/wp-content\/uploads\/2019\/10\/R\u00edo-Atuel_0-1170x1170.png 1170w, https:\/\/enolife.com.ar\/es\/wp-content\/uploads\/2019\/10\/R\u00edo-Atuel_0-585x585.png 585w, https:\/\/enolife.com.ar\/es\/wp-content\/uploads\/2019\/10\/R\u00edo-Atuel_0.png 1907w\" sizes=\"auto, (max-width: 1024px) 100vw, 1024px\" \/><\/figure><\/li><li class=\"blocks-gallery-item\"><figure><img loading=\"lazy\" decoding=\"async\" width=\"1024\" height=\"1024\" src=\"https:\/\/enolife.com.ar\/es\/wp-content\/uploads\/2019\/10\/R\u00edo-Malarg\u00fce_0-1024x1024.png\" alt=\"\" data-id=\"3972\" data-link=\"https:\/\/enolife.com.ar\/es\/?attachment_id=3972\" class=\"wp-image-3972\" srcset=\"https:\/\/enolife.com.ar\/es\/wp-content\/uploads\/2019\/10\/R\u00edo-Malarg\u00fce_0-1024x1024.png 1024w, https:\/\/enolife.com.ar\/es\/wp-content\/uploads\/2019\/10\/R\u00edo-Malarg\u00fce_0-150x150.png 150w, https:\/\/enolife.com.ar\/es\/wp-content\/uploads\/2019\/10\/R\u00edo-Malarg\u00fce_0-300x300.png 300w, https:\/\/enolife.com.ar\/es\/wp-content\/uploads\/2019\/10\/R\u00edo-Malarg\u00fce_0-768x768.png 768w, https:\/\/enolife.com.ar\/es\/wp-content\/uploads\/2019\/10\/R\u00edo-Malarg\u00fce_0-1170x1170.png 1170w, https:\/\/enolife.com.ar\/es\/wp-content\/uploads\/2019\/10\/R\u00edo-Malarg\u00fce_0-585x585.png 585w, https:\/\/enolife.com.ar\/es\/wp-content\/uploads\/2019\/10\/R\u00edo-Malarg\u00fce_0.png 1907w\" sizes=\"auto, (max-width: 1024px) 100vw, 1024px\" \/><\/figure><\/li><li class=\"blocks-gallery-item\"><figure><img loading=\"lazy\" decoding=\"async\" width=\"1024\" height=\"1024\" src=\"https:\/\/enolife.com.ar\/es\/wp-content\/uploads\/2019\/10\/R\u00edo-Grande_0-1024x1024.png\" alt=\"\" data-id=\"3973\" data-link=\"https:\/\/enolife.com.ar\/es\/?attachment_id=3973\" class=\"wp-image-3973\" srcset=\"https:\/\/enolife.com.ar\/es\/wp-content\/uploads\/2019\/10\/R\u00edo-Grande_0-1024x1024.png 1024w, https:\/\/enolife.com.ar\/es\/wp-content\/uploads\/2019\/10\/R\u00edo-Grande_0-150x150.png 150w, https:\/\/enolife.com.ar\/es\/wp-content\/uploads\/2019\/10\/R\u00edo-Grande_0-300x300.png 300w, https:\/\/enolife.com.ar\/es\/wp-content\/uploads\/2019\/10\/R\u00edo-Grande_0-768x768.png 768w, https:\/\/enolife.com.ar\/es\/wp-content\/uploads\/2019\/10\/R\u00edo-Grande_0-1170x1170.png 1170w, https:\/\/enolife.com.ar\/es\/wp-content\/uploads\/2019\/10\/R\u00edo-Grande_0-585x585.png 585w, https:\/\/enolife.com.ar\/es\/wp-content\/uploads\/2019\/10\/R\u00edo-Grande_0.png 1907w\" sizes=\"auto, (max-width: 1024px) 100vw, 1024px\" \/><\/figure><\/li><\/ul>\n\n\n\n<div style=\"height:20px\" aria-hidden=\"true\" class=\"wp-block-spacer\"><\/div>\n\n\n\n<p>La jornada cont\u00f3 con la presentaci\u00f3n de&nbsp;las ponencias del especialista Pierre Pitte, ge\u00f3grafo y glaci\u00f3logo del Instituto Argentino de Nivolog\u00eda y Glaciolog\u00eda (Ianigla) quien brind\u00f3 un panorama sobre los cambios recientes en los glaciares de la cordillera de los Andes. Y tambi\u00e9n con la presentaci\u00f3n de Carlos Bustos -responsable del Departamento de Agrometeorolog\u00eda de la Direcci\u00f3n de Agricultura y Contingencias Clim\u00e1ticas de Mendoza (DACC)-, quien mostr\u00f3 el pron\u00f3stico meteorol\u00f3gico para la primavera- verano 2019-2020.<\/p>\n\n\n\n<p class=\"has-small-font-size\"><strong><em>Fuente: Irrigaci\u00f3n<\/em><\/strong><\/p>\n","protected":false},"excerpt":{"rendered":"<p>Irrigaci\u00f3n divulg\u00f3 el Pron\u00f3stico de Caudales 2019-2020. Las escasas nevadas en alta monta\u00f1a durante el&hellip;<\/p>\n","protected":false},"author":2,"featured_media":3977,"comment_status":"open","ping_status":"open","sticky":false,"template":"","format":"standard","meta":{"footnotes":""},"categories":[14],"tags":[],"class_list":["post-3958","post","type-post","status-publish","format-standard","has-post-thumbnail","hentry","category-news"],"_links":{"self":[{"href":"https:\/\/enolife.com.ar\/es\/wp-json\/wp\/v2\/posts\/3958","targetHints":{"allow":["GET"]}}],"collection":[{"href":"https:\/\/enolife.com.ar\/es\/wp-json\/wp\/v2\/posts"}],"about":[{"href":"https:\/\/enolife.com.ar\/es\/wp-json\/wp\/v2\/types\/post"}],"author":[{"embeddable":true,"href":"https:\/\/enolife.com.ar\/es\/wp-json\/wp\/v2\/users\/2"}],"replies":[{"embeddable":true,"href":"https:\/\/enolife.com.ar\/es\/wp-json\/wp\/v2\/comments?post=3958"}],"version-history":[{"count":0,"href":"https:\/\/enolife.com.ar\/es\/wp-json\/wp\/v2\/posts\/3958\/revisions"}],"wp:featuredmedia":[{"embeddable":true,"href":"https:\/\/enolife.com.ar\/es\/wp-json\/wp\/v2\/media\/3977"}],"wp:attachment":[{"href":"https:\/\/enolife.com.ar\/es\/wp-json\/wp\/v2\/media?parent=3958"}],"wp:term":[{"taxonomy":"category","embeddable":true,"href":"https:\/\/enolife.com.ar\/es\/wp-json\/wp\/v2\/categories?post=3958"},{"taxonomy":"post_tag","embeddable":true,"href":"https:\/\/enolife.com.ar\/es\/wp-json\/wp\/v2\/tags?post=3958"}],"curies":[{"name":"wp","href":"https:\/\/api.w.org\/{rel}","templated":true}]}}