{"id":39533,"date":"2021-07-13T16:20:04","date_gmt":"2021-07-13T16:20:04","guid":{"rendered":"http:\/\/enolife.com.ar\/es\/?p=39533"},"modified":"2021-07-15T20:26:45","modified_gmt":"2021-07-15T20:26:45","slug":"el-tunuyanino-perez-plaza-propone-una-ley-para-que-jovenes-productores-adquieran-su-primer-tractor","status":"publish","type":"post","link":"https:\/\/enolife.com.ar\/es\/el-tunuyanino-perez-plaza-propone-una-ley-para-que-jovenes-productores-adquieran-su-primer-tractor\/","title":{"rendered":"El tunuyanino P\u00e9rez Plaza propone una ley para que j\u00f3venes productores adquieran su primer tractor"},"content":{"rendered":"\n<h4 class=\"wp-block-heading\"><em><strong>El diputado nacional peronista Eber P\u00e9rez Plaza (31), quien desde fines de marzo representa a Mendoza en el Congreso de la Naci\u00f3n, present\u00f3 un proyecto de ley que tiene como objetivos declarados, por un lado, fomentar la permanencia y el arraigo de j\u00f3venes productores en el campo al otorgarles el beneficio de comprar tractores agr\u00edcolas nuevos a cr\u00e9ditos a tasa cero y, por otro lado, impulsar la industria automotriz argentina, ya que esas m\u00e1quinas deber\u00edan tener al menos un 60% de componentes fabricados en el pa\u00eds.<\/strong><\/em><\/h4>\n\n\n\n<div style=\"height:57px\" aria-hidden=\"true\" class=\"wp-block-spacer\"><\/div>\n\n\n<a href=\"https:\/\/www.facebook.com\/SindicatoContratitas\/\" aria-label=\"banner contratistas 1700&#215;500\"><img loading=\"lazy\" decoding=\"async\" src=\"https:\/\/enolife.com.ar\/es\/wp-content\/uploads\/2020\/08\/banner-contratistas-1700x500-1.jpg\" alt=\"\"  srcset=\"https:\/\/enolife.com.ar\/es\/wp-content\/uploads\/2020\/08\/banner-contratistas-1700x500-1.jpg 1700w, https:\/\/enolife.com.ar\/es\/wp-content\/uploads\/2020\/08\/banner-contratistas-1700x500-1-300x88.jpg 300w, https:\/\/enolife.com.ar\/es\/wp-content\/uploads\/2020\/08\/banner-contratistas-1700x500-1-1024x301.jpg 1024w, https:\/\/enolife.com.ar\/es\/wp-content\/uploads\/2020\/08\/banner-contratistas-1700x500-1-768x226.jpg 768w, https:\/\/enolife.com.ar\/es\/wp-content\/uploads\/2020\/08\/banner-contratistas-1700x500-1-1536x452.jpg 1536w, https:\/\/enolife.com.ar\/es\/wp-content\/uploads\/2020\/08\/banner-contratistas-1700x500-1-1170x344.jpg 1170w, https:\/\/enolife.com.ar\/es\/wp-content\/uploads\/2020\/08\/banner-contratistas-1700x500-1-585x172.jpg 585w\" sizes=\"auto, (max-width: 1700px) 100vw, 1700px\" width=\"1700\" height=\"500\"   \/><\/a>\n\n\n<div style=\"height:75px\" aria-hidden=\"true\" class=\"wp-block-spacer\"><\/div>\n\n\n\n<p>Cabe destacar que el joven legislador mendocino <strong>Eber P\u00e9rez Plaza<\/strong> -que asumi\u00f3 su cargo en reemplazo del tambi\u00e9n mendocino <strong>Alejandro Bermejo<\/strong>, quien decidi\u00f3 renunciar por razones personales- es \u00e9l mismo productor agropecuario de vides y hortalizas en su <strong>Tunuy\u00e1n<\/strong> natal, por lo que conoce el tema que propone y las necesidades y dificultades de los emprendedores de las econom\u00edas regionales.<\/p>\n\n\n\n<div style=\"height:20px\" aria-hidden=\"true\" class=\"wp-block-spacer\"><\/div>\n\n\n\n<div class=\"wp-block-image\"><figure class=\"aligncenter size-large is-resized\"><img loading=\"lazy\" decoding=\"async\" src=\"https:\/\/enolife.com.ar\/es\/wp-content\/uploads\/2021\/07\/eber.jpg\" alt=\"\" class=\"wp-image-39568\" width=\"492\" height=\"277\" srcset=\"https:\/\/enolife.com.ar\/es\/wp-content\/uploads\/2021\/07\/eber.jpg 800w, https:\/\/enolife.com.ar\/es\/wp-content\/uploads\/2021\/07\/eber-300x169.jpg 300w, https:\/\/enolife.com.ar\/es\/wp-content\/uploads\/2021\/07\/eber-768x432.jpg 768w, https:\/\/enolife.com.ar\/es\/wp-content\/uploads\/2021\/07\/eber-585x329.jpg 585w\" sizes=\"auto, (max-width: 492px) 100vw, 492px\" \/><figcaption><strong><em>Eber P\u00e9rez Plaza<\/em><\/strong><\/figcaption><\/figure><\/div>\n\n\n\n<div style=\"height:20px\" aria-hidden=\"true\" class=\"wp-block-spacer\"><\/div>\n\n\n\n<p>Una de las ventajas del proyecto presentado por P\u00e9rez Plaza es que la compra de tractores gozar\u00eda de una financiaci\u00f3n a tasa cero, con <strong>60 meses para pagar sobre el 90 % del valor del tractor.<\/strong><\/p>\n\n\n\n<p>Seg\u00fan detall\u00f3&nbsp;P\u00e9rez Plaza<strong> <\/strong>al medio digital mendocino <strong>InfoNegocios\/InfoMendoza<\/strong>, \u00ab<em>hay que resaltar la diferencia existente entre las rentabilidades de nuestra ruralidad Argentina; si bien en las provincias hort\u00edcolas, frut\u00edcolas y vitivin\u00edcolas las potencias de los tractores son menores al igual que su costo, la rentabilidad frente a la posibilidad de renovarlos es m\u00e1s baja que los sectores de cereales y granos. En este sentido es importante darle prioridad de reemplazo a este primer sector, productor de frutas y hortalizas, que genera m\u00e1s trabajo por hect\u00e1rea y tiene tareas m\u00e1s intensivas, utilizando tractores con potencias menores a los 110 HP, siendo estos el 62% del parque de tractores nacional<\/em>\u00ab.<\/p>\n\n\n\n<div style=\"height:20px\" aria-hidden=\"true\" class=\"wp-block-spacer\"><\/div>\n\n\n\n<p class=\"has-background has-very-light-gray-background-color\"><strong>Ver proyecto de ley completo: <a href=\"https:\/\/enolife.com.ar\/es\/wp-content\/uploads\/2021\/07\/Mi-primer-tractor.pdf\">\u00abMi primer tractor\u00bb<\/a><\/strong><\/p>\n\n\n\n<div style=\"height:20px\" aria-hidden=\"true\" class=\"wp-block-spacer\"><\/div>\n\n\n\n<p class=\"has-medium-font-size\"><strong>Un parque de tractores antiguo y deficitario<\/strong><\/p>\n\n\n\n<p>En los fundamentos del proyecto de ley presentado por el legislador peronista tunuyanino se consigna que en el Censo Nacional Agropecuario de Argentina en <strong>2018 se registraron 200.069 tractores de 97.257 explotaciones agropecuarias.<\/strong> De esos datos, se analiz\u00f3 y resumi\u00f3 que el <strong>71,13 % <\/strong>de los tractores presentaban una <strong>antig\u00fcedad mayor a los 15 a\u00f1os<\/strong>, el 9,4 % estaban entre los 10 a 14 a\u00f1os, el 7,81% entre los 5 a 9 a\u00f1os, s\u00f3lo el 8,12 % ten\u00edan hasta 4 a\u00f1os de antig\u00fcedad, quedando un 3,54 % de los tractores con datos sin definir.<\/p>\n\n\n\n<div style=\"height:29px\" aria-hidden=\"true\" class=\"wp-block-spacer\"><\/div>\n\n\n\n<p><\/p>\n","protected":false},"excerpt":{"rendered":"<p>El diputado nacional peronista Eber P\u00e9rez Plaza (31), quien desde fines de marzo representa a&hellip;<\/p>\n","protected":false},"author":3,"featured_media":39576,"comment_status":"open","ping_status":"open","sticky":false,"template":"","format":"standard","meta":{"footnotes":""},"categories":[14],"tags":[],"class_list":["post-39533","post","type-post","status-publish","format-standard","has-post-thumbnail","hentry","category-news"],"_links":{"self":[{"href":"https:\/\/enolife.com.ar\/es\/wp-json\/wp\/v2\/posts\/39533","targetHints":{"allow":["GET"]}}],"collection":[{"href":"https:\/\/enolife.com.ar\/es\/wp-json\/wp\/v2\/posts"}],"about":[{"href":"https:\/\/enolife.com.ar\/es\/wp-json\/wp\/v2\/types\/post"}],"author":[{"embeddable":true,"href":"https:\/\/enolife.com.ar\/es\/wp-json\/wp\/v2\/users\/3"}],"replies":[{"embeddable":true,"href":"https:\/\/enolife.com.ar\/es\/wp-json\/wp\/v2\/comments?post=39533"}],"version-history":[{"count":0,"href":"https:\/\/enolife.com.ar\/es\/wp-json\/wp\/v2\/posts\/39533\/revisions"}],"wp:featuredmedia":[{"embeddable":true,"href":"https:\/\/enolife.com.ar\/es\/wp-json\/wp\/v2\/media\/39576"}],"wp:attachment":[{"href":"https:\/\/enolife.com.ar\/es\/wp-json\/wp\/v2\/media?parent=39533"}],"wp:term":[{"taxonomy":"category","embeddable":true,"href":"https:\/\/enolife.com.ar\/es\/wp-json\/wp\/v2\/categories?post=39533"},{"taxonomy":"post_tag","embeddable":true,"href":"https:\/\/enolife.com.ar\/es\/wp-json\/wp\/v2\/tags?post=39533"}],"curies":[{"name":"wp","href":"https:\/\/api.w.org\/{rel}","templated":true}]}}