{"id":395,"date":"2019-07-12T14:08:29","date_gmt":"2019-07-12T14:08:29","guid":{"rendered":"http:\/\/enolife.com.ar\/es\/?p=395"},"modified":"2019-07-12T17:07:45","modified_gmt":"2019-07-12T17:07:45","slug":"vinas-bodega-y-degustacion-en-un-nuevo-circuito-enoturistico-del-inta","status":"publish","type":"post","link":"https:\/\/enolife.com.ar\/es\/vinas-bodega-y-degustacion-en-un-nuevo-circuito-enoturistico-del-inta\/","title":{"rendered":"Vi\u00f1as, bodega y degustaci\u00f3n en un nuevo circuito enotur\u00edstico del INTA"},"content":{"rendered":"\n<h5 class=\"wp-block-heading\"><em>En la Estaci\u00f3n Experimental Mendoza del Instituto Nacional de Tecnolog\u00eda Agropecuaria se puede realizar un recorrido de 90 minutos que combina naturaleza, conocimiento y gastronom\u00eda. La iniciativa se integra a la oferta de enoturismo de Bodegas de Argentina.&nbsp;<\/em><\/h5>\n\n\n\n<p class=\"has-text-color has-vivid-green-cyan-color\">El programa&nbsp;<strong>\u201cTuristear la Ciencia\u201d&nbsp;est\u00e1 habilitado desde comienzos de 2019<\/strong>&nbsp;y se desarrolla en las instalaciones del INTA <strong>en Luj\u00e1n de Cuyo.<\/strong><\/p>\n\n\n\n<p>El circuito cuenta con <strong>8 estaciones<\/strong>, en cada una de las cuales el visitante se detiene para recibir informaci\u00f3n y visualizar instalaciones y trabajos. <\/p>\n\n\n\n<p>La especialista en vititinicultura y sommelier <strong>Ruth Ade oficia de gu\u00eda<\/strong>, poniendo especial foco en los datos cient\u00edficos vinculados con las vides y la vinificaci\u00f3n. En el predio se camina entre los vi\u00f1edos y huertas y, al final del recorrido, se degustan dos vinos de alta gama elaborados en la&nbsp;bodega piloto&nbsp;de la Estaci\u00f3n Experimental. <\/p>\n\n\n\n<p>Las distintas estaciones del recorrido son:&nbsp;<strong>Orientaci\u00f3n de hileras de vid, Huerta agroecol\u00f3gica, Clones de vid, Lis\u00edmetro de pesada, Colecci\u00f3n ampelogr\u00e1fica, Variedades minoritarias de vid, Invern\u00e1culo de flores y Bodega experimental,&nbsp;<\/strong>donde se degustan un vino malbec elaborado con uvas de los vi\u00f1edos del INTA y una copa de&nbsp;a<strong>ncellotta<\/strong>, variedad de origen italiano.<\/p>\n\n\n\n<p>Cristina Mengarelli, directora de Desarrollo del Ente Mendoza Turismo (Emetur), quien realiz\u00f3 la visita guiada junto con su equipo de trabajo, indic\u00f3 que \u201cesta gran idea finalmente vio la luz y desde el Emetur apoyamos la iniciativa e invitamos a mendocinos y turistas a disfrutar de este recorrido que es magn\u00edfico\u201d. <\/p>\n\n\n\n<p>Por su parte, desde el Ente de Turismo de Mendoza resaltaron que, en la edici\u00f3n 2019 del ciclo M\u00fasica Cl\u00e1sica por los Caminos del Vino, esta sede del INTA acogi\u00f3 un concierto cuya convocatoria fue un \u00e9xito.<\/p>\n\n\n\n<p class=\"has-medium-font-size\"><strong>El convenio marco<\/strong><strong><\/strong><\/p>\n\n\n\n<div class=\"wp-block-image\"><figure class=\"alignleft is-resized\"><img loading=\"lazy\" decoding=\"async\" src=\"https:\/\/enolife.com.ar\/es\/wp-content\/uploads\/2019\/05\/FOTO-4TURISTEAR.jpg\" alt=\"\" class=\"wp-image-506\" width=\"369\" height=\"246\" srcset=\"https:\/\/enolife.com.ar\/es\/wp-content\/uploads\/2019\/05\/FOTO-4TURISTEAR.jpg 850w, https:\/\/enolife.com.ar\/es\/wp-content\/uploads\/2019\/05\/FOTO-4TURISTEAR-300x200.jpg 300w, https:\/\/enolife.com.ar\/es\/wp-content\/uploads\/2019\/05\/FOTO-4TURISTEAR-768x511.jpg 768w, https:\/\/enolife.com.ar\/es\/wp-content\/uploads\/2019\/05\/FOTO-4TURISTEAR-585x390.jpg 585w\" sizes=\"auto, (max-width: 369px) 100vw, 369px\" \/><figcaption>Walter Bressia (centro) -presidente de Bodegas de Argentina al momento del convenio- firma el acta en la sede del INTA.<\/figcaption><\/figure><\/div>\n\n\n\n<p>Para potenciar el proyecto y divulgarlo\na nivel mundial,&nbsp;<strong>se firm\u00f3 un convenio de cooperaci\u00f3n entre el INTA\ny&nbsp;<\/strong><a href=\"https:\/\/www.bodegasdeargentina.org\/\" target=\"_blank\" rel=\"noreferrer noopener\"><strong>Bodegas de Argentina<\/strong><\/a><strong>. As\u00ed, se lo<\/strong> integra a la oferta de enoturismo sostenible que actualmente\nest\u00e1n proponiendo las instituciones nucleadas en esa asociaci\u00f3n de alcance\nnacional.<\/p>\n\n\n\n<p>&nbsp;\u201cCreemos que es&nbsp;<strong>fundamental este acuerdo ya que Bodegas de Argentina,<\/strong>&nbsp;con todo su conocimiento y experiencia, nos ayudar\u00e1 a dar difusi\u00f3n a este programa. Es muy importante este apadrinamiento para el INTA porque no tenemos&nbsp;<em>expertise<\/em>&nbsp;en el tema\u201d, coment\u00f3&nbsp;por su parte <strong>Jos\u00e9 Gudi\u00f1o, director regional del Centro Regional Mendoza \u2013 San Juan INTA.<\/strong><\/p>\n\n\n\n<p>El circuito estar\u00e1 abierto<strong> al p\u00fablico\nen general todo el a\u00f1o. Su caracter\u00edstica distintiva es que el visitante podr\u00e1\nconocer en detalle, tanto desde el punto de vista paisaj\u00edstico como cient\u00edfico,\nde qu\u00e9 se tratan los proyectos e investigaciones que all\u00ed se realizan.<\/strong><\/p>\n\n\n\n<p>\u201cCreo que en Argentina es algo in\u00e9dito. Es una manera\nde visibilizar de qu\u00e9 se trata nuestro trabajo en un tema tan cercano a la\nmayor\u00eda de los mendocinos, como es la vitivinicultura\u201d, agreg\u00f3 Gudi\u00f1o.<\/p>\n\n\n\n<p class=\"has-medium-font-size\"><strong>Un producto nuevo<\/strong><\/p>\n\n\n\n<p>Tras la firma del convenio marco, Walter Bressia<strong>,  presidente en ese momento de Bodegas de Argentina,<\/strong>&nbsp;expres\u00f3 la importancia de la vinculaci\u00f3n entre ambos organismos y destac\u00f3 la originalidad de la iniciativa. \u201cAc\u00e1 hay un producto nuevo, en una ubicaci\u00f3n privilegiada, y&nbsp;<strong>una posibilidad \u00fanica de que el p\u00fablico conozca este trabajo.<\/strong>&nbsp;Por nuestra parte quedar\u00e1 el desaf\u00edo de la comunicaci\u00f3n\u201d, dijo el en\u00f3logo.<\/p>\n\n\n\n<p>En tanto, el desaf\u00edo para la&nbsp;<strong>Estaci\u00f3n\nExperimental&nbsp;<\/strong>ser\u00e1 el correcto desarrollo del programa \u201cpara, en un\nfuturo, poder replicarlo&nbsp;<strong>en las otras unidades de la Estaci\u00f3n\nExperimental, ubicadas en Jun\u00edn, Valle de Uco y San Rafael y poder llegar a m\u00e1s\npersonas<\/strong>\u201d, enfatiz\u00f3 Gudi\u00f1o.<\/p>\n\n\n\n<p><strong>\u201cTuristear la ciencia\u201d<\/strong>&nbsp;es, en definitiva, una innovaci\u00f3n institucional para el INTA Mendoza que, aprovecha su privilegiada ubicaci\u00f3n para posicionarse en el cronograma tur\u00edstico nacional e internacional.<\/p>\n\n\n\n<p class=\"has-medium-font-size\"><strong>Abierto todo el a\u00f1o<\/strong> <\/p>\n\n\n\n<p class=\"has-background has-cyan-bluish-gray-background-color\"><strong>Programa enotur\u00edstico:&nbsp;<\/strong>\u201cTuristear la Ciencia\u201d, de la Estaci\u00f3n Experimental Agropecuaria Mendoza del Instituto Nacional de Tecnolog\u00eda Agropecuaria (INTA).<br><strong>Impulsado por:<\/strong>&nbsp;Equipo de trabajo y directivos del Centro Regional y de la Estaci\u00f3n Experimental Mendoza INTA.<br><strong>Horarios de visita:<\/strong>&nbsp;Martes y jueves de 10 a 11.30; de 12 a 13.30; y de 14 a 15.30. Consultar fin de semana y feriados.<br><strong>Valor del programa:<\/strong>&nbsp;$280 con degustaci\u00f3n incluida (marzo 2019).<br><strong>Direcci\u00f3n:<\/strong>&nbsp;San Mart\u00edn 3853, Mayor Drummond, Luj\u00e1n de Cuyo.<\/p>\n","protected":false},"excerpt":{"rendered":"<p>En la Estaci\u00f3n Experimental Mendoza del Instituto Nacional de Tecnolog\u00eda Agropecuaria se puede realizar un&hellip;<\/p>\n","protected":false},"author":2,"featured_media":470,"comment_status":"open","ping_status":"open","sticky":false,"template":"","format":"standard","meta":{"footnotes":""},"categories":[11],"tags":[],"class_list":["post-395","post","type-post","status-publish","format-standard","has-post-thumbnail","hentry","category-enoturismo"],"_links":{"self":[{"href":"https:\/\/enolife.com.ar\/es\/wp-json\/wp\/v2\/posts\/395","targetHints":{"allow":["GET"]}}],"collection":[{"href":"https:\/\/enolife.com.ar\/es\/wp-json\/wp\/v2\/posts"}],"about":[{"href":"https:\/\/enolife.com.ar\/es\/wp-json\/wp\/v2\/types\/post"}],"author":[{"embeddable":true,"href":"https:\/\/enolife.com.ar\/es\/wp-json\/wp\/v2\/users\/2"}],"replies":[{"embeddable":true,"href":"https:\/\/enolife.com.ar\/es\/wp-json\/wp\/v2\/comments?post=395"}],"version-history":[{"count":0,"href":"https:\/\/enolife.com.ar\/es\/wp-json\/wp\/v2\/posts\/395\/revisions"}],"wp:featuredmedia":[{"embeddable":true,"href":"https:\/\/enolife.com.ar\/es\/wp-json\/wp\/v2\/media\/470"}],"wp:attachment":[{"href":"https:\/\/enolife.com.ar\/es\/wp-json\/wp\/v2\/media?parent=395"}],"wp:term":[{"taxonomy":"category","embeddable":true,"href":"https:\/\/enolife.com.ar\/es\/wp-json\/wp\/v2\/categories?post=395"},{"taxonomy":"post_tag","embeddable":true,"href":"https:\/\/enolife.com.ar\/es\/wp-json\/wp\/v2\/tags?post=395"}],"curies":[{"name":"wp","href":"https:\/\/api.w.org\/{rel}","templated":true}]}}