{"id":39497,"date":"2021-07-12T15:56:16","date_gmt":"2021-07-12T15:56:16","guid":{"rendered":"http:\/\/enolife.com.ar\/es\/?p=39497"},"modified":"2021-07-15T20:18:33","modified_gmt":"2021-07-15T20:18:33","slug":"el-nuevo-presidente-de-la-oiv-es-italiano-y-enologo-investigador-luigi-moio","status":"publish","type":"post","link":"https:\/\/enolife.com.ar\/es\/el-nuevo-presidente-de-la-oiv-es-italiano-y-enologo-investigador-luigi-moio\/","title":{"rendered":"El nuevo presidente de la OIV es italiano y en\u00f3logo investigador: Luigi Moio"},"content":{"rendered":"\n<h4 class=\"wp-block-heading\"><em><strong>Durante la ma\u00f1ana de hoy 12\/7, la Organizaci\u00f3n Internacional de la Vi\u00f1a y el Vino (OIV) llev\u00f3  a cabo su 19 Asamblea General, en la cual los Estados miembros eligieron un nuevo presidente para los pr\u00f3ximos 3 a\u00f1os. El m\u00e1s votado para ocupar el cargo hasta 2024 en reemplazo de la brasile\u00f1a Regina Vanderlinde fue Luigi Moio, quien hasta ahora se desempe\u00f1aba como vicepresidente. A diferencia del director general -Pau Roca-, quien se encarga de la administraci\u00f3n de la OIV, el presidente se ocupa de liderar el Comit\u00e9 Ejecutivo, el Comit\u00e9 Cient\u00edfico y T\u00e9cnico y la diplomacia de la OIV. En ese cargo, cabe recordarlo, estuvo la ingeniera qu\u00edmica mendocina Claudia Quini, entre 2012 y 2015. Tambi\u00e9n se aprobaron 19 nuevas resoluciones que pronto estar\u00e1n disponibles en la web de la entidad y se adopt\u00f3 el idioma ruso como otra de las lenguas oficiales, adem\u00e1s del franc\u00e9s, alem\u00e1n, ingl\u00e9s, espa\u00f1ol e italiano. <\/strong><\/em><\/h4>\n\n\n\n<div style=\"height:20px\" aria-hidden=\"true\" class=\"wp-block-spacer\"><\/div>\n\n\n<a href=\"https:\/\/www.instagram.com\/vinventions.sudamerica\/\" aria-label=\"Banner_Subr_1700x500\"><img loading=\"lazy\" decoding=\"async\" src=\"https:\/\/enolife.com.ar\/es\/wp-content\/uploads\/2019\/07\/Banner_Subr_1700x500.gif\" alt=\"\"  width=\"1700\" height=\"501\"   \/><\/a>\n\n\n<div style=\"height:41px\" aria-hidden=\"true\" class=\"wp-block-spacer\"><\/div>\n\n\n\n<p>Durante la 19 Asamblea de la <strong>Organizaci\u00f3n Internacional de la Vi\u00f1a y el Vino (OIV)<\/strong>, llevada a cabo en la ma\u00f1ana de <strong>hoy 12 de julio<\/strong>, los Estados miembros de la instituci\u00f3n eligieron nuevo presidente, cargo que en los \u00faltimos 3 a\u00f1os ocup\u00f3 la brasilera <strong>Regina Vanderlinde<\/strong>, profesora de Biotecnolog\u00eda en la Universidad de Caxias do Sul, Doctora en Ciencias Biol\u00f3gicas, opci\u00f3n Enolog\u00eda-Ampelolog\u00eda de la Universidad de Burdeos y que antes de ser elegida se desempe\u00f1aba como secretaria cient\u00edfica de la Subcomisi\u00f3n \u00abM\u00e9todos de An\u00e1lisis\u00bb de la OIV.<\/p>\n\n\n\n<div style=\"height:20px\" aria-hidden=\"true\" class=\"wp-block-spacer\"><\/div>\n\n\n\n<div class=\"wp-block-image\"><figure class=\"aligncenter size-large\"><img loading=\"lazy\" decoding=\"async\" width=\"1024\" height=\"576\" src=\"https:\/\/enolife.com.ar\/es\/wp-content\/uploads\/2021\/07\/Imagen2-3-1024x576.jpg\" alt=\"\" class=\"wp-image-39509\" srcset=\"https:\/\/enolife.com.ar\/es\/wp-content\/uploads\/2021\/07\/Imagen2-3-1024x576.jpg 1024w, https:\/\/enolife.com.ar\/es\/wp-content\/uploads\/2021\/07\/Imagen2-3-300x169.jpg 300w, https:\/\/enolife.com.ar\/es\/wp-content\/uploads\/2021\/07\/Imagen2-3-768x432.jpg 768w, https:\/\/enolife.com.ar\/es\/wp-content\/uploads\/2021\/07\/Imagen2-3-1170x658.jpg 1170w, https:\/\/enolife.com.ar\/es\/wp-content\/uploads\/2021\/07\/Imagen2-3-585x329.jpg 585w, https:\/\/enolife.com.ar\/es\/wp-content\/uploads\/2021\/07\/Imagen2-3.jpg 1280w\" sizes=\"auto, (max-width: 1024px) 100vw, 1024px\" \/><figcaption><strong><em>19 Asamblea de la OIV<\/em><\/strong><\/figcaption><\/figure><\/div>\n\n\n\n<div style=\"height:20px\" aria-hidden=\"true\" class=\"wp-block-spacer\"><\/div>\n\n\n\n<p>Los postulantes para presidir la OIV durante los pr\u00f3ximos 3 a\u00f1os eran <strong>Tonny Bataglene<\/strong> -director ejecutivo de Australian Grape &amp; Wine-&nbsp;y el en\u00f3logo investigador del Ministerio de Pol\u00edticas Agr\u00edcolas de Italia y <strong>Luigi Moio<\/strong>, cient\u00edfico del Ministerio de Pol\u00edticas Agr\u00edcolas de Italia. Luego de los discursos de ambos candidatos, la elecci\u00f3n fue favorable para Moio.<\/p>\n\n\n\n<div style=\"height:20px\" aria-hidden=\"true\" class=\"wp-block-spacer\"><\/div>\n\n\n\n<p class=\"has-medium-font-size\"><strong>Un cient\u00edfico del vino<\/strong><\/p>\n\n\n\n<p>El hasta hoy segundo vicepresidente de la OIV, es catedr\u00e1tico de Enolog\u00eda en la \u00abUniverist\u00e0 degli Studi di Napoli Federico II\u00bb. Desde hace m\u00e1s de 20 a\u00f1os investiga los aspectos sensoriales, bioqu\u00edmicos y tecnol\u00f3gicos del aroma del vino, publicando m\u00e1s de 200 art\u00edculos en revistas cient\u00edficas internacionales. <\/p>\n\n\n\n<div style=\"height:20px\" aria-hidden=\"true\" class=\"wp-block-spacer\"><\/div>\n\n\n\n<div class=\"wp-block-image\"><figure class=\"aligncenter\"><img decoding=\"async\" src=\"http:\/\/www.agraria.unina.it\/documents\/13625297\/13729457\/moio-oiv.jpg\/9f56592a-78ce-430b-85a1-45935ff987db?t=1556090876416\" alt=\"Dipartimento di Agraria\"\/><figcaption><em><strong>Luigi Moio<\/strong><\/em><\/figcaption><\/figure><\/div>\n\n\n\n<div style=\"height:20px\" aria-hidden=\"true\" class=\"wp-block-spacer\"><\/div>\n\n\n\n<p>Desde 1998, trabaja como cient\u00edfico del Ministerio de Pol\u00edticas Agr\u00edcolas de Italia. Fue presidente del grupo de expertos en tecnolog\u00eda de la OIV y de la comisi\u00f3n de Enolog\u00eda. <\/p>\n\n\n\n<p>Es miembro de la Academia Georgofili y de la Academia Italiana de la Vi\u00f1a y el Vino. Tambi\u00e9n es autor de libros y art\u00edculos sobre los aspectos cient\u00edficos de la enolog\u00eda. <\/p>\n\n\n\n<p>En 2016 public\u00f3 el libro \u00abIl Respiro del Vino\u00bb para Mondadori. Un ensayo cient\u00edfico sobre el aroma del vino que ha recibido varios premios. El libro se encuentra en su d\u00e9cima edici\u00f3n con alrededor de 30.000 copias vendidas en Italia. <\/p>\n\n\n\n<p>Fund\u00f3 la bodega <strong>Quintodecimo<\/strong> donde elabora vinos de calidad con las m\u00e1s prestigiosas denominaciones en Campania. <\/p>\n\n\n\n<p>Cabe recordar que el cargo que ahora ostenta Moio fue ocupado entre 2012 y 2015 por la ingeniera qu\u00edmica mendocina <strong>Claudia Quini<\/strong>, actual gerenta de Fiscalizaci\u00f3n del <strong>Instituto Nacional de Vitivinicultura (INV)<\/strong>. En ese momento, Quini se convirti\u00f3 en la primera mujer en ser titular del organismo rector de la vitivinicultura mundial.<\/p>\n\n\n\n<p>En esta Asamblea General tambi\u00e9n fueron elegidos los Presidentes de los \u00f3rganos cient\u00edficos:<\/p>\n\n\n\n<p><strong>Comisi\u00f3n I Viticultura:<\/strong> Ahmed Altindisli (Turqu\u00eda) sucede a Vittorino Novello (Italia).<br><strong>Comisi\u00f3n II Enolog\u00eda:<\/strong> Fernando Zamora (Espa\u00f1a) sucede a Dominique Tusseau (Francia).<br><strong>Comisi\u00f3n III Derecho y Econom\u00eda<\/strong>: Yvette van der Merwe (Sud\u00e1frica) sucede a Dimitar Andreevski  (Bulgaria)<br><strong>Comisi\u00f3n IV Seguridad y Salud: <\/strong>Pierre-Louis Teissedre (Francia) sucede a Gheorghe Arpentin (Moldavia)<br><strong>M\u00e9todos de an\u00e1lisis de la subcomisi\u00f3n: <\/strong>Manuel Humberto Manzano (Argentina) sucede a Markus Herderich (Australia)<br><strong>Subcomisi\u00f3n Productos no fermentados, uvas de mesa y pasas<\/strong>: Lu\u00eds Carlos Ferreira Peres de Sousa (Portugal) sucede a Alejandro Marianetti (Argentina)<\/p>\n\n\n\n<div style=\"height:30px\" aria-hidden=\"true\" class=\"wp-block-spacer\"><\/div>\n\n\n\n<div style=\"height:36px\" aria-hidden=\"true\" class=\"wp-block-spacer\"><\/div>\n\n\n\n<p><\/p>\n","protected":false},"excerpt":{"rendered":"<p>Durante la ma\u00f1ana de hoy 12\/7, la Organizaci\u00f3n Internacional de la Vi\u00f1a y el Vino&hellip;<\/p>\n","protected":false},"author":3,"featured_media":39514,"comment_status":"open","ping_status":"open","sticky":false,"template":"","format":"standard","meta":{"footnotes":""},"categories":[14],"tags":[],"class_list":["post-39497","post","type-post","status-publish","format-standard","has-post-thumbnail","hentry","category-news"],"_links":{"self":[{"href":"https:\/\/enolife.com.ar\/es\/wp-json\/wp\/v2\/posts\/39497","targetHints":{"allow":["GET"]}}],"collection":[{"href":"https:\/\/enolife.com.ar\/es\/wp-json\/wp\/v2\/posts"}],"about":[{"href":"https:\/\/enolife.com.ar\/es\/wp-json\/wp\/v2\/types\/post"}],"author":[{"embeddable":true,"href":"https:\/\/enolife.com.ar\/es\/wp-json\/wp\/v2\/users\/3"}],"replies":[{"embeddable":true,"href":"https:\/\/enolife.com.ar\/es\/wp-json\/wp\/v2\/comments?post=39497"}],"version-history":[{"count":0,"href":"https:\/\/enolife.com.ar\/es\/wp-json\/wp\/v2\/posts\/39497\/revisions"}],"wp:featuredmedia":[{"embeddable":true,"href":"https:\/\/enolife.com.ar\/es\/wp-json\/wp\/v2\/media\/39514"}],"wp:attachment":[{"href":"https:\/\/enolife.com.ar\/es\/wp-json\/wp\/v2\/media?parent=39497"}],"wp:term":[{"taxonomy":"category","embeddable":true,"href":"https:\/\/enolife.com.ar\/es\/wp-json\/wp\/v2\/categories?post=39497"},{"taxonomy":"post_tag","embeddable":true,"href":"https:\/\/enolife.com.ar\/es\/wp-json\/wp\/v2\/tags?post=39497"}],"curies":[{"name":"wp","href":"https:\/\/api.w.org\/{rel}","templated":true}]}}