{"id":39467,"date":"2021-07-12T03:18:28","date_gmt":"2021-07-12T03:18:28","guid":{"rendered":"http:\/\/enolife.com.ar\/es\/?p=39467"},"modified":"2024-02-26T22:03:12","modified_gmt":"2024-02-26T22:03:12","slug":"gano-argentina-una-buena-ocasion-para-brindar-con-el-vino-de-leo-messi","status":"publish","type":"post","link":"https:\/\/enolife.com.ar\/es\/gano-argentina-una-buena-ocasion-para-brindar-con-el-vino-de-leo-messi\/","title":{"rendered":"\u00a1Gan\u00f3 Argentina!: una buena ocasi\u00f3n para brindar con el vino de Leo Messi"},"content":{"rendered":"\n<h4 class=\"wp-block-heading\"><em><strong>No todos saben que el m\u00e1ximo \u00eddolo del f\u00fatbol mundial tiene 4 vinos hechos en Mendoza, todos por la sanrafaelina Bodega Bianchi. Y pocos los deben haber probado. Tal vez estos d\u00edas sean el momento. La producci\u00f3n comenz\u00f3 en 2011, cuando la Fundaci\u00f3n Leo Messi se contact\u00f3 con la familia Bianchi y le encarg\u00f3 un vino en principio de tirada limitada, con la intenci\u00f3n de ayudar en conjunto a los ni\u00f1os m\u00e1s vulnerables.&nbsp;Luego, a partir de 2018, se elaboraron dos vinos comerciales, el L10 y el L10 Premium, que al comienzo s\u00f3lo se exportaban pero que ya est\u00e1n en el mercado nacional. Y ahora, seg\u00fan cuenta Silvio Alberto, el en\u00f3logo de Bianchi que los crea, el futbolista ya tiene en las cavas de la bodega un blend estibado en botella, s\u00f3lo para \u00e9l, aguardando que Leo lo venga a buscar.<\/strong><\/em> <\/h4>\n\n\n\n<hr class=\"wp-block-separator\"\/>\n\n\n\n<h4 class=\"wp-block-heading\"><em><strong>Como referencia, un dato: el L10 Bianchi Premium Malbec est\u00e1 en la tienda de e-commerce de Bianchi a $457,60. No sabemos si en viner\u00edas, pero s\u00ed en otras tiendas virtuales en precios que oscilan entre $500 y $800.<\/strong><\/em>   <\/h4>\n\n\n\n<div style=\"height:44px\" aria-hidden=\"true\" class=\"wp-block-spacer\"><\/div>\n\n\n<a href=\"https:\/\/grupoaltasur.com\/\" aria-label=\"1700-500px\"><img loading=\"lazy\" decoding=\"async\" src=\"https:\/\/enolife.com.ar\/es\/wp-content\/uploads\/2021\/01\/1700-500px.jpg\" alt=\"\"  srcset=\"https:\/\/enolife.com.ar\/es\/wp-content\/uploads\/2021\/01\/1700-500px.jpg 1700w, https:\/\/enolife.com.ar\/es\/wp-content\/uploads\/2021\/01\/1700-500px-300x88.jpg 300w, https:\/\/enolife.com.ar\/es\/wp-content\/uploads\/2021\/01\/1700-500px-1024x301.jpg 1024w, https:\/\/enolife.com.ar\/es\/wp-content\/uploads\/2021\/01\/1700-500px-768x226.jpg 768w, https:\/\/enolife.com.ar\/es\/wp-content\/uploads\/2021\/01\/1700-500px-1536x452.jpg 1536w, https:\/\/enolife.com.ar\/es\/wp-content\/uploads\/2021\/01\/1700-500px-1170x344.jpg 1170w, https:\/\/enolife.com.ar\/es\/wp-content\/uploads\/2021\/01\/1700-500px-585x172.jpg 585w\" sizes=\"auto, (max-width: 1700px) 100vw, 1700px\" width=\"1700\" height=\"500\"   \/><\/a>\n\n\n<div style=\"height:57px\" aria-hidden=\"true\" class=\"wp-block-spacer\"><\/div>\n\n\n\n<p>El en\u00f3logo de <strong>Bianchi<\/strong> y de <strong>Messi<\/strong>, <strong>Silvio Alberto<\/strong>, cont\u00f3 el d\u00eda del partido contra Brasil, en una entrevista period\u00edstica en el programa \u00ab<strong>Rumbo directo<\/strong>\u00bb de <strong>Radio Nihuil<\/strong>, c\u00f3mo fue la historia del vino L10. Y tambi\u00e9n habl\u00f3 de su relaci\u00f3n personal con el \u00eddolo, a quien valora como una \u00abpersona excepcional\u00bb. A continuaci\u00f3n transcribimos la conversaci\u00f3n entre el creador del vino y los periodistas <strong>Carlos Hern\u00e1ndez<\/strong> y <strong>Roxana Badaloni<\/strong>.<\/p>\n\n\n\n<div style=\"height:20px\" aria-hidden=\"true\" class=\"wp-block-spacer\"><\/div>\n\n\n\n<div class=\"wp-block-image\"><figure class=\"alignleft is-resized\"><img loading=\"lazy\" decoding=\"async\" src=\"https:\/\/andenweine.de\/media\/02\/f2\/45\/1611154182\/bianchi-malbec-premium.jpg\" alt=\"Bianchi L10 Premium Malbec 2017\" width=\"117\" height=\"458\"\/><\/figure><\/div>\n\n\n\n<p><strong>Nihuil<\/strong>: <strong>Silvio, \u00bfya han puesto a la venta el vino de Messi, lo han puesto a la venta para que la gente pueda brindar esta noche (por la noche del s\u00e1bado)?<\/strong><\/p>\n\n\n\n<p><strong>&#8211; Silvio Alberto<\/strong>: Es un vino que ya hace muchos a\u00f1os que nuestra bodega tiene con la Fundaci\u00f3n Leo Messi, es un malbec que se llama <strong>L10 premium cosecha 2020<\/strong>, que es de la l\u00ednea premium de la bodega&#8230; Y despu\u00e9s hay un malbec de la l\u00ednea joven que se llama L10 solamente. Esos se exportaban y hace unos a\u00f1os, cuando comenzamos a trabajar con todo el tema de e-commerce, empezamos a venderlo en el mercado nacional con muy buenos resultados.<\/p>\n\n\n\n<p><strong>N: \u00bfC\u00f3mo es la historia que une al pap\u00e1 de Messi con Bianchi?<\/strong><\/p>\n\n\n\n<p><strong>SA: <\/strong>Los Messi tienen una relaci\u00f3n de hace muchos a\u00f1os con la familia Bianchi, de cuando ambas familias hicieron la uni\u00f3n con la Fundaci\u00f3n Leo Messi. Y como justamente se trata de vinos de familias, fue la uni\u00f3n entre las dos familias lo que permiti\u00f3 llevar adelante este proyecto tan anhelado por ambos.<\/p>\n\n\n\n<p><strong>N: \u00bfAs\u00ed que un d\u00eda te dijeron hay un tatuado en la zurda que te va a recibir el vino&#8230;?<\/strong><\/p>\n\n\n\n<p><strong>&#8211; SA<\/strong>: Con Messi estamos haciendo otro proyecto que se trata de un vino personal para \u00e9l, no para la Fundaci\u00f3n, es un vino de la l\u00ednea premium, \u00edcono, exclusivo para \u00e9l, fuera de lo que es la Fundaci\u00f3n. Y a m\u00ed me toco ir a Rosario a verlo a Leo, y despu\u00e9s a Barcelona en el 2019, para hacerle probar el corte definitivo del vino, que ahora est\u00e1 guardado embotellado en la estiba, en proceso de ir evolucionando y amalgamando cada uno de los componentes, para ya despu\u00e9s hacer el lanzamiento cuando \u00e9l lo disponga.<\/p>\n\n\n\n<p><strong>N: \u00bfA Leo le gusta el vino, tiene alguna experiencia?<\/strong><\/p>\n\n\n\n<p><strong>&#8211; SA:<\/strong> \u00a1S\u00ed! \u00c9l en Europa est\u00e1 acostumbrado a tener al alcance todo tipo de vinos de este nivel, y sin dudas sabe tomar. Le gusta el vino y sabe lo que le gusta; no es un superexperto pero lo disfruta y mucho, y sabe lo que quiere, que es lo importante. Cuando me junt\u00e9 con \u00e9l la primera vez en su casa en Rosario me dijo quiero un vino as\u00ed, as\u00ed y as\u00ed, y ah\u00ed empezamos a proyectarlo.<\/p>\n\n\n\n<div style=\"height:20px\" aria-hidden=\"true\" class=\"wp-block-spacer\"><\/div>\n\n\n\n<figure class=\"wp-block-gallery aligncenter columns-2 is-cropped wp-block-gallery-1 is-layout-flex wp-block-gallery-is-layout-flex\"><ul class=\"blocks-gallery-grid\"><li class=\"blocks-gallery-item\"><figure><img loading=\"lazy\" decoding=\"async\" width=\"300\" height=\"249\" src=\"https:\/\/enolife.com.ar\/es\/wp-content\/uploads\/2021\/07\/unnamed.jpg\" alt=\"\" data-id=\"39489\" class=\"wp-image-39489\"\/><\/figure><\/li><li class=\"blocks-gallery-item\"><figure><img loading=\"lazy\" decoding=\"async\" width=\"550\" height=\"550\" src=\"https:\/\/enolife.com.ar\/es\/wp-content\/uploads\/2021\/07\/Silvio-y-Messi.jpg\" alt=\"\" data-id=\"39488\" class=\"wp-image-39488\" srcset=\"https:\/\/enolife.com.ar\/es\/wp-content\/uploads\/2021\/07\/Silvio-y-Messi.jpg 550w, https:\/\/enolife.com.ar\/es\/wp-content\/uploads\/2021\/07\/Silvio-y-Messi-300x300.jpg 300w, https:\/\/enolife.com.ar\/es\/wp-content\/uploads\/2021\/07\/Silvio-y-Messi-150x150.jpg 150w\" sizes=\"auto, (max-width: 550px) 100vw, 550px\" \/><figcaption class=\"blocks-gallery-item__caption\"><strong><em>Leo Messi y Silvio Alberto<\/em><\/strong><\/figcaption><\/figure><\/li><\/ul><\/figure>\n\n\n\n<div style=\"height:20px\" aria-hidden=\"true\" class=\"wp-block-spacer\"><\/div>\n\n\n\n<p><strong>N: \u00bfY c\u00f3mo es el vino que le hiciste?<\/strong><\/p>\n\n\n\n<p><strong>&#8211; SA:<\/strong> Es un blend que lleva malbec, cabernet sauvignon, algo de  cabernet franc y petit verdot, y es cosecha 2018 .<\/p>\n\n\n\n<p><strong>N: \u00bfC\u00f3mo es el Messi \u00edntimo?<\/strong><\/p>\n\n\n\n<p><strong>&#8211; SA:<\/strong> Es una persona excepcional. Cuando uno se encuentra al lado de estas personalidades, te tirita todo el cuerpo&#8230; Pero cuando llegu\u00e9 a la casa, \u00e9l fue uno m\u00e1s de nosotros, con una humildad incre\u00edble, un trato como si nos conoci\u00e9ramos de a\u00f1os, y creo que eso hay que valorarlo mucho, porque en el lugar donde \u00e9l est\u00e1 ubicado hoy, est\u00e1 bueno que transmita eso, que todos interpreten que la fama no se te tiene que subir a la cabeza, sino que hay que estar \u00abaterrizado\u00bb.<\/p>\n\n\n\n<div style=\"height:20px\" aria-hidden=\"true\" class=\"wp-block-spacer\"><\/div>\n\n\n\n<p class=\"has-medium-font-size\"><strong>\u00abEl vino de Iniesta es muy feo\u00bb<\/strong><\/p>\n\n\n\n<p><strong>N: \u00bfTe habl\u00f3 algo de la Selecci\u00f3n Argentina?<\/strong><\/p>\n\n\n\n<p><strong>&#8211; SA:<\/strong> No hablamos temas de f\u00fatbol, s\u00f3lo probamos vinos, hicimos bromas, \u00e9l dijo que el vino de Iniesta es muy feo, que hici\u00e9ramos algo mejor. Es un tipo sencillo, muy amable. Estuvimos como 3 horas degustando vinos en su casa sin ning\u00fan tipo de protocolo.<\/p>\n\n\n\n<p><strong>N: \u00bfTe comunic\u00e1s con \u00e9l por whatsapp? <\/strong><\/p>\n\n\n\n<p><strong>&#8211; SA:<\/strong> Yo hablo con el padre permanentemente, no con \u00e9l. Prefiero no tener el tel\u00e9fono de \u00e9l&#8230; Hablamos con Jorge, el padre, que es el que maneja todo. A trav\u00e9s de \u00e9l vamos charlando. Ahora Leo quiere hacer el nuevo lanzamiento cuando el vino realmente est\u00e9 en condiciones como las que el quiere, \u00abespectaculares\u00bb; obviamente, como ustedes saben, los vinos europeos son distintos con respecto a los nuestros&#8230; Nosotros le hemos hecho un blend de Los Chacayes, un vino potente, con cuerpo, con estructura, con mucha fruta&#8230; A \u00e9l le gustan los vinos m\u00e1s del estilo europeo, en el sentido de que sean vinos con taninos muchos m\u00e1s suaves, vinos que ya tengan bastante tiempo en botella. As\u00ed que eso es lo que estamos haciendo, esperando, guard\u00e1ndolo para su gusto. <\/p>\n\n\n\n<p><strong>N: \u00bfVos sab\u00e9s que d\u00eda cumple a\u00f1os Leo?<\/strong><\/p>\n\n\n\n<p><strong>&#8211; SA:<\/strong> \u00a1S\u00ed!, el mismo d\u00eda que yo, el 24 de junio&#8230; \u00a1Y bromeamos bastante sobre eso! <\/p>\n\n\n\n<div style=\"height:42px\" aria-hidden=\"true\" class=\"wp-block-spacer\"><\/div>\n","protected":false},"excerpt":{"rendered":"<p>No todos saben que el m\u00e1ximo \u00eddolo del f\u00fatbol mundial tiene 4 vinos hechos en&hellip;<\/p>\n","protected":false},"author":3,"featured_media":39485,"comment_status":"open","ping_status":"open","sticky":false,"template":"","format":"standard","meta":{"footnotes":""},"categories":[57,14],"tags":[],"class_list":["post-39467","post","type-post","status-publish","format-standard","has-post-thumbnail","hentry","category-empresas","category-news"],"_links":{"self":[{"href":"https:\/\/enolife.com.ar\/es\/wp-json\/wp\/v2\/posts\/39467","targetHints":{"allow":["GET"]}}],"collection":[{"href":"https:\/\/enolife.com.ar\/es\/wp-json\/wp\/v2\/posts"}],"about":[{"href":"https:\/\/enolife.com.ar\/es\/wp-json\/wp\/v2\/types\/post"}],"author":[{"embeddable":true,"href":"https:\/\/enolife.com.ar\/es\/wp-json\/wp\/v2\/users\/3"}],"replies":[{"embeddable":true,"href":"https:\/\/enolife.com.ar\/es\/wp-json\/wp\/v2\/comments?post=39467"}],"version-history":[{"count":0,"href":"https:\/\/enolife.com.ar\/es\/wp-json\/wp\/v2\/posts\/39467\/revisions"}],"wp:featuredmedia":[{"embeddable":true,"href":"https:\/\/enolife.com.ar\/es\/wp-json\/wp\/v2\/media\/39485"}],"wp:attachment":[{"href":"https:\/\/enolife.com.ar\/es\/wp-json\/wp\/v2\/media?parent=39467"}],"wp:term":[{"taxonomy":"category","embeddable":true,"href":"https:\/\/enolife.com.ar\/es\/wp-json\/wp\/v2\/categories?post=39467"},{"taxonomy":"post_tag","embeddable":true,"href":"https:\/\/enolife.com.ar\/es\/wp-json\/wp\/v2\/tags?post=39467"}],"curies":[{"name":"wp","href":"https:\/\/api.w.org\/{rel}","templated":true}]}}