{"id":39440,"date":"2021-07-09T17:00:23","date_gmt":"2021-07-09T17:00:23","guid":{"rendered":"http:\/\/enolife.com.ar\/es\/?p=39440"},"modified":"2021-07-10T17:13:22","modified_gmt":"2021-07-10T17:13:22","slug":"un-malambo-con-musica-de-copas-tachos-y-barricas-para-bailar-por-la-independencia","status":"publish","type":"post","link":"https:\/\/enolife.com.ar\/es\/un-malambo-con-musica-de-copas-tachos-y-barricas-para-bailar-por-la-independencia\/","title":{"rendered":"Un malambo con m\u00fasica de copas, tachos y barricas para bailar por la Independencia"},"content":{"rendered":"\n<h4 class=\"wp-block-heading\"><em><strong>Para celebrar el D\u00eda de la Independencia en Argentina, hoy 9 de julio el Fondo Vitivin\u00edcola difundi\u00f3 el video \u00abMalambo del vino\u00bb. La obra fue compuesta por el percusionista mendocino Mat\u00edas Gorordo, quien pone en valor el ritmo del malambo como una de las se\u00f1as de identidad argentina&nbsp;y lo ejecuta con elementos propios de la cultura vitivin\u00edcola. As\u00ed, suenan barricas, tachos de cosecha, copas, botellas, damajuanas: los sonidos que nacen en vi\u00f1as y bodegas.<\/strong><\/em><\/h4>\n\n\n\n<div style=\"height:37px\" aria-hidden=\"true\" class=\"wp-block-spacer\"><\/div>\n\n\n<a href=\"https:\/\/ar.verallia.com\/\" aria-label=\"VERALLIA 1700 x 500\"><img loading=\"lazy\" decoding=\"async\" src=\"https:\/\/enolife.com.ar\/es\/wp-content\/uploads\/2021\/04\/VERALLIA-1700-x-500.jpg\" alt=\"\"  srcset=\"https:\/\/enolife.com.ar\/es\/wp-content\/uploads\/2021\/04\/VERALLIA-1700-x-500.jpg 1700w, https:\/\/enolife.com.ar\/es\/wp-content\/uploads\/2021\/04\/VERALLIA-1700-x-500-300x88.jpg 300w, https:\/\/enolife.com.ar\/es\/wp-content\/uploads\/2021\/04\/VERALLIA-1700-x-500-1024x301.jpg 1024w, https:\/\/enolife.com.ar\/es\/wp-content\/uploads\/2021\/04\/VERALLIA-1700-x-500-768x226.jpg 768w, https:\/\/enolife.com.ar\/es\/wp-content\/uploads\/2021\/04\/VERALLIA-1700-x-500-1536x452.jpg 1536w, https:\/\/enolife.com.ar\/es\/wp-content\/uploads\/2021\/04\/VERALLIA-1700-x-500-1170x344.jpg 1170w, https:\/\/enolife.com.ar\/es\/wp-content\/uploads\/2021\/04\/VERALLIA-1700-x-500-585x172.jpg 585w\" sizes=\"auto, (max-width: 1700px) 100vw, 1700px\" width=\"1700\" height=\"500\"   \/><\/a>\n\n\n<div style=\"height:55px\" aria-hidden=\"true\" class=\"wp-block-spacer\"><\/div>\n\n\n\n<p>Como un pulso que late con la fuerza de la argentinidad, este \u00abMalambo del Vino\u00bb encuentra la sonoridad precisa de la Bebida Nacional y muestra la fuerza cultural e identidad que tiene el vino para los argentinos.<\/p>\n\n\n\n<p>Paisajes, trabajo, cultura, alimento, uni\u00f3, son los elementos que construyen un ritmo cargado de sentido, en una fecha tan arraigada en nuestra historia como el 9 de Jjulio.<\/p>\n\n\n\n<p>La fuerza del malambo se completa con la participaci\u00f3n de Mart\u00edn Villarruel, cultor y core\u00f3grafo de esta danza, director del conjunto El Picahueso Malambo, ganador y revelaci\u00f3n en el Festival de Cosqu\u00edn.<\/p>\n\n\n\n<div style=\"height:36px\" aria-hidden=\"true\" class=\"wp-block-spacer\"><\/div>\n\n\n\n<figure class=\"wp-block-embed-youtube wp-block-embed is-type-video is-provider-youtube wp-embed-aspect-16-9 wp-has-aspect-ratio\"><div class=\"wp-block-embed__wrapper\">\n<iframe loading=\"lazy\" title=\"Malambo del Vino\" width=\"1170\" height=\"658\" src=\"https:\/\/www.youtube.com\/embed\/_ku4nfrlq9U?feature=oembed\" frameborder=\"0\" allow=\"accelerometer; autoplay; clipboard-write; encrypted-media; gyroscope; picture-in-picture\" allowfullscreen><\/iframe>\n<\/div><\/figure>\n\n\n\n<div style=\"height:56px\" aria-hidden=\"true\" class=\"wp-block-spacer\"><\/div>\n\n\n\n<div style=\"height:20px\" aria-hidden=\"true\" class=\"wp-block-spacer\"><\/div>\n\n\n\n<p class=\"has-medium-font-size\"><strong>Ficha t\u00e9cnica del Malambo del Vino<\/strong><\/p>\n\n\n\n<ul class=\"wp-block-list\"><li><strong>Idea y producci\u00f3n general: <\/strong>Fondo Vitivin\u00edcola Mendoza<\/li><li><strong>Composici\u00f3n y perfomance: <\/strong>Mat\u00edas Gorordo, m\u00fasico percusionista y productor<\/li><li><strong>Coreograf\u00eda del malambo: <\/strong>Mart\u00edn Villarruel<\/li><li><strong>Realizaci\u00f3n audiovisual: <\/strong>Zoicer.<\/li><li><strong>Post producci\u00f3n y edici\u00f3n: <\/strong>Many Cano<\/li><\/ul>\n\n\n\n<div style=\"height:44px\" aria-hidden=\"true\" class=\"wp-block-spacer\"><\/div>\n","protected":false},"excerpt":{"rendered":"<p>Para celebrar el D\u00eda de la Independencia en Argentina, hoy 9 de julio el Fondo&hellip;<\/p>\n","protected":false},"author":3,"featured_media":39445,"comment_status":"open","ping_status":"open","sticky":false,"template":"","format":"standard","meta":{"footnotes":""},"categories":[14],"tags":[],"class_list":["post-39440","post","type-post","status-publish","format-standard","has-post-thumbnail","hentry","category-news"],"_links":{"self":[{"href":"https:\/\/enolife.com.ar\/es\/wp-json\/wp\/v2\/posts\/39440","targetHints":{"allow":["GET"]}}],"collection":[{"href":"https:\/\/enolife.com.ar\/es\/wp-json\/wp\/v2\/posts"}],"about":[{"href":"https:\/\/enolife.com.ar\/es\/wp-json\/wp\/v2\/types\/post"}],"author":[{"embeddable":true,"href":"https:\/\/enolife.com.ar\/es\/wp-json\/wp\/v2\/users\/3"}],"replies":[{"embeddable":true,"href":"https:\/\/enolife.com.ar\/es\/wp-json\/wp\/v2\/comments?post=39440"}],"version-history":[{"count":0,"href":"https:\/\/enolife.com.ar\/es\/wp-json\/wp\/v2\/posts\/39440\/revisions"}],"wp:featuredmedia":[{"embeddable":true,"href":"https:\/\/enolife.com.ar\/es\/wp-json\/wp\/v2\/media\/39445"}],"wp:attachment":[{"href":"https:\/\/enolife.com.ar\/es\/wp-json\/wp\/v2\/media?parent=39440"}],"wp:term":[{"taxonomy":"category","embeddable":true,"href":"https:\/\/enolife.com.ar\/es\/wp-json\/wp\/v2\/categories?post=39440"},{"taxonomy":"post_tag","embeddable":true,"href":"https:\/\/enolife.com.ar\/es\/wp-json\/wp\/v2\/tags?post=39440"}],"curies":[{"name":"wp","href":"https:\/\/api.w.org\/{rel}","templated":true}]}}