{"id":39207,"date":"2021-07-06T02:02:34","date_gmt":"2021-07-06T02:02:34","guid":{"rendered":"http:\/\/enolife.com.ar\/es\/?p=39207"},"modified":"2021-07-14T13:52:13","modified_gmt":"2021-07-14T13:52:13","slug":"jubilacion-a-los-57-con-25-anos-de-aporte-y-12-sueldos-al-ano-para-obreros-del-vino-cerca-de-ser-ley","status":"publish","type":"post","link":"https:\/\/enolife.com.ar\/es\/jubilacion-a-los-57-con-25-anos-de-aporte-y-12-sueldos-al-ano-para-obreros-del-vino-cerca-de-ser-ley\/","title":{"rendered":"Jubilaci\u00f3n a los 57 con 25 a\u00f1os de aporte y 12 sueldos al a\u00f1o para obreros del vino, cerca de ser ley"},"content":{"rendered":"\n<h4 class=\"wp-block-heading\"><em><strong>Un plenario de comisiones de la C\u00e1mara de Diputados de la Naci\u00f3n emiti\u00f3 hoy 5\/7\/21 un dictamen favorable a un proyecto de jubilaci\u00f3n anticipada para los obreros y empleados de la actividad vitivin\u00edcola. El nuevo r\u00e9gimen, presentado por la senadora peronista mendocina Anabel Fern\u00e1ndez Sagasti a principios de 2020, ya obtuvo la aprobaci\u00f3n de Senadores el 6\/11\/2020. Beneficiar\u00e1 a unos 25.000 trabajadores del sector<\/strong><\/em>.<\/h4>\n\n\n\n<div style=\"height:20px\" aria-hidden=\"true\" class=\"wp-block-spacer\"><\/div>\n\n\n<a href=\"https:\/\/www.facebook.com\/SindicatoContratitas\/\" aria-label=\"banner contratistas 1700&#215;500\"><img loading=\"lazy\" decoding=\"async\" src=\"https:\/\/enolife.com.ar\/es\/wp-content\/uploads\/2020\/08\/banner-contratistas-1700x500-1.jpg\" alt=\"\"  srcset=\"https:\/\/enolife.com.ar\/es\/wp-content\/uploads\/2020\/08\/banner-contratistas-1700x500-1.jpg 1700w, https:\/\/enolife.com.ar\/es\/wp-content\/uploads\/2020\/08\/banner-contratistas-1700x500-1-300x88.jpg 300w, https:\/\/enolife.com.ar\/es\/wp-content\/uploads\/2020\/08\/banner-contratistas-1700x500-1-1024x301.jpg 1024w, https:\/\/enolife.com.ar\/es\/wp-content\/uploads\/2020\/08\/banner-contratistas-1700x500-1-768x226.jpg 768w, https:\/\/enolife.com.ar\/es\/wp-content\/uploads\/2020\/08\/banner-contratistas-1700x500-1-1536x452.jpg 1536w, https:\/\/enolife.com.ar\/es\/wp-content\/uploads\/2020\/08\/banner-contratistas-1700x500-1-1170x344.jpg 1170w, https:\/\/enolife.com.ar\/es\/wp-content\/uploads\/2020\/08\/banner-contratistas-1700x500-1-585x172.jpg 585w\" sizes=\"auto, (max-width: 1700px) 100vw, 1700px\" width=\"1700\" height=\"500\"   \/><\/a>\n\n\n<div style=\"height:39px\" aria-hidden=\"true\" class=\"wp-block-spacer\"><\/div>\n\n\n\n<p>Un plenario de comisiones de la C\u00e1mara de Diputados de la Naci\u00f3n emiti\u00f3 hoy dictamen favorable a un proyecto de jubilaci\u00f3n anticipada para los obreros y empleados de la actividad vitivin\u00edcola, con el fin de que puedan acceder al beneficio a los 57 a\u00f1os y tengan 25 a\u00f1os de aporte.<\/p>\n\n\n\n<p>El despacho fue firmado en una reuni\u00f3n de las comisiones de Previsi\u00f3n y Seguridad Social y Legislaci\u00f3n del Trabajo, que presiden los diputados del Frente de Todos, <strong>Marcelo Casaretto<\/strong> y <strong>Vanesa Siley<\/strong>.<\/p>\n\n\n\n<p>El proyecto de jubilaci\u00f3n anticipada beneficia a unos 25.000 trabajadores del sector e iguala condiciones con el r\u00e9gimen de trabajadores y trabajadoras rurales.<\/p>\n\n\n\n<div style=\"height:56px\" aria-hidden=\"true\" class=\"wp-block-spacer\"><\/div>\n\n\n\n<p class=\"has-background has-very-light-gray-background-color\"><strong>Sesi\u00f3n de diputados completa:<\/strong><\/p>\n\n\n\n<figure class=\"wp-block-embed-youtube wp-block-embed is-type-video is-provider-youtube wp-embed-aspect-16-9 wp-has-aspect-ratio\"><div class=\"wp-block-embed__wrapper\">\n<iframe loading=\"lazy\" title=\"VIDEOCONFERENCIA EN VIVO: H. C\u00e1mara de Diputados de la Naci\u00f3n - 05 de julio de 2021\" width=\"1170\" height=\"658\" src=\"https:\/\/www.youtube.com\/embed\/_n8YVuCOXKc?start=337&#038;feature=oembed\" frameborder=\"0\" allow=\"accelerometer; autoplay; clipboard-write; encrypted-media; gyroscope; picture-in-picture\" allowfullscreen><\/iframe>\n<\/div><\/figure>\n\n\n\n<div style=\"height:70px\" aria-hidden=\"true\" class=\"wp-block-spacer\"><\/div>\n\n\n\n<p>La iniciativa sancionada por el Senado fue impulsada por la mendocina <strong>Anabel Fern\u00e1ndez Sagasti<\/strong>, pero deber\u00e1 volver a la C\u00e1mara alta ya que Diputados le har\u00e1 algunos cambios que est\u00e1n consensuados con el Poder Ejecutivo, seg\u00fan inform\u00f3 Casaretto.<\/p>\n\n\n\n<p>El legislador explic\u00f3 aspectos del proyecto sobre la jubilaci\u00f3n anticipada para los trabajadores de la actividad vitivin\u00edcola y se\u00f1al\u00f3 que en el art\u00edculo 1 se especificar\u00e1 que habr\u00e1 \u00abun r\u00e9gimen previsional para los trabajadores vit\u00edcolas, en cuanto desarrollen actividades que generen un envejecimiento prematuro\u00bb.<\/p>\n\n\n\n<p>Destac\u00f3 que \u00absiempre es bueno que el Congreso de la Naci\u00f3n consagre m\u00e1s derechos para los trabajadores\u00bb y se\u00f1al\u00f3 que \u00absi ma\u00f1ana lo trata la comisi\u00f3n de Presupuesto y Hacienda podr\u00e1 \u00abentrar en la sesi\u00f3n del mi\u00e9rcoles\u00bb.<\/p>\n\n\n\n<p>Por su parte, Siley se\u00f1al\u00f3 que la ley busca la \u00abigualdad entre los trabajadores vi\u00f1ateros\/as con el r\u00e9gimen de seguridad social, buscando diferencial al sector, establecido ya en la Ley 26.727, que es la ley del pe\u00f3n rural que existe hoy en la Argentina\u00bb.<\/p>\n\n\n\n<p>El dictamen implica que se avance en un proyecto \u00abpara beneficiar a m\u00e1s de 25.000 trabajadores y trabajadoras de vi\u00f1as, una cobertura y jubilaci\u00f3n de acuerdo a su trabajo. Se avanza con una demanda y una lucha de los trabajadores y trabajadoras\u00bb, agreg\u00f3.<\/p>\n\n\n\n<p>El proyecto de ley constituye un antiguo reclamo del <strong>Sindicato \u00danico de Trabajadores Contratistas de Vi\u00f1as y Frutales de Mendoza<\/strong>, e incluye la disposici\u00f3n de que estos trabajadores puedan cobrar su remuneraci\u00f3n y sus comisiones por productividad divididas en los 12 meses del a\u00f1o, en lugar de las 10 que cobran actualmente.<\/p>\n\n\n\n<p class=\"has-background has-very-light-gray-background-color\"><strong>Foto principal: Yamila Antonela Peralta, participante del concurso de fotograf\u00eda \u00abTiempo de cosecha\u00bb organizado por Enolife y la Asociaci\u00f3n Vi\u00f1ateros de Mendoza.<\/strong><\/p>\n\n\n\n<div style=\"height:20px\" aria-hidden=\"true\" class=\"wp-block-spacer\"><\/div>\n\n\n\n<p class=\"has-small-font-size\"><strong><em>Fuente: Agencia Telam<\/em><\/strong> <\/p>\n\n\n\n<div style=\"height:48px\" aria-hidden=\"true\" class=\"wp-block-spacer\"><\/div>\n","protected":false},"excerpt":{"rendered":"<p>Un plenario de comisiones de la C\u00e1mara de Diputados de la Naci\u00f3n emiti\u00f3 hoy 5\/7\/21&hellip;<\/p>\n","protected":false},"author":3,"featured_media":39227,"comment_status":"open","ping_status":"open","sticky":false,"template":"","format":"standard","meta":{"footnotes":""},"categories":[14],"tags":[],"class_list":["post-39207","post","type-post","status-publish","format-standard","has-post-thumbnail","hentry","category-news"],"_links":{"self":[{"href":"https:\/\/enolife.com.ar\/es\/wp-json\/wp\/v2\/posts\/39207","targetHints":{"allow":["GET"]}}],"collection":[{"href":"https:\/\/enolife.com.ar\/es\/wp-json\/wp\/v2\/posts"}],"about":[{"href":"https:\/\/enolife.com.ar\/es\/wp-json\/wp\/v2\/types\/post"}],"author":[{"embeddable":true,"href":"https:\/\/enolife.com.ar\/es\/wp-json\/wp\/v2\/users\/3"}],"replies":[{"embeddable":true,"href":"https:\/\/enolife.com.ar\/es\/wp-json\/wp\/v2\/comments?post=39207"}],"version-history":[{"count":0,"href":"https:\/\/enolife.com.ar\/es\/wp-json\/wp\/v2\/posts\/39207\/revisions"}],"wp:featuredmedia":[{"embeddable":true,"href":"https:\/\/enolife.com.ar\/es\/wp-json\/wp\/v2\/media\/39227"}],"wp:attachment":[{"href":"https:\/\/enolife.com.ar\/es\/wp-json\/wp\/v2\/media?parent=39207"}],"wp:term":[{"taxonomy":"category","embeddable":true,"href":"https:\/\/enolife.com.ar\/es\/wp-json\/wp\/v2\/categories?post=39207"},{"taxonomy":"post_tag","embeddable":true,"href":"https:\/\/enolife.com.ar\/es\/wp-json\/wp\/v2\/tags?post=39207"}],"curies":[{"name":"wp","href":"https:\/\/api.w.org\/{rel}","templated":true}]}}