{"id":39162,"date":"2021-07-06T18:38:17","date_gmt":"2021-07-06T18:38:17","guid":{"rendered":"http:\/\/enolife.com.ar\/es\/?p=39162"},"modified":"2021-07-08T00:22:06","modified_gmt":"2021-07-08T00:22:06","slug":"continua-la-produccion-y-venta-de-aceite-y-vino-en-la-fabrica-y-bodega-de-ciencias-agrarias-uncuyo","status":"publish","type":"post","link":"https:\/\/enolife.com.ar\/es\/continua-la-produccion-y-venta-de-aceite-y-vino-en-la-fabrica-y-bodega-de-ciencias-agrarias-uncuyo\/","title":{"rendered":"Contin\u00faa la producci\u00f3n y venta de aceite y vino en la f\u00e1brica y bodega de Ciencias Agrarias UNCuyo"},"content":{"rendered":"\n<h4 class=\"wp-block-heading\"><em><strong>Luego de 2020 complicado, durante el cual la tradicional f\u00e1brica de aceite de la Facultad de Ciencias Agrarias (FCA) de la Universidad Nacional de Cuyo (UNCuyo) dej\u00f3 de elaborar su prestigioso aceite de oliva virgen extra porque justo en la \u00e9poca de cosecha y molienda sus experimentados operarios fueron licenciados y no trabajaron por el confinamiento del coronavirus, en este 2021 la actividad se reinici\u00f3 con fuerza, no s\u00f3lo con la producci\u00f3n aceitera sino tambi\u00e9n con los vinos De La Facultad y las tradicionales conservas de frutos, verduras y legumbres regionales.<\/strong><\/em><\/h4>\n\n\n\n<hr class=\"wp-block-separator\"\/>\n\n\n\n<h4 class=\"wp-block-heading\"><em><strong>Hoy, cualquier vecino de Mendoza puede acercarse a la instituci\u00f3n de calle Almirante Brown 52, en Luj\u00e1n de Cuyo, y adquirir los productos a precios econ\u00f3micos. Tanto la almazara como la bodega funcionan tambi\u00e9n como escuela para sus alumnos, a la vez que motorizan la rueda de la microeconom\u00eda de emprendedores locales, quienes all\u00ed pueden elaborar \u00aba fas\u00f3n\u00bb. C\u00f3mo contactarse y obtener el propio aceite la pr\u00f3xima temporada.<\/strong><\/em><\/h4>\n\n\n\n<div style=\"height:20px\" aria-hidden=\"true\" class=\"wp-block-spacer\"><\/div>\n\n\n<a href=\"https:\/\/sudafilt.com\/\" aria-label=\"SUDAFILT 1700X500 NOV25\"><img loading=\"lazy\" decoding=\"async\" src=\"https:\/\/enolife.com.ar\/es\/wp-content\/uploads\/2020\/07\/SUDAFILT-1700X500-NOV25.gif\" alt=\"\"  width=\"1700\" height=\"500\"   \/><\/a>\n\n\n<div style=\"height:49px\" aria-hidden=\"true\" class=\"wp-block-spacer\"><\/div>\n\n\n\n<p>Desde hace d\u00e9cadas, los mendocinos que tienen olivos en sus patios o fincas saben que pueden llevar las aceitunas a la <strong>Facultad de Ciencias Agrarias de Luj\u00e1n<\/strong> para que les elaboren el \u00abpropio\u00bb <strong>aceite de oliva virgen extra<\/strong> de calidad superior, antes con el tradicional m\u00e9todo de prensa y en estos \u00faltimos a\u00f1os con el m\u00e1s rendidor m\u00e9todo de molienda continua.<\/p>\n\n\n\n<p>Lo que no todos saben es que las instalaciones de calle Almirante Brown 52 tambi\u00e9n funcionan como escuela para los alumnos y que all\u00ed se fabrican tambi\u00e9n los <strong>vinos<\/strong> y <strong>conservas<\/strong> con la marca <strong>\u00abDe la Facultad\u00bb<\/strong>, a cargo de operarios calificados, con m\u00e9todos tradicionales y modernos y siempre a precios razonables.<\/p>\n\n\n\n<div style=\"height:20px\" aria-hidden=\"true\" class=\"wp-block-spacer\"><\/div>\n\n\n\n<p class=\"has-background has-cyan-bluish-gray-background-color\"><strong>Productos, precios y modalidad de producci\u00f3n<\/strong><br><br>La recepci\u00f3n de aceitunas, la molienda y la elaboraci\u00f3n de aceite de oliva virgen extra 2021 concluy\u00f3 el pasado viernes 2 de julio. Algunos de los productos disponibles actualmente son:<br><br>&#8211; <strong>Aceite de oliva virgen extra (AOVE) \u00abDe La Facultad\u00bb<\/strong>, por 1\/2 litro: <strong>$400<\/strong><br>&#8211; <strong>AOVE<\/strong> De la Facultad, por<strong> 1 litro: $700<\/strong><br>&#8211; Vino tinto <strong>blend fino<\/strong> De La Facultad x 750 cm: <strong>$190<\/strong><br>&#8211; Vino tinto<strong> merlot<\/strong> De La Facultad x 750 cm3: <strong>$270<\/strong><br>&#8211; Vino tinto c<strong>abernet sauvignon<\/strong> De La Facultad x 750 cm3: <strong>$280<\/strong><br>&#8211; Vino tinto <strong>malbec<\/strong> De La Facultad x 750 cm3: <strong>$290<\/strong><br>&#8211; Vino tinto <strong>malbec roble 18 meses en barrica: $380<\/strong><br>&#8211; Vino <strong>blanco fino: $180<\/strong><br>&#8211; Vino blanco <strong>chardonnay, sauvignon blanc, torront\u00e9s: $250<\/strong><br>&#8211; Espumante <strong>demisec: $490<\/strong><br>&#8211; Espumante <strong>extra brut: $520<\/strong><br>&#8211; Promo tintos: caja de<strong> 6 botellas al valor de 5<\/strong><br>&#8211; Promo blancos: <strong>4 botellas al valor de 3, y 6 botellas al valor de 4<\/strong><br>&#8211; Adem\u00e1s, <strong>damajuanas x 4,5 litros<\/strong> De la Facultad.<br>&#8211; <strong>Conservas, mermeladas y n\u00e9ctares<\/strong> de&nbsp;alcayota, cereza, damasco, naranja, durazno, manzanas y de frutos rojos; principalmente producen&nbsp;mermeladas y n\u00e9ctares.&nbsp;Adem\u00e1s, <strong>conservas de&nbsp;tomate<\/strong>, tomate triturado, entero y pur\u00e9 de tomate.<\/p>\n\n\n\n<div style=\"height:20px\" aria-hidden=\"true\" class=\"wp-block-spacer\"><\/div>\n\n\n\n<p>Para describir su trabajo, compartimos con nuestros lectores un art\u00edculo de divulgaci\u00f3n de sus actividades, escrito por el equipo de Prensa de la Facultad que dirige la decana <strong>Mar\u00eda Flavia Filippini<\/strong>, que tambi\u00e9n puede leerse en la web de Ciencias Agrarias. <\/p>\n\n\n\n<div style=\"height:20px\" aria-hidden=\"true\" class=\"wp-block-spacer\"><\/div>\n\n\n\n<p class=\"has-background has-cyan-bluish-gray-background-color\"><strong>Elaboraci\u00f3n de aceite de oliva virgen extra \u00aba fas\u00f3n\u00bben 2022 <\/strong><br><br><strong>&#8211;<\/strong> La <strong>recepci\u00f3n de aceitunas<\/strong> de la temporada 2021 ya concluy\u00f3.<br><strong>&#8211;<\/strong> Los interesados en producir el \u00abpropio\u00bb aceite entregando aceitunas y obteniendo un porcentaje de aceite a pactar, para la temporada 2022, deber\u00e1n contactarse con la Facultad de Ciencias Agrarias a partir de marzo 2022, a los n\u00fameros <strong>4054809 (int. 61121 Ventas \/ 61301 F\u00e1brica)<\/strong>. Es requisito indispensable poseer el <strong>Registro \u00danico Tributario (RUT)<\/strong> para demostrar la propiedad y origen de las aceitunas.<\/p>\n\n\n\n<div style=\"height:20px\" aria-hidden=\"true\" class=\"wp-block-spacer\"><\/div>\n\n\n\n<p class=\"has-medium-font-size\"><strong>\u00abSomos resilientes, seguimos activos y cumplimos nuestros compromisos\u00bb<\/strong><\/p>\n\n\n\n<p>\u00abJunto con la Bodega -tambi\u00e9n experimental- estos establecimientos de la Facultad de Ciencias Agrarias adaptaron la rutina de trabajo a las condiciones actuales para darle continuidad al ciclo anual de producci\u00f3n que incluye desde aceites de oliva, hasta conservas. Apuestan a la extensi\u00f3n y a seguir funcionando como \u00abescuela\u00bb.<\/p>\n\n\n\n<p>\u00abLa&nbsp;producci\u00f3n agroindustrial de la UNCuyo, as\u00ed como varias de las actividades de la Universidad que demandan pr\u00e1cticas&nbsp;<em>in situ<\/em>, se&nbsp;adapt\u00f3 a las condiciones impuestas por&nbsp;la pandemia con \u00e9xito:&nbsp;la F\u00e1brica y la Bodega experimental&nbsp;de la Facultad de Ciencias Agrarias&nbsp;lograron&nbsp;darle continuidad al ciclo&nbsp;anual de producciones y mantener el trabajo conjunto con&nbsp;diversos sectores, incluso con la&nbsp;colaboraci\u00f3n y&nbsp;participaci\u00f3n de estudiantes.<\/p>\n\n\n\n<div style=\"height:20px\" aria-hidden=\"true\" class=\"wp-block-spacer\"><\/div>\n\n\n\n<figure class=\"wp-block-image size-large\"><img loading=\"lazy\" decoding=\"async\" width=\"1024\" height=\"622\" src=\"https:\/\/enolife.com.ar\/es\/wp-content\/uploads\/2021\/07\/Imagen2-2-1024x622.jpg\" alt=\"\" class=\"wp-image-39307\" srcset=\"https:\/\/enolife.com.ar\/es\/wp-content\/uploads\/2021\/07\/Imagen2-2-1024x622.jpg 1024w, https:\/\/enolife.com.ar\/es\/wp-content\/uploads\/2021\/07\/Imagen2-2-300x182.jpg 300w, https:\/\/enolife.com.ar\/es\/wp-content\/uploads\/2021\/07\/Imagen2-2-768x466.jpg 768w, https:\/\/enolife.com.ar\/es\/wp-content\/uploads\/2021\/07\/Imagen2-2-585x355.jpg 585w, https:\/\/enolife.com.ar\/es\/wp-content\/uploads\/2021\/07\/Imagen2-2.jpg 1080w\" sizes=\"auto, (max-width: 1024px) 100vw, 1024px\" \/><\/figure>\n\n\n\n<div style=\"height:20px\" aria-hidden=\"true\" class=\"wp-block-spacer\"><\/div>\n\n\n\n<p>\u00ab&#8216;Ponerlas en funcionamiento ha significado para nuestra Casa de Estudios la demostraci\u00f3n de que somos &#8216;resilientes&#8217;&nbsp;y que podemos, de forma responsable, seguir activos en nuestra tarea. Permitirles a nuestros estudiantes avanzar en sus pr\u00e1cticas esenciales, y cumplir con nuestros compromisos productivos nos llena de satisfacci\u00f3n&#8217;, coment\u00f3 la decana de esta Unidad Acad\u00e9mica,&nbsp;Mar\u00eda Flavia Filippini.<\/p>\n\n\n\n<p>\u00abCon respecto a los desaf\u00edos del contexto actual, asegur\u00f3 que los afrontaron con&nbsp;&#8216;nuevas formas de hacer&#8217;.&nbsp;&#8216;Aplicando rigurosamente los nuevos protocolos necesarios para cuidar de nuestros estudiantes y personal&#8217;, detall\u00f3 de Decana que adem\u00e1s cuenta con predios de cultivos propios.<\/p>\n\n\n\n<div style=\"height:20px\" aria-hidden=\"true\" class=\"wp-block-spacer\"><\/div>\n\n\n\n<p class=\"has-medium-font-size\"><strong>Nueva&nbsp;temporada<\/strong><em><strong>&nbsp;<\/strong><\/em><\/p>\n\n\n\n<p>\u00abDesde comienzos de abril -despu\u00e9s de terminar con las conservas- y hasta la actualidad,&nbsp;la f\u00e1brica experimental&nbsp;se encuentra trabajando en la obtenci\u00f3n de sus reconocidos y premiados&nbsp;aceites de oliva virgen extra.<\/p>\n\n\n\n<p>\u00abEn esta fase de elaboraci\u00f3n, la f\u00e1brica consigue de dos formas&nbsp;las aceitunas, su materia prima:&nbsp;a trav\u00e9s de la producci\u00f3n propia, de los olivos de la Facultad, y con productores externos, ya que se vinculan con un grupo de entre 80 a 100 productores. Con ellos siguen la modalidad de trabajo conocida como&nbsp;&#8216;Fas\u00f3n&#8217;.&nbsp;&#8216;Nosotros recibimos aceitunas de esos productores, obtenemos el aceite, y luego le devolvemos un porcentaje de aceite y la Facultad se queda con un porcentaje a modo de contraprestaci\u00f3n&#8217;, detall\u00f3 la Licenciada en Bromatolog\u00eda&nbsp;M\u00f3nica Mir\u00e1bile.<\/p>\n\n\n\n<div style=\"height:20px\" aria-hidden=\"true\" class=\"wp-block-spacer\"><\/div>\n\n\n\n<blockquote class=\"wp-block-quote is-layout-flow wp-block-quote-is-layout-flow\"><p>\u00abNosotros recibimos aceitunas de los productores externos integrados al sistema de producci\u00f3n de la Facultad, obtenemos el aceite y luego le devolvemos un porcentaje de aceite, y la Facultad se queda con un porcentaje a modo de contraprestaci\u00f3n\u00bb.<\/p><cite>M\u00f3nica Mir\u00e1bile, licenciada en Bromatolog\u00eda de la FCA<\/cite><\/blockquote>\n\n\n\n<div style=\"height:20px\" aria-hidden=\"true\" class=\"wp-block-spacer\"><\/div>\n\n\n\n<p>\u00abQuien se desempe\u00f1a adem\u00e1s como coordinadora de&nbsp;Producci\u00f3n Agroindustrial y directora de la F\u00e1brica Experimental,&nbsp;explic\u00f3 que vienen&nbsp;trabajando desde hace varios a\u00f1os para obtener la mejor calidad de los productos: &#8216;a trav\u00e9s de&nbsp;charlas con los diferentes productores, la concientizaci\u00f3n, la capacitaci\u00f3n.&nbsp;La calidad de la materia prima incide cien&nbsp;por cien&nbsp;en la calidad del producto final&#8217;.<\/p>\n\n\n\n<div style=\"height:20px\" aria-hidden=\"true\" class=\"wp-block-spacer\"><\/div>\n\n\n\n<div class=\"wp-block-image\"><figure class=\"aligncenter is-resized\"><img loading=\"lazy\" decoding=\"async\" src=\"https:\/\/encrypted-tbn0.gstatic.com\/images?q=tbn:ANd9GcTWA5XkdpP84ZaeKoR2Q_p0YAFFEu7FAZ3EhMVQDLnnHTyYSXlZQdtmWAEuwQofa0l-9OQ&amp;usqp=CAU\" alt=\"Contacto\" width=\"533\" height=\"297\"\/><\/figure><\/div>\n\n\n\n<div style=\"height:20px\" aria-hidden=\"true\" class=\"wp-block-spacer\"><\/div>\n\n\n\n<p>\u00abHoy la&nbsp;F\u00e1brica de la UNCuyo&nbsp;ya tiene un aceite de oliva -un Blend-&nbsp;que es el que despu\u00e9s se le entrega al productor, y que es el mismo que&nbsp;la Unidad Acad\u00e9mica vende&nbsp;con la marca&nbsp;&#8216;De la Facultad&#8217;,&nbsp;y&nbsp;los varietales&nbsp;Frantoio y Arauco&nbsp;que son de aceitunas propias o que han adquirido.&nbsp;<\/p>\n\n\n\n<p>\u00abEn consecuencia de los protocolos sanitarios, Mir\u00e1bile coment\u00f3 que los cambios que han&nbsp;tenido que realizar fueron principalmente de precauciones y protocolos y que eso llev\u00f3 a que para algunos alimentos, como es el caso de la aceituna, trabajen con un equipo reducido. Hoy son cuatro personas, con jornadas de hasta 12 horas de trabajo, y suprimieron el turno nocturno, habitual en esta temporada. Sin embargo, todo lo que demand\u00f3 la temporada&nbsp;de conservas&nbsp;posibilit\u00f3 que recibieran a&nbsp;estudiantes&nbsp;todos los d\u00edas, de 6 a 7 horas diarias, provenientes de la carrera de&nbsp;Agronom\u00eda.&nbsp;&#8216;En coordinaci\u00f3n con la docente Ingeniera&nbsp;Ver\u00f3nica Aranitti, quien trabaja en la c\u00e1tedra Industrias Agrarias, \u00edbamos articulando c\u00f3mo iban a participar los estudiantes en el proceso, de manera tal que la f\u00e1brica cont\u00f3 con un apoyo muy valioso de de parte de los estudiantes que pudieron realizar las pr\u00e1cticas para dejar regular ese&nbsp;espacio curricular&#8217;.<\/p>\n\n\n\n<div style=\"height:20px\" aria-hidden=\"true\" class=\"wp-block-spacer\"><\/div>\n\n\n\n<p class=\"has-medium-font-size\"><strong>M\u00e1s productos, y extensi\u00f3n<\/strong><\/p>\n\n\n\n<p>\u00abPor otra parte, la&nbsp;F\u00e1brica realiza una gran variedad de productos que comercializan bajo la marca&nbsp;De la Facultad&nbsp;y que siguen un ciclo seg\u00fan cada temporada, que hace que est\u00e9n activos todo el a\u00f1o. Dependiendo de la \u00e9poca, desarrollan conservas con diferentes materias primas como la&nbsp;alcayota, la cereza, el damasco, la naranja, el durazno, manzanas y variedad de frutos rojos; principalmente producen&nbsp;mermeladas y n\u00e9ctares.&nbsp;Adem\u00e1s de producir a base de&nbsp;tomate, triturado, pur\u00e9, y tomate entero.<\/p>\n\n\n\n<p>\u00abA estos productos se le suman&nbsp;los derivados del&nbsp;membrillo&nbsp;hasta llegar nuevamente al ciclo de las aceitunas: para prepararlas en conservas, aceitunas griegas y el aceite de oliva. Adem\u00e1s de toda la producci\u00f3n de vinos de la&nbsp;Bodega Experimental de Ciencias Agrarias.<\/p>\n\n\n\n<p>\u00abSin embargo, no son las \u00fanicas actividades que realizan. Tambi\u00e9n ofrecen otros&nbsp;servicios de elaboraci\u00f3n a terceros,&nbsp;lo que les significa un r\u00e9dito econ\u00f3mico que se reinvierte en el proceso productivo.<\/p>\n\n\n\n<p>\u00abAsimismo, han realizado capacitaciones.&nbsp;M\u00f3nica Mir\u00e1bile, explic\u00f3: &#8216;hemos participado en los proyectos Mauricio L\u00f3pez, en donde se les ha ense\u00f1ado a las distintas personas que forman cooperativas, la elaboraci\u00f3n de dulces artesanales y tambi\u00e9n las pautas de buenas pr\u00e1cticas de elaboraci\u00f3n&#8217;.<\/p>\n\n\n\n<p>Adem\u00e1s, el sector agroindustrial de la Universidad ha trabajo fuertemente en nuevas metas. Entre ellas, Mir\u00e1bile mencion\u00f3&nbsp;un proyecto&nbsp;con el&nbsp;Banco de Alimentos,&nbsp;en la l\u00ednea de productos deshidratados. \u00abEstamos intentando&nbsp;conseguir fondos para realizarlo, con el objeto de poder equipar la f\u00e1brica, para poder producir alimentos deshidratados a trav\u00e9s de las frutas y hortalizas recuperadas por el Banco, y que pueda volver este alimento en otro estado hacia las familias que forman parte de esta red de alimentos&#8217;.<\/p>\n\n\n\n<div style=\"height:20px\" aria-hidden=\"true\" class=\"wp-block-spacer\"><\/div>\n\n\n\n<p class=\"has-medium-font-size\"><strong>Avances y proyectos<\/strong><\/p>\n\n\n\n<p>\u00abRespecto a la trayectoria de estos establecimientos, la Decana de Ciencias Agrarias asegur\u00f3 que &#8216;el sector productivo de la facultad viene en continuo crecimiento&#8217; y que, para ello, ha implementado sistemas de buenas pr\u00e1cticas de manufactura y cuidado del medio ambiente, a trav\u00e9s de la&nbsp;planta de tratamiento de efluentes.<\/p>\n\n\n\n<div style=\"height:20px\" aria-hidden=\"true\" class=\"wp-block-spacer\"><\/div>\n\n\n\n<blockquote class=\"wp-block-quote is-layout-flow wp-block-quote-is-layout-flow\"><p>Tanto la f\u00e1brica como la bodega trabajan atendiendo a las demandas de la sociedad, logrando ser m\u00e1s sostenibles y garantizando la principal tarea que es la formaci\u00f3n de los estudiantes\u00bb.<\/p><cite>Mar\u00eda Flavia Filippini, decana de la Facultad de Ciencias Agrarias UNCuyo<\/cite><\/blockquote>\n\n\n\n<div style=\"height:20px\" aria-hidden=\"true\" class=\"wp-block-spacer\"><\/div>\n\n\n\n<p>\u00ab&#8216;Esto nos han permitido mejorar la calidad y estandarizaci\u00f3n de los productos, dar un salto en la eficiencia de los recursos hacia una mayor sostenibilidad, y cumplir con los requisitos medioambientales y la legislaci\u00f3n actual exigida por instituciones como el Departamento General de Irrigaci\u00f3n, el Departamento de Higiene de los Alimentos del Gobierno de Mendoza y el Instituto Nacional de Vitivinicultura&#8217;.<\/p>\n\n\n\n<p>\u00abPor \u00faltimo, Filippini agreg\u00f3 que, tanto la f\u00e1brica como la bodega trabajan &#8216;atendiendo a las demandas de la sociedad, logrando tambi\u00e9n ser a\u00fan m\u00e1s sostenibles, en pos de garantizar y mejorar su&nbsp;principal tarea:&nbsp;formaci\u00f3n de los estudiantes&#8217;.&nbsp;<\/p>\n\n\n\n<p class=\"has-background has-very-light-gray-background-color\">\u00abPara poder conocer m\u00e1s y acceder a los productos&nbsp;De la Facultad,&nbsp;pueden escribir a&nbsp;<a href=\"http:\/\/ventas@fca.uncu.edu.ar\/\"><strong>ventas@fca.uncu.edu.ar<\/strong>&nbsp;<\/a><strong>o llamar al:&nbsp;4054809, interno 61121, de lunes a viernes, de 8 a 14 horas\u00bb.<\/strong><\/p>\n\n\n\n<div style=\"height:36px\" aria-hidden=\"true\" class=\"wp-block-spacer\"><\/div>\n\n\n\n<p><\/p>\n","protected":false},"excerpt":{"rendered":"<p>Luego de 2020 complicado, durante el cual la tradicional f\u00e1brica de aceite de la Facultad&hellip;<\/p>\n","protected":false},"author":3,"featured_media":39304,"comment_status":"open","ping_status":"open","sticky":false,"template":"","format":"standard","meta":{"footnotes":""},"categories":[14],"tags":[],"class_list":["post-39162","post","type-post","status-publish","format-standard","has-post-thumbnail","hentry","category-news"],"_links":{"self":[{"href":"https:\/\/enolife.com.ar\/es\/wp-json\/wp\/v2\/posts\/39162","targetHints":{"allow":["GET"]}}],"collection":[{"href":"https:\/\/enolife.com.ar\/es\/wp-json\/wp\/v2\/posts"}],"about":[{"href":"https:\/\/enolife.com.ar\/es\/wp-json\/wp\/v2\/types\/post"}],"author":[{"embeddable":true,"href":"https:\/\/enolife.com.ar\/es\/wp-json\/wp\/v2\/users\/3"}],"replies":[{"embeddable":true,"href":"https:\/\/enolife.com.ar\/es\/wp-json\/wp\/v2\/comments?post=39162"}],"version-history":[{"count":0,"href":"https:\/\/enolife.com.ar\/es\/wp-json\/wp\/v2\/posts\/39162\/revisions"}],"wp:featuredmedia":[{"embeddable":true,"href":"https:\/\/enolife.com.ar\/es\/wp-json\/wp\/v2\/media\/39304"}],"wp:attachment":[{"href":"https:\/\/enolife.com.ar\/es\/wp-json\/wp\/v2\/media?parent=39162"}],"wp:term":[{"taxonomy":"category","embeddable":true,"href":"https:\/\/enolife.com.ar\/es\/wp-json\/wp\/v2\/categories?post=39162"},{"taxonomy":"post_tag","embeddable":true,"href":"https:\/\/enolife.com.ar\/es\/wp-json\/wp\/v2\/tags?post=39162"}],"curies":[{"name":"wp","href":"https:\/\/api.w.org\/{rel}","templated":true}]}}