{"id":39151,"date":"2021-07-05T17:48:42","date_gmt":"2021-07-05T17:48:42","guid":{"rendered":"http:\/\/enolife.com.ar\/es\/?p=39151"},"modified":"2021-07-07T01:16:52","modified_gmt":"2021-07-07T01:16:52","slug":"irrigacion-comunas-y-entidades-cientificas-se-unen-para-proteger-el-agua-recurso-vital","status":"publish","type":"post","link":"https:\/\/enolife.com.ar\/es\/irrigacion-comunas-y-entidades-cientificas-se-unen-para-proteger-el-agua-recurso-vital\/","title":{"rendered":"Irrigaci\u00f3n, comunas y entidades cient\u00edficas se unen para proteger el agua, recurso vital"},"content":{"rendered":"\n<h4 class=\"wp-block-heading\"><em><strong>El Observatorio del Agua de Mendoza, creado por el Departamento General de Irrigaci\u00f3n (DGI) el 20\/11\/19 con la finalidad de integrar a la comunidad en el cuidado el recurso h\u00eddrico provincial, se enriqueci\u00f3 y fortaleci\u00f3 recientemente con el ingreso de nuevas instituciones como la Fundaci\u00f3n Humedales, el Iscamen, el INTA y la Municipalidad de General Alvear, entre otras instituciones.<\/strong><\/em><\/h4>\n\n\n\n<div style=\"height:33px\" aria-hidden=\"true\" class=\"wp-block-spacer\"><\/div>\n\n\n<a href=\"https:\/\/www.instagram.com\/agroconciencia_\" aria-label=\"BANNER AGROCONCIENCIA 400X400\"><img loading=\"lazy\" decoding=\"async\" src=\"https:\/\/enolife.com.ar\/es\/wp-content\/uploads\/2020\/06\/BANNER-AGROCONCIENCIA-400X400-1.jpg\" alt=\"\"  srcset=\"https:\/\/enolife.com.ar\/es\/wp-content\/uploads\/2020\/06\/BANNER-AGROCONCIENCIA-400X400-1.jpg 400w, https:\/\/enolife.com.ar\/es\/wp-content\/uploads\/2020\/06\/BANNER-AGROCONCIENCIA-400X400-1-300x300.jpg 300w, https:\/\/enolife.com.ar\/es\/wp-content\/uploads\/2020\/06\/BANNER-AGROCONCIENCIA-400X400-1-150x150.jpg 150w\" sizes=\"auto, (max-width: 400px) 100vw, 400px\" width=\"400\" height=\"400\"   \/><\/a>\n\n\n<div style=\"height:45px\" aria-hidden=\"true\" class=\"wp-block-spacer\"><\/div>\n\n\n\n<p>El <strong>Observatorio del Agua de Mendoza<\/strong> naci\u00f3 el 20 de noviembre de 2019 en coincidencia con el D\u00eda Provincial del Agua. Y el pasado martes 29 de junio sum\u00f3 nuevos miembros: instituciones p\u00fablicas y organizaciones de la sociedad civil, que se agregan a los sectores acad\u00e9micos.<\/p>\n\n\n\n<p>Conociendo los objetivos, misi\u00f3n y visi\u00f3n de este \u00e1mbito participativo, la <strong>Municipalidad de General Alvear<\/strong>, el Iscamen, el INTA y el INTI, por un lado; y la Fundaci\u00f3n Humedales, la Asociaci\u00f3n Arroyo Claro de Jun\u00edn y la Asociaci\u00f3n Geol\u00f3gica de Mendoza, por otro lado, se unieron en car\u00e1cter de adherentes del Observatorio, para acompa\u00f1ar e intervenir en los&nbsp;espacios de di\u00e1logo que se generen.<\/p>\n\n\n\n<p>Aportar\u00e1n informaci\u00f3n oficial sobre el recurso h\u00eddrico provincial que tengan disponible y sea \u00fatil, actualizada y analizada sobre la base de indicadores, con lo cual colaborar\u00e1n para mantener vivo y vigente al Observatorio.<\/p>\n\n\n\n<p>En el acto estuvo&nbsp;el superintendente General de Irrigaci\u00f3n, Sergio Marinelli, acompa\u00f1ado por&nbsp;el intendente de General Alvear, Walter Marcolini,&nbsp;Mariel Vani del Iscamen, Natalia Vanin del INTI y&nbsp;Claudio Galmarini por el INTA, adem\u00e1s de Heber Sosa de la&nbsp;Fundaci\u00f3n Humedales,&nbsp;Marianela Porro de la&nbsp;Asociaci\u00f3n Arroyo Claro&nbsp;y&nbsp;Graciela Defan&nbsp;por la Asociaci\u00f3n Geol\u00f3gica de Mendoza.&nbsp;<\/p>\n\n\n\n<div style=\"height:20px\" aria-hidden=\"true\" class=\"wp-block-spacer\"><\/div>\n\n\n\n<figure class=\"wp-block-gallery columns-2 is-cropped wp-block-gallery-1 is-layout-flex wp-block-gallery-is-layout-flex\"><ul class=\"blocks-gallery-grid\"><li class=\"blocks-gallery-item\"><figure><img loading=\"lazy\" decoding=\"async\" width=\"556\" height=\"556\" src=\"https:\/\/enolife.com.ar\/es\/wp-content\/uploads\/2021\/07\/IMG_20210629_204906_218.jpg\" alt=\"\" data-id=\"39157\" class=\"wp-image-39157\" srcset=\"https:\/\/enolife.com.ar\/es\/wp-content\/uploads\/2021\/07\/IMG_20210629_204906_218.jpg 556w, https:\/\/enolife.com.ar\/es\/wp-content\/uploads\/2021\/07\/IMG_20210629_204906_218-300x300.jpg 300w, https:\/\/enolife.com.ar\/es\/wp-content\/uploads\/2021\/07\/IMG_20210629_204906_218-150x150.jpg 150w\" sizes=\"auto, (max-width: 556px) 100vw, 556px\" \/><\/figure><\/li><li class=\"blocks-gallery-item\"><figure><img loading=\"lazy\" decoding=\"async\" width=\"720\" height=\"720\" src=\"https:\/\/enolife.com.ar\/es\/wp-content\/uploads\/2021\/07\/IMG_20210629_204906_232.jpg\" alt=\"\" data-id=\"39158\" data-full-url=\"https:\/\/enolife.com.ar\/es\/wp-content\/uploads\/2021\/07\/IMG_20210629_204906_232.jpg\" data-link=\"https:\/\/enolife.com.ar\/es\/?attachment_id=39158\" class=\"wp-image-39158\" srcset=\"https:\/\/enolife.com.ar\/es\/wp-content\/uploads\/2021\/07\/IMG_20210629_204906_232.jpg 720w, https:\/\/enolife.com.ar\/es\/wp-content\/uploads\/2021\/07\/IMG_20210629_204906_232-300x300.jpg 300w, https:\/\/enolife.com.ar\/es\/wp-content\/uploads\/2021\/07\/IMG_20210629_204906_232-150x150.jpg 150w, https:\/\/enolife.com.ar\/es\/wp-content\/uploads\/2021\/07\/IMG_20210629_204906_232-585x585.jpg 585w\" sizes=\"auto, (max-width: 720px) 100vw, 720px\" \/><\/figure><\/li><\/ul><\/figure>\n\n\n\n<div style=\"height:20px\" aria-hidden=\"true\" class=\"wp-block-spacer\"><\/div>\n\n\n\n<p>Por Zoom, tambi\u00e9n participaron del encuentro otros miembros del Observatorio del Agua: el Gobierno de Mendoza, la Universidad Nacional de Cuyo, la Universidad Tecnol\u00f3gica Nacional, el Instituto de Agua y Ambiente de la Universidad de Mendoza, el Instituto Nacional del Agua, Emesa, Aguas Mendocinas, la Asociaci\u00f3n de Inspecciones de Cauce de la Sexta Zona del r\u00edo Mendoza, la Municipalidad de Godoy Cruz, Wetlands International, la Federaci\u00f3n Provincial de Inspecciones de Cauce y el Departamento General de Irrigaci\u00f3n.<\/p>\n\n\n\n<p>\u00abEl Observatorio es una herramienta de di\u00e1logo que busca darle transparencia a los temas de agua, informaci\u00f3n, participaci\u00f3n y sobre todo certidumbre para la comunidad, a partir de una composici\u00f3n muy variada de organismos t\u00e9cnicos y cient\u00edficos que no solo son parte sino due\u00f1os de este espacio. La idea es que el Observatorio sea de la comunidad. Y particularmente, me propongo que&nbsp;tenga la tranquilidad y certeza de que hay transparencia en el manejo del principal recurso que tenemos\u00bb, asegur\u00f3 Marinelli al comenzar la presentaci\u00f3n del acto.&nbsp;<\/p>\n\n\n\n<p>Luego, el intendente de General Alvear destac\u00f3: \u00abPara nosotros es muy importante participar de esta reuni\u00f3n y de ahora en m\u00e1s formar parte del Observatorio. El tema del agua es central y clave. A lo largo de estas dos gestiones nos toc\u00f3 trabajar de manera mancomunada con Irrigaci\u00f3n y el r\u00edo Atuel en el conflicto con La Pampa. Gratamente debo decir que Mendoza ha podido construir una pol\u00edtica de Estado, m\u00e1s all\u00e1 de los resultados que tengamos durante el proceso, porque ha trabajado de manera integrada y con capacidad t\u00e9cnica.&nbsp;El agua es parte de nuestra agenda y desarrollo del Plan Municipal, de lo que establece la Ley del Uso del Suelo y Desarrollo Territorial y el Plan Provincial de Ordenamiento Territorial. No es menor toda pol\u00edtica p\u00fablica que se pueda formalizar en t\u00e9rminos del manejo y de los estudios del agua. El Municipio debe formar parte de este Observatorio, para aprender, y por el manejo territorial de un departamento que es lim\u00edtrofe y que tiene una problem\u00e1tica aguda con el manejo de la cuenca h\u00eddrica\u00bb.<\/p>\n\n\n\n<p>Patricia Puebla, de la Facultad de Ciencias Econ\u00f3micas de la UNCuyo, asegur\u00f3 adem\u00e1s: \u00abEs un placer sumar organismos al trabajo en conjunto en la preocupaci\u00f3n del recurso h\u00eddrico. Entendemos que mientras m\u00e1s actores formemos parte de este Observatorio, tener a los gestores concretos del territorio, es fundamental para poder avanzar en la gesti\u00f3n integrada de los recursos h\u00eddricos y de la seguridad h\u00eddrica. Este espacio da esa posibilidad de conocernos, compartir actividades conjuntas y la informaci\u00f3n que cada uno va aportando hace que gestionemos de forma distinta\u00bb.<\/p>\n\n\n\n<p>Para finalizar la reuni\u00f3n en la que tambi\u00e9n estuvieron presentes por parte de Irrigaci\u00f3n la jefa de Gabinete, Marit\u00e9 Badui y el Director de Gesti\u00f3n Ambiental, An\u00edbal Manzur, la Secretaria de Gesti\u00f3n del organismo del agua, Marcela Andino, brind\u00f3 un acercamiento sobre el proyecto de la Cuenca del r\u00edo Desaguadero y el estado de avance de los estudios del mismo.<\/p>\n\n\n\n<div style=\"height:25px\" aria-hidden=\"true\" class=\"wp-block-spacer\"><\/div>\n","protected":false},"excerpt":{"rendered":"<p>El Observatorio del Agua de Mendoza, creado por el Departamento General de Irrigaci\u00f3n (DGI) el&hellip;<\/p>\n","protected":false},"author":3,"featured_media":39159,"comment_status":"open","ping_status":"open","sticky":false,"template":"","format":"standard","meta":{"footnotes":""},"categories":[14],"tags":[],"class_list":["post-39151","post","type-post","status-publish","format-standard","has-post-thumbnail","hentry","category-news"],"_links":{"self":[{"href":"https:\/\/enolife.com.ar\/es\/wp-json\/wp\/v2\/posts\/39151","targetHints":{"allow":["GET"]}}],"collection":[{"href":"https:\/\/enolife.com.ar\/es\/wp-json\/wp\/v2\/posts"}],"about":[{"href":"https:\/\/enolife.com.ar\/es\/wp-json\/wp\/v2\/types\/post"}],"author":[{"embeddable":true,"href":"https:\/\/enolife.com.ar\/es\/wp-json\/wp\/v2\/users\/3"}],"replies":[{"embeddable":true,"href":"https:\/\/enolife.com.ar\/es\/wp-json\/wp\/v2\/comments?post=39151"}],"version-history":[{"count":0,"href":"https:\/\/enolife.com.ar\/es\/wp-json\/wp\/v2\/posts\/39151\/revisions"}],"wp:featuredmedia":[{"embeddable":true,"href":"https:\/\/enolife.com.ar\/es\/wp-json\/wp\/v2\/media\/39159"}],"wp:attachment":[{"href":"https:\/\/enolife.com.ar\/es\/wp-json\/wp\/v2\/media?parent=39151"}],"wp:term":[{"taxonomy":"category","embeddable":true,"href":"https:\/\/enolife.com.ar\/es\/wp-json\/wp\/v2\/categories?post=39151"},{"taxonomy":"post_tag","embeddable":true,"href":"https:\/\/enolife.com.ar\/es\/wp-json\/wp\/v2\/tags?post=39151"}],"curies":[{"name":"wp","href":"https:\/\/api.w.org\/{rel}","templated":true}]}}