{"id":39094,"date":"2021-07-04T13:12:53","date_gmt":"2021-07-04T13:12:53","guid":{"rendered":"http:\/\/enolife.com.ar\/es\/?p=39094"},"modified":"2021-07-06T00:09:01","modified_gmt":"2021-07-06T00:09:01","slug":"la-enoteca-de-mendoza-reabre-con-sus-ciclos-de-cursos-catas-y-maridajes","status":"publish","type":"post","link":"https:\/\/enolife.com.ar\/es\/la-enoteca-de-mendoza-reabre-con-sus-ciclos-de-cursos-catas-y-maridajes\/","title":{"rendered":"La Enoteca de Mendoza reabre con sus ciclos de cursos, catas y maridajes"},"content":{"rendered":"\n<h4 class=\"wp-block-heading\"><em><strong>El Centro Tem\u00e1tico del Vino contin\u00faa sus actividades tras un cierre moment\u00e1neo por el confinamiento del covid. A los eventos online se suma la posibilidad de paseos en sus instalaciones del Parque C\u00edvico de la capital mendocina. Desde ma\u00f1ana 5 de julio al 9 de julio se celebrar\u00e1 la denominada \u00abSemana de la Dulzura\u00bb, con un maridaje entre vino y chocolate. Y en los pr\u00f3ximos d\u00edas catas de destilados, syrah, vinos y dulces.<\/strong><\/em><\/h4>\n\n\n\n<div style=\"height:20px\" aria-hidden=\"true\" class=\"wp-block-spacer\"><\/div>\n\n\n<a href=\"https:\/\/ar.verallia.com\/\" aria-label=\"VERALLIA 1700 x 500\"><img loading=\"lazy\" decoding=\"async\" src=\"https:\/\/enolife.com.ar\/es\/wp-content\/uploads\/2021\/04\/VERALLIA-1700-x-500.jpg\" alt=\"\"  srcset=\"https:\/\/enolife.com.ar\/es\/wp-content\/uploads\/2021\/04\/VERALLIA-1700-x-500.jpg 1700w, https:\/\/enolife.com.ar\/es\/wp-content\/uploads\/2021\/04\/VERALLIA-1700-x-500-300x88.jpg 300w, https:\/\/enolife.com.ar\/es\/wp-content\/uploads\/2021\/04\/VERALLIA-1700-x-500-1024x301.jpg 1024w, https:\/\/enolife.com.ar\/es\/wp-content\/uploads\/2021\/04\/VERALLIA-1700-x-500-768x226.jpg 768w, https:\/\/enolife.com.ar\/es\/wp-content\/uploads\/2021\/04\/VERALLIA-1700-x-500-1536x452.jpg 1536w, https:\/\/enolife.com.ar\/es\/wp-content\/uploads\/2021\/04\/VERALLIA-1700-x-500-1170x344.jpg 1170w, https:\/\/enolife.com.ar\/es\/wp-content\/uploads\/2021\/04\/VERALLIA-1700-x-500-585x172.jpg 585w\" sizes=\"auto, (max-width: 1700px) 100vw, 1700px\" width=\"1700\" height=\"500\"   \/><\/a>\n\n\n<div style=\"height:49px\" aria-hidden=\"true\" class=\"wp-block-spacer\"><\/div>\n\n\n\n<p>La Enoteca, donde la vitivinicultura de Mendoza dio sus primeros pasos, invita a conocer sus recorridos de lunes a viernes de 10 a 17 hs, con reserva previa y paseos gratuitos para los locales. Durante la semana del 5 al 9 de julio se sumar\u00e1 a la visita un maridaje especial con chocolate para festejar la Semana de la Dulzura.<\/p>\n\n\n\n<p class=\"has-background has-very-light-gray-background-color\"><strong>Reservas al 261 659 5405<\/strong><br>Peltier 611, Ciudad de Mendoza<\/p>\n\n\n\n<div style=\"height:20px\" aria-hidden=\"true\" class=\"wp-block-spacer\"><\/div>\n\n\n\n<figure class=\"wp-block-video aligncenter\"><video controls src=\"https:\/\/enolife.com.ar\/es\/wp-content\/uploads\/2021\/07\/211855524_528866211641537_8243909736998438076_n.mp4\"><\/video><\/figure>\n\n\n\n<div style=\"height:65px\" aria-hidden=\"true\" class=\"wp-block-spacer\"><\/div>\n\n\n\n<p>Por otro lado, como se viene haciendo todos los meses, contin\u00faan los ciclos on line, en los cuales se puede aprender, probar y maridar. Este mes de julio, el martes 13, el mi\u00e9rcoles 21 y el jueves 29, se podr\u00e1 asistir virtualmente a:<\/p>\n\n\n\n<div style=\"height:20px\" aria-hidden=\"true\" class=\"wp-block-spacer\"><\/div>\n\n\n\n<p class=\"has-medium-font-size\"><strong>Curso \u00abLos Destilados del Vino<\/strong>\u00ab<\/p>\n\n\n\n<p>Un encuentro para conocer los destilados que se elaboran a partir de la uva y del vino: grapa, brandy, cognac y pisco. Historia, m\u00e9todos de elaboraci\u00f3n y caracter\u00edsticas de estas bebidas que tienen una fuerte presencia en la cocteler\u00eda y en diferentes ocasiones de consumo. <\/p>\n\n\n\n<p>Gu\u00edado por la en\u00f3loga <strong>Carolina Hoyos<\/strong> y a trav\u00e9s de la plataforma Zoom, el curso se desarrollar\u00e1 el martes 13 de julio a las 20 hs. <\/p>\n\n\n\n<p><strong>Los participantes recibir\u00e1n un kit de degustaci\u00f3n que constar\u00e1 de:<\/strong><\/p>\n\n\n\n<ul class=\"wp-block-list\"><li>1 muestra de 50 ml. de Grapa Musianum.<\/li><li>1 muestra de 50 ml. de Pisco Calavera.<\/li><li>1 muestra de 50 ml. de Cognac Reserva San Juan.<\/li><li>1 muestra de 50 ml. de Brandy Hilbing.<\/li><li>1 kit de maridaje que incluye: alfajor de chocolate negro, bocado dulce de lim\u00f3n, queso parmesano y jam\u00f3n crudo.<\/li><li>1 individual para las notas de cata.<\/li><\/ul>\n\n\n\n<p class=\"has-background has-very-light-gray-background-color\"><strong>Precios<\/strong>: Socios de La Enoteca $ 500 &#8211; Entrada general: $ 650<br><strong>Tickets disponibles <a href=\"https:\/\/www.eventbrite.com.ar\/e\/curso-los-destilados-del-vino-tickets-160961214325?aff=odeimcmailchimp&amp;mc_eid=c8feb6be5f&amp;mc_cid=6c812a2201\">AQU\u00cd<\/a><\/strong> <\/p>\n\n\n\n<div style=\"height:20px\" aria-hidden=\"true\" class=\"wp-block-spacer\"><\/div>\n\n\n\n<p class=\"has-medium-font-size\"><strong>Ciclo \u00abCoordenadas del vino: Syrah<\/strong>\u00ab<\/p>\n\n\n\n<p>El ciclo propone recorrer diferentes terru\u00f1os de la mano de un varietal, en esta ocasi\u00f3n ser\u00e1 el syrah. El recorrido comenzar\u00e1 en Fiambal\u00e1, provincia de Catamarca, luego se traslada a Mendoza y hace pie en Lavalle y General Alvear. <\/p>\n\n\n\n<p>Guiado por el Ingeniero Agr\u00f3nomo y Winemaker <strong>Alfredo Draque<\/strong>, la cita ser\u00e1 el mi\u00e9rcoles 21 de julio a las 20 hs, a trav\u00e9s de Zoom. <\/p>\n\n\n\n<p><strong>Los participantes recibir\u00e1n:<\/strong><\/p>\n\n\n\n<ul class=\"wp-block-list\"><li>1 Syrah Ruta 60 de Finca Don Diego (Fiambal\u00e1, Catamarca).<\/li><li>1 Syrah Groselj de Carlos Groselj &nbsp;(Lavalle, Mendoza).<\/li><li>1 Syrah La Bowense de Cooperativa La Bowense (General Alvear, Mendoza).<\/li><li>1 individual para notas de cata.<\/li><li>1 l\u00e1mina de Syrah de Pisan Uva.<\/li><\/ul>\n\n\n\n<p class=\"has-background has-very-light-gray-background-color\"><strong>Precios<\/strong>: Socios de La Enoteca $ 750 &#8211; Entrada general: $ 900<br><strong>Tickets disponibles <a href=\"https:\/\/www.eventbrite.com.ar\/e\/ciclo-coordenadas-del-vino-ep-syrah-tickets-160957976641?aff=odeimcmailchimp&amp;mc_eid=c8feb6be5f&amp;mc_cid=6c812a2201\">AQU\u00cd<\/a><\/strong><\/p>\n\n\n\n<div style=\"height:20px\" aria-hidden=\"true\" class=\"wp-block-spacer\"><\/div>\n\n\n\n<p class=\"has-medium-font-size\"><strong>Encuentro Especial: \u00abVino &amp; Dulces<\/strong>\u00ab<\/p>\n\n\n\n<p>Un encuentro ideal para que fan\u00e1ticos de postres, dulces y confituras encuentren los vinos que mejor los acompa\u00f1an. La propuesta es descubrir las diferentes texturas, sabores y aromas que resultan de las combinaciones. <\/p>\n\n\n\n<p>Dictado por la sommelier <strong>B\u00e1rbara Jones<\/strong>, ser\u00e1 el jueves 29 de julio a las 20 hs. por Zoom.<\/p>\n\n\n\n<p><strong>Cada participante recibir\u00e1 un kit de degustaci\u00f3n que incluye:<\/strong><\/p>\n\n\n\n<ul class=\"wp-block-list\"><li>1 botella de vino espumante Santa Julia Classic Cuvee&nbsp;(187cc.).<\/li><li>1 muestra de 50 ml. de Marzala de Bodegas Crotta.<\/li><li>1 muestra de 50 ml. de Mistela de Bodegas Crotta.<\/li><li>1 botella de vino rosado de Malbec de Bodega Siseos.<\/li><li>1 botella de vino tinto de Carignan de Bodega Familia Cecchin.<\/li><li>1 kit de ocho degustaciones de dulces.<\/li><li>1 kit l\u00fadico.<\/li><li>1 individual de cata.<\/li><\/ul>\n\n\n\n<p class=\"has-background has-very-light-gray-background-color\">Precios: Socios de La Enoteca $ 900 &#8211; Entrada general: $ 1.050<br><strong>Tickets disponibles <a href=\"https:\/\/www.eventbrite.com.ar\/e\/encuentro-especial-vino-dulces-tickets-161654816909?aff=erelpanelorg\">AQU\u00cd<\/a><\/strong><\/p>\n\n\n\n<div style=\"height:57px\" aria-hidden=\"true\" class=\"wp-block-spacer\"><\/div>\n","protected":false},"excerpt":{"rendered":"<p>El Centro Tem\u00e1tico del Vino contin\u00faa sus actividades tras un cierre moment\u00e1neo por el confinamiento&hellip;<\/p>\n","protected":false},"author":3,"featured_media":39120,"comment_status":"open","ping_status":"open","sticky":false,"template":"","format":"standard","meta":{"footnotes":""},"categories":[47],"tags":[],"class_list":["post-39094","post","type-post","status-publish","format-standard","has-post-thumbnail","hentry","category-agenda"],"_links":{"self":[{"href":"https:\/\/enolife.com.ar\/es\/wp-json\/wp\/v2\/posts\/39094","targetHints":{"allow":["GET"]}}],"collection":[{"href":"https:\/\/enolife.com.ar\/es\/wp-json\/wp\/v2\/posts"}],"about":[{"href":"https:\/\/enolife.com.ar\/es\/wp-json\/wp\/v2\/types\/post"}],"author":[{"embeddable":true,"href":"https:\/\/enolife.com.ar\/es\/wp-json\/wp\/v2\/users\/3"}],"replies":[{"embeddable":true,"href":"https:\/\/enolife.com.ar\/es\/wp-json\/wp\/v2\/comments?post=39094"}],"version-history":[{"count":0,"href":"https:\/\/enolife.com.ar\/es\/wp-json\/wp\/v2\/posts\/39094\/revisions"}],"wp:featuredmedia":[{"embeddable":true,"href":"https:\/\/enolife.com.ar\/es\/wp-json\/wp\/v2\/media\/39120"}],"wp:attachment":[{"href":"https:\/\/enolife.com.ar\/es\/wp-json\/wp\/v2\/media?parent=39094"}],"wp:term":[{"taxonomy":"category","embeddable":true,"href":"https:\/\/enolife.com.ar\/es\/wp-json\/wp\/v2\/categories?post=39094"},{"taxonomy":"post_tag","embeddable":true,"href":"https:\/\/enolife.com.ar\/es\/wp-json\/wp\/v2\/tags?post=39094"}],"curies":[{"name":"wp","href":"https:\/\/api.w.org\/{rel}","templated":true}]}}