{"id":39007,"date":"2021-07-02T20:48:08","date_gmt":"2021-07-02T20:48:08","guid":{"rendered":"http:\/\/enolife.com.ar\/es\/?p=39007"},"modified":"2021-07-03T16:57:18","modified_gmt":"2021-07-03T16:57:18","slug":"los-contribuyentes-del-inv-podran-pagar-en-la-bolsa-de-comercio-de-mendoza","status":"publish","type":"post","link":"https:\/\/enolife.com.ar\/es\/los-contribuyentes-del-inv-podran-pagar-en-la-bolsa-de-comercio-de-mendoza\/","title":{"rendered":"Los contribuyentes del INV podr\u00e1n pagar en la Bolsa de Comercio de Mendoza"},"content":{"rendered":"\n<h4 class=\"wp-block-heading\"><em><strong>Desde este mes de julio de 2021, los contribuyentes del Instituto Nacional de Vitivinicultura (INV) podr\u00e1n abonar, en cualquier boca de recaudaci\u00f3n de la Bolsa de Comercio de Mendoza (BCM), todo tipo de servicios y tasas que correspondan al organismo de fiscalizaci\u00f3n vitivin\u00edcola. <\/strong><\/em><\/h4>\n\n\n\n<div style=\"height:37px\" aria-hidden=\"true\" class=\"wp-block-spacer\"><\/div>\n\n\n\n\n\n<div style=\"height:59px\" aria-hidden=\"true\" class=\"wp-block-spacer\"><\/div>\n\n\n\n<p>El presidente del Instituto Nacional de Vitivinicultura (INV), Mart\u00edn Hinojosa, y el presidente de la Bolsa de Comercio (BCM) de Mendoza, Luis \u00c1brego, firmaron un convenio para la gesti\u00f3n de cobranza de todos aquellos conceptos de recaudaci\u00f3n del INV en las sedes de la BCM, que son:<\/p>\n\n\n\n<p><strong>Sede Central<\/strong> <strong>Mendoza<\/strong><br>Avenida Espa\u00f1a 1092, Capital<br>Tel\u00e9fonos: 4496101\/02\/03\/44\/52<br>Horario: 8:30 a 16:30 hs<\/p>\n\n\n\n<p><strong>Sede Edificio Notarial<\/strong><br>Patricias Mendocinas 756, Capital<br>Tel\u00e9fonos: 4257557 &#8211; 4258637<br>Horario: 8:30 a 16:30 hs<\/p>\n\n\n\n<p><strong>Sede Guaymall\u00e9n<\/strong><br>Bandera de los Andes 4320, Guaymall\u00e9n<br>Tel\u00e9fonos: 4214422\/77<br>Horario: 8:30 a 16:30 hs<\/p>\n\n\n\n<p><strong>Sede La Barraca<\/strong><br>Mall La Barraca local 17, Guaymall\u00e9n<br>Tel\u00e9fonos: 08003450852 Interno 8105<br>Horario: 9:00 a 17:00 hs<\/p>\n\n\n\n<p><strong>Sede Godoy Cruz<\/strong><br>Rivadavia y San Mart\u00edn, Godoy Cruz<br>Local Comercial Carrefour<br>Tel\u00e9fono: 4224953<br>Horario: 9:00 a 17:00 hs<\/p>\n\n\n\n<p><strong>Sede Luj\u00e1n de Cuyo<\/strong><br>Patricios 287, Luj\u00e1n<br>Tel\u00e9fonos: 4985518<br>Horario: 8:30 a 16:30 hs<\/p>\n\n\n\n<p><strong>Sede Maip\u00fa<\/strong><br>San Mart\u00edn 286, Maip\u00fa<br>Tel\u00e9fonos: 4977930\/31<br>Horario: 8:30 a 16:30 hs<\/p>\n\n\n\n<p><strong>San Mart\u00edn<\/strong><br>Centro Echesortu y Casas<br>locales 16\/17, San Mart\u00edn<br>Tel\u00e9fonos: 0263- 4420840 \/ 4420251<br>Horario: 8:30 a 16:30 hs<\/p>\n\n\n\n<p><strong>Sede Rivadavia<\/strong><br>Lavalle y Arist\u00f3bulo del Valle, Rivadavia<br>Tel\u00e9fonos: 0263-4445147<br>Horario: 8:00 a 13:00 hs<\/p>\n\n\n\n<p><strong>Sede San Rafael<\/strong><br>Pellegrini 120, San Rafael<br>Tel\u00e9fonos: 0260 4437906 \/ 4425863<br>Horario: 8:30 a 16:30 hs<\/p>\n\n\n\n<p><strong>Sede General Alvear<\/strong><br>Av. Alvear Oeste 296, Gral. Alvear<br>Tel\u00e9fonos: 02625-423119<br>Horario: 8:00 a 13:00 hs<\/p>\n\n\n\n<div style=\"height:20px\" aria-hidden=\"true\" class=\"wp-block-spacer\"><\/div>\n\n\n\n<p class=\"has-background has-very-light-gray-background-color\">Para m\u00e1s informaci\u00f3n, los interesados pueden llamar al <em>call center<\/em> de la Bolsa de Comercio de Mendoza, <strong>tel\u00e9fonos 4496141\/63\/64<\/strong>.<\/p>\n\n\n\n<div style=\"height:20px\" aria-hidden=\"true\" class=\"wp-block-spacer\"><\/div>\n\n\n\n<p>Tambi\u00e9n existe la opci\u00f3n de realizar pagos a trav\u00e9s de los canales electr\u00f3nicos y\/o digitales de cobro que esta instituci\u00f3n crediticia posee actualmente, o bien los que implemente en un futuro.<\/p>\n\n\n\n<p>El organismo fiscalizador pondr\u00e1 a disposici\u00f3n la informaci\u00f3n en l\u00ednea, mediante sus sistemas inform\u00e1ticos, con los importes correspondientes, a fin de que la Bolsa realice la gesti\u00f3n encomendada, cobrando \u00fanicamente el importe consignado.<\/p>\n\n\n\n<p>El convenio tendr\u00e1 una vigencia de 24 meses a partir de la fecha de su firma, pudiendo ser renovado autom\u00e1ticamente y por per\u00edodos de doce meses.<\/p>\n\n\n\n<div style=\"height:30px\" aria-hidden=\"true\" class=\"wp-block-spacer\"><\/div>\n","protected":false},"excerpt":{"rendered":"<p>Desde este mes de julio de 2021, los contribuyentes del Instituto Nacional de Vitivinicultura (INV)&hellip;<\/p>\n","protected":false},"author":3,"featured_media":39032,"comment_status":"open","ping_status":"open","sticky":false,"template":"","format":"standard","meta":{"footnotes":""},"categories":[14],"tags":[],"class_list":["post-39007","post","type-post","status-publish","format-standard","has-post-thumbnail","hentry","category-news"],"_links":{"self":[{"href":"https:\/\/enolife.com.ar\/es\/wp-json\/wp\/v2\/posts\/39007","targetHints":{"allow":["GET"]}}],"collection":[{"href":"https:\/\/enolife.com.ar\/es\/wp-json\/wp\/v2\/posts"}],"about":[{"href":"https:\/\/enolife.com.ar\/es\/wp-json\/wp\/v2\/types\/post"}],"author":[{"embeddable":true,"href":"https:\/\/enolife.com.ar\/es\/wp-json\/wp\/v2\/users\/3"}],"replies":[{"embeddable":true,"href":"https:\/\/enolife.com.ar\/es\/wp-json\/wp\/v2\/comments?post=39007"}],"version-history":[{"count":0,"href":"https:\/\/enolife.com.ar\/es\/wp-json\/wp\/v2\/posts\/39007\/revisions"}],"wp:featuredmedia":[{"embeddable":true,"href":"https:\/\/enolife.com.ar\/es\/wp-json\/wp\/v2\/media\/39032"}],"wp:attachment":[{"href":"https:\/\/enolife.com.ar\/es\/wp-json\/wp\/v2\/media?parent=39007"}],"wp:term":[{"taxonomy":"category","embeddable":true,"href":"https:\/\/enolife.com.ar\/es\/wp-json\/wp\/v2\/categories?post=39007"},{"taxonomy":"post_tag","embeddable":true,"href":"https:\/\/enolife.com.ar\/es\/wp-json\/wp\/v2\/tags?post=39007"}],"curies":[{"name":"wp","href":"https:\/\/api.w.org\/{rel}","templated":true}]}}