{"id":38245,"date":"2021-07-01T14:47:37","date_gmt":"2021-07-01T14:47:37","guid":{"rendered":"http:\/\/enolife.com.ar\/es\/?p=38245"},"modified":"2021-07-01T14:47:51","modified_gmt":"2021-07-01T14:47:51","slug":"como-enfrentan-las-pymes-paraguayas-la-crisis-de-la-pandemia","status":"publish","type":"post","link":"https:\/\/enolife.com.ar\/es\/como-enfrentan-las-pymes-paraguayas-la-crisis-de-la-pandemia\/","title":{"rendered":"C\u00f3mo enfrentan las pymes paraguayas la crisis de la pandemia"},"content":{"rendered":"\n<h4 class=\"wp-block-heading\"><em><strong>La situaci\u00f3n de Paraguay desde el inicio de la pandemia no es muy diferente a la de Argentina: confinamiento, crisis econ\u00f3mica y cortocircuitos pol\u00edticos entre el gobierno y la oposici\u00f3n. Antes de marzo de 2020, el vecino pa\u00eds contaba con una estabilidad econ\u00f3mica que le permiti\u00f3 prever al Banco Central del Paraguay un crecimiento del 4% para ese a\u00f1o, aunque finalmente el pa\u00eds registr\u00f3 una recesi\u00f3n econ\u00f3mica del -1%. <\/strong><\/em><\/h4>\n\n\n\n<hr class=\"wp-block-separator\"\/>\n\n\n\n<h4 class=\"wp-block-heading\"><em><strong>Para conversar acerca de c\u00f3mo salieron a flote las pymes en ese escenario, el Foro Diplom\u00e1tico en Mendoza (FDM) invita al conversatorio \u00abPymes y pandemia: la experiencia de Paraguay\u00bb, el 6\/7 a las 19 hs. La charla estar\u00e1 a cargo del especialista en ciencias pol\u00edticas y economista V\u00edctor Ra\u00fal Ben\u00edtez Gonz\u00e1lez, presidente del Club de Ideas. Auspician la actividad prestigiosas instituciones cooperativas y universitarias de Mendoza, en conjunto con Enolife y otros influyentes medios de comunicaci\u00f3n locales.<\/strong><\/em><\/h4>\n\n\n\n<div style=\"height:43px\" aria-hidden=\"true\" class=\"wp-block-spacer\"><\/div>\n\n\n<a href=\"https:\/\/laffort.com\/es\/\" aria-label=\"BANNER 1700X500 LAFFORT ZYMAFLORE\"><img loading=\"lazy\" decoding=\"async\" src=\"https:\/\/enolife.com.ar\/es\/wp-content\/uploads\/2021\/05\/BANNER-1700X500-LAFFORT-ZYMAFLORE.jpg\" alt=\"\"  srcset=\"https:\/\/enolife.com.ar\/es\/wp-content\/uploads\/2021\/05\/BANNER-1700X500-LAFFORT-ZYMAFLORE.jpg 1700w, https:\/\/enolife.com.ar\/es\/wp-content\/uploads\/2021\/05\/BANNER-1700X500-LAFFORT-ZYMAFLORE-300x88.jpg 300w, https:\/\/enolife.com.ar\/es\/wp-content\/uploads\/2021\/05\/BANNER-1700X500-LAFFORT-ZYMAFLORE-1024x301.jpg 1024w, https:\/\/enolife.com.ar\/es\/wp-content\/uploads\/2021\/05\/BANNER-1700X500-LAFFORT-ZYMAFLORE-768x226.jpg 768w, https:\/\/enolife.com.ar\/es\/wp-content\/uploads\/2021\/05\/BANNER-1700X500-LAFFORT-ZYMAFLORE-1536x452.jpg 1536w, https:\/\/enolife.com.ar\/es\/wp-content\/uploads\/2021\/05\/BANNER-1700X500-LAFFORT-ZYMAFLORE-1170x344.jpg 1170w, https:\/\/enolife.com.ar\/es\/wp-content\/uploads\/2021\/05\/BANNER-1700X500-LAFFORT-ZYMAFLORE-585x172.jpg 585w\" sizes=\"auto, (max-width: 1700px) 100vw, 1700px\" width=\"1700\" height=\"500\"   \/><\/a>\n\n\n<div style=\"height:68px\" aria-hidden=\"true\" class=\"wp-block-spacer\"><\/div>\n\n\n\n<div class=\"wp-block-image\"><figure class=\"alignleft size-large is-resized\"><img loading=\"lazy\" decoding=\"async\" src=\"https:\/\/enolife.com.ar\/es\/wp-content\/uploads\/2021\/06\/210706-1900-Charla-07-flyer-ver-02-WhatsApp.jpeg\" alt=\"\" class=\"wp-image-38867\" width=\"333\" height=\"407\" srcset=\"https:\/\/enolife.com.ar\/es\/wp-content\/uploads\/2021\/06\/210706-1900-Charla-07-flyer-ver-02-WhatsApp.jpeg 452w, https:\/\/enolife.com.ar\/es\/wp-content\/uploads\/2021\/06\/210706-1900-Charla-07-flyer-ver-02-WhatsApp-246x300.jpeg 246w\" sizes=\"auto, (max-width: 333px) 100vw, 333px\" \/><\/figure><\/div>\n\n\n\n<p>Continuando con el ciclo de charlas on line que se propone conocer las experiencias de otros pa\u00edses para salir adelante con las consecuencias de la pandemia, el Foro Diplom\u00e1tico en Mendoza (FDM) invita a su pr\u00f3ximo conversatorio \u00abPymes y pandemia: la experiencia de Paraguay\u00bb<\/p>\n\n\n\n<p>Para esta ocasi\u00f3n, el orador invitado ser\u00e1 Victor Ra\u00fal Benitez Gonz\u00e1lez, quien dialogar\u00e1 sobre: <strong>\u00abEl escape del cautiverio pand\u00e9mico\u00bb.<\/strong><\/p>\n\n\n\n<p class=\"has-background has-very-light-gray-background-color\"><strong>Fecha<\/strong>: Martes 6 de julio 2021, a las 19.00 horas (Argentina)<br><strong>Formato<\/strong>: on line a trav\u00e9s de YouTube live<br><br><strong>Evento gratuito con inscripci\u00f3n previa<br>Reservas: <a href=\"https:\/\/www.eventbrite.com.ar\/e\/fdm-ciclo-2021-post-pandemia-y-pymes-virtual-charla-07-tickets-160248931869\">AQU\u00cd<\/a><\/strong><br>A los que reserven por Eventbrite, 24 horas antes les llegar\u00e1 el link correspondiente <\/p>\n\n\n\n<div style=\"height:20px\" aria-hidden=\"true\" class=\"wp-block-spacer\"><\/div>\n\n\n\n<p class=\"has-medium-font-size\"><strong>Sobre el orador<\/strong><\/p>\n\n\n\n<div class=\"wp-block-image\"><figure class=\"alignleft size-large is-resized\"><img loading=\"lazy\" decoding=\"async\" src=\"https:\/\/enolife.com.ar\/es\/wp-content\/uploads\/2021\/06\/V\u00edctor-Ra\u00fal-Ben\u00edtez-Gonz\u00e1lez-copia-1-750x406-1.jpg\" alt=\"\" class=\"wp-image-38869\" width=\"238\" height=\"217\" srcset=\"https:\/\/enolife.com.ar\/es\/wp-content\/uploads\/2021\/06\/V\u00edctor-Ra\u00fal-Ben\u00edtez-Gonz\u00e1lez-copia-1-750x406-1.jpg 370w, https:\/\/enolife.com.ar\/es\/wp-content\/uploads\/2021\/06\/V\u00edctor-Ra\u00fal-Ben\u00edtez-Gonz\u00e1lez-copia-1-750x406-1-300x273.jpg 300w\" sizes=\"auto, (max-width: 238px) 100vw, 238px\" \/><figcaption><strong><em>Victor Ra\u00fal Ben\u00edtez Gonz\u00e1lez<\/em><\/strong><\/figcaption><\/figure><\/div>\n\n\n\n<p><strong>Victor Ra\u00fal Benitez Gonz\u00e1lez <\/strong>es economista recibido en la Universidad Nacional de Asunci\u00f3n; m\u00e1ster en Integraci\u00f3n Latinoamericana por la Universidad Federal de Santa Mar\u00eda de R\u00edo Grande do Sul, Brasil; doctor en Ciencias Pol\u00edticas por la Universidad de Costa Rica y especialista en Inteligencia Estrat\u00e9gica por el Instituto de Altos Estudios Estrat\u00e9gicos del Paraguay.<\/p>\n\n\n\n<p>Es <strong>asesor de organismos internacionales<\/strong> para dar apoyo a gobiernos y estados en Brasil y Paraguay con foco en gesti\u00f3n de pol\u00edticas p\u00fablicas, relaciones gubernamentales e institucionales y dirigi\u00f3 campa\u00f1as electorales en Argentina, Brasil y Paraguay.<\/p>\n\n\n\n<p>Preside tambi\u00e9n el <strong>\u00abClub de Ideas &#8211; La casa del saber\u00bb<\/strong>, un emprendimiento de su autor\u00eda junto con amigos intelectuales que encontraron en Paraguay la falencia de \u00abinversi\u00f3n en ideas para ganar en t\u00e9rminos de desarrollo humano\u00bb.<\/p>\n\n\n\n<div style=\"height:64px\" aria-hidden=\"true\" class=\"wp-block-spacer\"><\/div>\n","protected":false},"excerpt":{"rendered":"<p>La situaci\u00f3n de Paraguay desde el inicio de la pandemia no es muy diferente a&hellip;<\/p>\n","protected":false},"author":3,"featured_media":38876,"comment_status":"open","ping_status":"open","sticky":false,"template":"","format":"standard","meta":{"footnotes":""},"categories":[47],"tags":[],"class_list":["post-38245","post","type-post","status-publish","format-standard","has-post-thumbnail","hentry","category-agenda"],"_links":{"self":[{"href":"https:\/\/enolife.com.ar\/es\/wp-json\/wp\/v2\/posts\/38245","targetHints":{"allow":["GET"]}}],"collection":[{"href":"https:\/\/enolife.com.ar\/es\/wp-json\/wp\/v2\/posts"}],"about":[{"href":"https:\/\/enolife.com.ar\/es\/wp-json\/wp\/v2\/types\/post"}],"author":[{"embeddable":true,"href":"https:\/\/enolife.com.ar\/es\/wp-json\/wp\/v2\/users\/3"}],"replies":[{"embeddable":true,"href":"https:\/\/enolife.com.ar\/es\/wp-json\/wp\/v2\/comments?post=38245"}],"version-history":[{"count":0,"href":"https:\/\/enolife.com.ar\/es\/wp-json\/wp\/v2\/posts\/38245\/revisions"}],"wp:featuredmedia":[{"embeddable":true,"href":"https:\/\/enolife.com.ar\/es\/wp-json\/wp\/v2\/media\/38876"}],"wp:attachment":[{"href":"https:\/\/enolife.com.ar\/es\/wp-json\/wp\/v2\/media?parent=38245"}],"wp:term":[{"taxonomy":"category","embeddable":true,"href":"https:\/\/enolife.com.ar\/es\/wp-json\/wp\/v2\/categories?post=38245"},{"taxonomy":"post_tag","embeddable":true,"href":"https:\/\/enolife.com.ar\/es\/wp-json\/wp\/v2\/tags?post=38245"}],"curies":[{"name":"wp","href":"https:\/\/api.w.org\/{rel}","templated":true}]}}