{"id":3812,"date":"2019-10-05T21:31:28","date_gmt":"2019-10-05T21:31:28","guid":{"rendered":"http:\/\/enolife.com.ar\/es\/?p=3812"},"modified":"2019-10-08T13:15:24","modified_gmt":"2019-10-08T13:15:24","slug":"durante-la-vendimia-2020-mendoza-sera-sede-del-congreso-mundial-de-seguro-agricola","status":"publish","type":"post","link":"https:\/\/enolife.com.ar\/es\/durante-la-vendimia-2020-mendoza-sera-sede-del-congreso-mundial-de-seguro-agricola\/","title":{"rendered":"Durante la Vendimia 2020, Mendoza ser\u00e1 sede del congreso mundial de seguro agr\u00edcola"},"content":{"rendered":"\n<h4 class=\"wp-block-heading\"><em><strong>Compa\u00f1\u00edas aseguradoras de todo el mundo se reunir\u00e1n en nuestra ciudad del 9 al 12 de marzo del pr\u00f3ximo a\u00f1o. El encuentro congregar\u00e1 a m\u00e1s de 400 t\u00e9cnicos y especialistas con el objetivo de impulsar el seguro agr\u00edcola como herramienta de previsi\u00f3n econ\u00f3mica y social. <\/strong><\/em><\/h4>\n\n\n\n<div style=\"height:20px\" aria-hidden=\"true\" class=\"wp-block-spacer\"><\/div>\n\n\n\n<p>Las principales compa\u00f1\u00edas aseguradoras de Latinoam\u00e9rica y reaseguradoras del mundo, junto a organismos p\u00fablicos y privados de la regi\u00f3n se congregar\u00e1n en Mendoza en la \u00e9poca de la Fiesta de la Vendimia 2020. El prop\u00f3sito del encuentro es fomentar el desarrollo del seguro agr\u00edcola como herramienta de previsi\u00f3n econ\u00f3mica y social que impulsa el crecimiento y la sustentabilidad de las econom\u00edas regionales.<\/p>\n\n\n\n<p>El congreso, de car\u00e1cter internacional, es un medio para reforzar la adhesi\u00f3n al seguro agropecuario como un insumo b\u00e1sico para el productor rural, que permite protegerse y tener respaldo econ\u00f3mico frente a las&nbsp;diversas contingencias que pueden amenazarlo, beneficiando as\u00ed a toda la cadena de valor.<\/p>\n\n\n\n<p>Debido a la magnitud del congreso, el jefe de Gabinete del Ministerio de Econom\u00eda, Infraestructura y Energ\u00eda, Alfredo Aciar y la titular del Ente Mendoza Turismo de la Provincia, Gabriela Testa, recibieron a los miembros de la Asociaci\u00f3n Latinoamericana para el Desarrollo del Seguro Agropecuario (Alasa), con el fin de coordinar acciones para organizar el congreso que se realizar\u00e1 en el marco de la Vendimia 2020.<\/p>\n\n\n\n<p>Durante cuatro jornadas, en esos d\u00edas, se realizan presentaciones magistrales con expertos expositores a nivel p\u00fablico y privado que comparten experiencias y se llevar\u00e1n a cabo talleres con temas predefinidos.<\/p>\n\n\n\n<p>Alasa es una organizaci\u00f3n sin fines de lucro que tiene por objetivo reforzar y expandir el conocimiento sobre el seguro agr\u00edcola a trav\u00e9s de seminarios, simposios, cursos, conferencias y congresos. Mediante estas instancias facilitan el establecimiento de relaciones comerciales e identificaci\u00f3n de clientes estrat\u00e9gicos.<\/p>\n\n\n\n<p>Durante la XV edici\u00f3n del Congreso que en 2018 se realiz\u00f3 en Lima, Per\u00fa, Aciar propuso a Mendoza como sede del pr\u00f3ximo encuentro, moci\u00f3n que fue aceptada por los participantes por ser una provincia ejemplar en el desarrollo de sistemas de prevenci\u00f3n y mitigaci\u00f3n de contingencias clim\u00e1ticas.<\/p>\n\n\n\n<p>En ese encuentro, el funcionario mendocino expuso sobre la experiencia de Mendoza, que implement\u00f3 un innovador Sistema de Seguro Agr\u00edcola, sancionado por la Legislatura luego de un arduo relevamiento sobre las deficiencias del sistema compensador que hasta el 2016 funcion\u00f3 en la provincia.<\/p>\n\n\n\n<p class=\"has-background has-very-light-gray-background-color\">Con el actual sistema, que comenz\u00f3 a operar durante la temporada anterior, de las 230 mil hect\u00e1reas cultivadas, 90 mil hect\u00e1reas est\u00e1n cubiertas por el nuevo seguro agr\u00edcola, que supli\u00f3 el esquema heredado de cobertura: un Fondo Compensador Agr\u00edcola al que s\u00f3lo se adher\u00eda el 20% de los productores, generalmente los de mayor riesgo.<\/p>\n\n\n\n<p>Los resultados del primer a\u00f1o y los objetivos actuales fueron presentados como ejemplo del cambio sustentable que Mendoza ha llevado a cabo para proteger la producci\u00f3n agropecuaria provincial.<\/p>\n\n\n\n<p class=\"has-small-font-size\"><em><strong>Fuente: Gobierno de Mendoza<\/strong><\/em><\/p>\n","protected":false},"excerpt":{"rendered":"<p>Compa\u00f1\u00edas aseguradoras de todo el mundo se reunir\u00e1n en nuestra ciudad del 9 al 12&hellip;<\/p>\n","protected":false},"author":2,"featured_media":3833,"comment_status":"open","ping_status":"open","sticky":false,"template":"","format":"standard","meta":{"footnotes":""},"categories":[14],"tags":[],"class_list":["post-3812","post","type-post","status-publish","format-standard","has-post-thumbnail","hentry","category-news"],"_links":{"self":[{"href":"https:\/\/enolife.com.ar\/es\/wp-json\/wp\/v2\/posts\/3812","targetHints":{"allow":["GET"]}}],"collection":[{"href":"https:\/\/enolife.com.ar\/es\/wp-json\/wp\/v2\/posts"}],"about":[{"href":"https:\/\/enolife.com.ar\/es\/wp-json\/wp\/v2\/types\/post"}],"author":[{"embeddable":true,"href":"https:\/\/enolife.com.ar\/es\/wp-json\/wp\/v2\/users\/2"}],"replies":[{"embeddable":true,"href":"https:\/\/enolife.com.ar\/es\/wp-json\/wp\/v2\/comments?post=3812"}],"version-history":[{"count":0,"href":"https:\/\/enolife.com.ar\/es\/wp-json\/wp\/v2\/posts\/3812\/revisions"}],"wp:featuredmedia":[{"embeddable":true,"href":"https:\/\/enolife.com.ar\/es\/wp-json\/wp\/v2\/media\/3833"}],"wp:attachment":[{"href":"https:\/\/enolife.com.ar\/es\/wp-json\/wp\/v2\/media?parent=3812"}],"wp:term":[{"taxonomy":"category","embeddable":true,"href":"https:\/\/enolife.com.ar\/es\/wp-json\/wp\/v2\/categories?post=3812"},{"taxonomy":"post_tag","embeddable":true,"href":"https:\/\/enolife.com.ar\/es\/wp-json\/wp\/v2\/tags?post=3812"}],"curies":[{"name":"wp","href":"https:\/\/api.w.org\/{rel}","templated":true}]}}