{"id":3744,"date":"2019-10-04T03:17:48","date_gmt":"2019-10-04T03:17:48","guid":{"rendered":"http:\/\/enolife.com.ar\/es\/?p=3744"},"modified":"2019-10-05T21:30:20","modified_gmt":"2019-10-05T21:30:20","slug":"cooperativistas-capacitan-a-jovenes-de-junin-para-prevenir-el-exodo-rural","status":"publish","type":"post","link":"https:\/\/enolife.com.ar\/es\/cooperativistas-capacitan-a-jovenes-de-junin-para-prevenir-el-exodo-rural\/","title":{"rendered":"Cooperativistas capacitan a j\u00f3venes de Jun\u00edn para prevenir el \u00e9xodo rural"},"content":{"rendered":"\n<h4 class=\"wp-block-heading\"><strong><em>La Asociaci\u00f3n de Cooperativas Vitivin\u00edcolas (Acovi) brind\u00f3 una serie de charlas a chicos de 15 a 18 a\u00f1os en Ingeniero Giagnoni. La iniciativa se suma a una propuesta del Instituto Nuestra Se\u00f1ora del Rosario sobre preparaci\u00f3n de estudiantes para ingresar al mercado laboral. <\/em><\/strong><\/h4>\n\n\n\n<div style=\"height:20px\" aria-hidden=\"true\" class=\"wp-block-spacer\"><\/div>\n\n\n\n<p>El subgerente de Acovi, Nicol\u00e1s Vicchi, habl\u00f3 sobre cooperativismo vitivin\u00edcola y econom\u00eda social. Por su parte, la directora del colegio secundario Nuestra Se\u00f1ora del Rosario, Susana Esp\u00f3sito, coment\u00f3 que durante toda la semana se organizaron charlas para ayudar a que los j\u00f3venes se inserten en el mercado laboral.<\/p>\n\n\n\n<p>La Fundaci\u00f3n Sancor Seguros y Sancor Seguros tambi\u00e9n formaron parte del encuentro, con las charlas a cargo de la contadora Marcela Neme sobre cooperativas escolares.<\/p>\n\n\n\n<p>\u201cFue una actividad que cont\u00f3 con mucha participaci\u00f3n de los chicos. Desde Acovi comentamos lo que es la econom\u00eda social, estuvimos haciendo una charla de cooperativismo y sobre la importancia que tiene esto no s\u00f3lo como una forma de organizaci\u00f3n para generar un beneficio econ\u00f3mico sino tambi\u00e9n sobre la persona que debe estar en el centro de la econom\u00eda, del medio ambiente y del desarrollo local\u201d, expres\u00f3 Vicchi.<\/p>\n\n\n\n<p>El l\u00edder cooperativista remarc\u00f3 que los estudiantes dialogaron sobre la responsabilidad que ellos sienten \u00abno a futuro sino en la actualidad, para poder cambiar la realidad que vivimos a trav\u00e9s del emprendedurismo, y tomando en cuenta que lo que ellos vayan a desarrollar siempre debe tener en cuenta a la persona con la que trabajan, a sus familias&#8230; Y apuntar a generar un efecto transformador y contribuir al el bien com\u00fan y al desarrollo local\u00bb.<\/p>\n\n\n\n<div style=\"height:20px\" aria-hidden=\"true\" class=\"wp-block-spacer\"><\/div>\n\n\n\n<div class=\"wp-block-image\"><figure class=\"aligncenter\"><img decoding=\"async\" src=\"http:\/\/www.acovi.com.ar\/principal\/wp-content\/uploads\/2019\/10\/Principal-1-1024x576.jpeg\" alt=\"\"\/><figcaption><em>Directivos de Acovi y Sancor Seguros junto a autoridades del colegio.<\/em><\/figcaption><\/figure><\/div>\n\n\n\n<div style=\"height:20px\" aria-hidden=\"true\" class=\"wp-block-spacer\"><\/div>\n\n\n\n<p>Por su parte, la directora del colegio, Susana Esp\u00f3sito, resalt\u00f3: \u201cEsta actividad surge como una necesidad de dar respuesta al desempleo, y promueve la generaci\u00f3n de sus propios trabajos, debido a que falta el trabajo permanente y efectivo en las empresas. Ante ello, la persona debe poder generar su propio espacio de trabajo\u201d.<\/p>\n\n\n\n<p>Con relaci\u00f3n al \u00e9xodo de los j\u00f3venes de esa zona rural, la directora asever\u00f3 que ya ocurre que muchos de los chicos quieren seguir estudiando, por lo que emigran a la ciudad de Mendoza.<\/p>\n\n\n\n<p>\u201cMuchos de ellos acceden a tecnicaturas que est\u00e1n en la zona Este; lo que nosotros queremos es que vuelvan a sus lugares para generar puestos de trabajo y de esta manera emprendimientos\u201d, dijo Esp\u00f3sito.<\/p>\n\n\n\n<p>El programa culmina el s\u00e1bado 5 de octubre con una mega exposici\u00f3n&nbsp; de microemprendedores en la plaza de Ingeniero Giagnoni.<\/p>\n\n\n\n<p class=\"has-small-font-size\"><em><strong>Fuente: Acovi<\/strong><\/em><\/p>\n","protected":false},"excerpt":{"rendered":"<p>La Asociaci\u00f3n de Cooperativas Vitivin\u00edcolas (Acovi) brind\u00f3 una serie de charlas a chicos de 15&hellip;<\/p>\n","protected":false},"author":2,"featured_media":3755,"comment_status":"open","ping_status":"open","sticky":false,"template":"","format":"standard","meta":{"footnotes":""},"categories":[14],"tags":[],"class_list":["post-3744","post","type-post","status-publish","format-standard","has-post-thumbnail","hentry","category-news"],"_links":{"self":[{"href":"https:\/\/enolife.com.ar\/es\/wp-json\/wp\/v2\/posts\/3744","targetHints":{"allow":["GET"]}}],"collection":[{"href":"https:\/\/enolife.com.ar\/es\/wp-json\/wp\/v2\/posts"}],"about":[{"href":"https:\/\/enolife.com.ar\/es\/wp-json\/wp\/v2\/types\/post"}],"author":[{"embeddable":true,"href":"https:\/\/enolife.com.ar\/es\/wp-json\/wp\/v2\/users\/2"}],"replies":[{"embeddable":true,"href":"https:\/\/enolife.com.ar\/es\/wp-json\/wp\/v2\/comments?post=3744"}],"version-history":[{"count":0,"href":"https:\/\/enolife.com.ar\/es\/wp-json\/wp\/v2\/posts\/3744\/revisions"}],"wp:featuredmedia":[{"embeddable":true,"href":"https:\/\/enolife.com.ar\/es\/wp-json\/wp\/v2\/media\/3755"}],"wp:attachment":[{"href":"https:\/\/enolife.com.ar\/es\/wp-json\/wp\/v2\/media?parent=3744"}],"wp:term":[{"taxonomy":"category","embeddable":true,"href":"https:\/\/enolife.com.ar\/es\/wp-json\/wp\/v2\/categories?post=3744"},{"taxonomy":"post_tag","embeddable":true,"href":"https:\/\/enolife.com.ar\/es\/wp-json\/wp\/v2\/tags?post=3744"}],"curies":[{"name":"wp","href":"https:\/\/api.w.org\/{rel}","templated":true}]}}