{"id":37393,"date":"2021-06-12T15:39:34","date_gmt":"2021-06-12T15:39:34","guid":{"rendered":"http:\/\/enolife.com.ar\/es\/?p=37393"},"modified":"2021-06-15T17:20:30","modified_gmt":"2021-06-15T17:20:30","slug":"mas-integracion-la-formula-de-las-pymes-vitivinicolas-francesas-para-sobrevivir-en-pandemia","status":"publish","type":"post","link":"https:\/\/enolife.com.ar\/es\/mas-integracion-la-formula-de-las-pymes-vitivinicolas-francesas-para-sobrevivir-en-pandemia\/","title":{"rendered":"M\u00e1s integraci\u00f3n, la f\u00f3rmula de las pymes vitivin\u00edcolas francesas para sobrevivir en pandemia"},"content":{"rendered":"\n<h4 class=\"wp-block-heading\"><em><strong>El pasado 30 de marzo se fusionaron en Francia dos de las cooperativas vitivin\u00edcolas m\u00e1s importantes del pa\u00eds galo y de toda Europa: InVivo Wines y Vinad\u00e9is, conformando un holding que ahora se llama Cordier by InVivo. Fue la respuesta inteligente y la apuesta estrat\u00e9gica de la industria ante la crisis por el coronavirus. Un modelo para aprender, que ser\u00e1 explicado por el nuevo director de la megacooperativa, Jo\u00ebl Castany, en otra de las charlas del ciclo \u00abPostpandemia y pymes\u00bb organizada por el Foro Diplom\u00e1tico en Mendoza en colaboraci\u00f3n con la Universidad de Congreso. Ser\u00e1 el martes 15\/6 a las 15 hora argentina, con participaci\u00f3n gratuita previa inscripci\u00f3n por Eventbrite. Auspician la actividad las entidades educativas y los medios period\u00edsticos m\u00e1s importantes de Mendoza, entre ellos Enolife. <\/strong><\/em> <\/h4>\n\n\n\n<div style=\"height:32px\" aria-hidden=\"true\" class=\"wp-block-spacer\"><\/div>\n\n\n<a href=\"https:\/\/estanciamendoza.com.ar\/es\/\" aria-label=\"Copia de BEM &#8211; Banner adaptaciones diario digital_BEM &#8211; Banner Enolife &#8211; 1700&#215;500\"><img loading=\"lazy\" decoding=\"async\" src=\"https:\/\/enolife.com.ar\/es\/wp-content\/uploads\/2019\/07\/Copia-de-BEM-Banner-adaptaciones-diario-digital_BEM-Banner-Enolife-1700x500-1.jpg\" alt=\"\"  srcset=\"https:\/\/enolife.com.ar\/es\/wp-content\/uploads\/2019\/07\/Copia-de-BEM-Banner-adaptaciones-diario-digital_BEM-Banner-Enolife-1700x500-1.jpg 1700w, https:\/\/enolife.com.ar\/es\/wp-content\/uploads\/2019\/07\/Copia-de-BEM-Banner-adaptaciones-diario-digital_BEM-Banner-Enolife-1700x500-1-300x88.jpg 300w, https:\/\/enolife.com.ar\/es\/wp-content\/uploads\/2019\/07\/Copia-de-BEM-Banner-adaptaciones-diario-digital_BEM-Banner-Enolife-1700x500-1-1024x301.jpg 1024w, https:\/\/enolife.com.ar\/es\/wp-content\/uploads\/2019\/07\/Copia-de-BEM-Banner-adaptaciones-diario-digital_BEM-Banner-Enolife-1700x500-1-768x226.jpg 768w, https:\/\/enolife.com.ar\/es\/wp-content\/uploads\/2019\/07\/Copia-de-BEM-Banner-adaptaciones-diario-digital_BEM-Banner-Enolife-1700x500-1-1536x452.jpg 1536w, https:\/\/enolife.com.ar\/es\/wp-content\/uploads\/2019\/07\/Copia-de-BEM-Banner-adaptaciones-diario-digital_BEM-Banner-Enolife-1700x500-1-1170x344.jpg 1170w, https:\/\/enolife.com.ar\/es\/wp-content\/uploads\/2019\/07\/Copia-de-BEM-Banner-adaptaciones-diario-digital_BEM-Banner-Enolife-1700x500-1-585x172.jpg 585w\" sizes=\"auto, (max-width: 1700px) 100vw, 1700px\" width=\"1700\" height=\"500\"   \/><\/a>\n\n\n<div style=\"height:67px\" aria-hidden=\"true\" class=\"wp-block-spacer\"><\/div>\n\n\n\n<p>La conferencia de <strong>Jo\u00ebl Castany<\/strong> -titular del Consejo de Administraci\u00f3n de la megacooperativa <strong>Cordier by InVivo<\/strong>, que representa a 3.600 productores vitivin\u00edcolas- forma parte del ciclo \u00ab<strong>Postpandemia y pymes<\/strong>\u00ab, que desde comienzos de 2021 ofrece el <strong>Foro Diplom\u00e1tico en Mendoza<\/strong> <strong>(FDM)<\/strong>. La serie de conversatorios durante este a\u00f1o tiene por objeto dar a conocer las diversas experiencias internacionales relacionadas con las peque\u00f1as y medianas empresas (pymes) y las pol\u00edticas de los gobiernos para mejorar su situaci\u00f3n por los confinamientos para atenuar los efectos del covid 19. En estos encuentros, expertos de cada tema tratado brindan recomendaciones y sugieren buenas pr\u00e1cticas frente a las adversidad.<\/p>\n\n\n\n<div style=\"height:20px\" aria-hidden=\"true\" class=\"wp-block-spacer\"><\/div>\n\n\n\n<div class=\"wp-block-image\"><figure class=\"aligncenter size-large\"><img loading=\"lazy\" decoding=\"async\" width=\"1024\" height=\"631\" src=\"https:\/\/enolife.com.ar\/es\/wp-content\/uploads\/2021\/06\/maxresdefault-1024x631.jpg\" alt=\"\" class=\"wp-image-37409\" srcset=\"https:\/\/enolife.com.ar\/es\/wp-content\/uploads\/2021\/06\/maxresdefault-1024x631.jpg 1024w, https:\/\/enolife.com.ar\/es\/wp-content\/uploads\/2021\/06\/maxresdefault-300x185.jpg 300w, https:\/\/enolife.com.ar\/es\/wp-content\/uploads\/2021\/06\/maxresdefault-768x473.jpg 768w, https:\/\/enolife.com.ar\/es\/wp-content\/uploads\/2021\/06\/maxresdefault-585x361.jpg 585w, https:\/\/enolife.com.ar\/es\/wp-content\/uploads\/2021\/06\/maxresdefault.jpg 1131w\" sizes=\"auto, (max-width: 1024px) 100vw, 1024px\" \/><figcaption><em><strong>Jo\u00ebl Castany en el Foro Mundial de Cooperativas Vitivin\u00edcolas (2016)<\/strong><\/em><\/figcaption><\/figure><\/div>\n\n\n\n<div style=\"height:20px\" aria-hidden=\"true\" class=\"wp-block-spacer\"><\/div>\n\n\n\n<p>Estas charlas son conducidas por <strong>Otto Loesener<\/strong>, integrante del FDM, presidente y fundador de IQ SA y ex gerente de Programas y Proyectos en la Organizaci\u00f3n de las Naciones Unidas para el Desarrollo Industrial (Onudi).<\/p>\n\n\n\n<div style=\"height:28px\" aria-hidden=\"true\" class=\"wp-block-spacer\"><\/div>\n\n\n\n<p class=\"has-background has-very-light-gray-background-color\"><strong>Cordier by In Vivo, un gigante del cooperativismo<\/strong><br><br>En la charla del martes 15\/6, el orador Jo\u00ebl Castany, presidente de Cordier by InVivo, se referir\u00e1 al tema \u00abPymes y pandemia: la experiencia de Francia\u00bb. El holding Cordier by In Vivo integra a 9 grandes bodegas cooperativas, ubicadas en diferentes regiones vitivin\u00edcolas de Francia (Burdeos, Sudoeste, Languedoc, Beaujolais). All\u00ed se nuclean unos 3.600 viticultores, con 25.000 hect\u00e1reas en producci\u00f3n, 1 mill\u00f3n de hectolitros de vinos y champa\u00f1as producidos al a\u00f1o, con 400 millones de euros de facturaci\u00f3n anual, 600 empleados, 17 marcas y sedes en 11 pa\u00edses.<\/p>\n\n\n\n<div style=\"height:31px\" aria-hidden=\"true\" class=\"wp-block-spacer\"><\/div>\n\n\n\n<p class=\"has-medium-font-size\"><strong>Los datos de la charla<\/strong><\/p>\n\n\n\n<p><strong>Fecha y hora:<\/strong> Martes 15 de junio 2021 a las 15 horas de Argentina<br>Modalidad del encuentro: Online, en vivo a trav\u00e9s de YouTube Live.<\/p>\n\n\n\n<p class=\"has-background has-very-light-gray-background-color\"><strong>Reservas sin costo: Por Eventbrite <a href=\"https:\/\/www.eventbrite.com.ar\/e\/fdm-ciclo-2021-post-pandemia-y-pymes-virtual-charla-06-tickets-158896647149\">AQU\u00cd<\/a><\/strong><\/p>\n\n\n\n<p><strong>Nota 1:<\/strong> A quienes reserven, 24 horas antes del encuentro les llegar\u00e1 el link correspondiente para YouTube Live.<br><strong>Nota 2:<\/strong> Al final de la charla, el orador responder\u00e1 las preguntas formuladas por los participantes seg\u00fan el orden en que fueron anotadas, a consideraci\u00f3n del moderador.<\/p>\n\n\n\n<div style=\"height:20px\" aria-hidden=\"true\" class=\"wp-block-spacer\"><\/div>\n\n\n\n<div class=\"wp-block-image\"><figure class=\"aligncenter size-large is-resized\"><img loading=\"lazy\" decoding=\"async\" src=\"https:\/\/enolife.com.ar\/es\/wp-content\/uploads\/2021\/06\/Imagen1-3.jpg\" alt=\"\" class=\"wp-image-37411\" width=\"388\" height=\"473\" srcset=\"https:\/\/enolife.com.ar\/es\/wp-content\/uploads\/2021\/06\/Imagen1-3.jpg 590w, https:\/\/enolife.com.ar\/es\/wp-content\/uploads\/2021\/06\/Imagen1-3-246x300.jpg 246w, https:\/\/enolife.com.ar\/es\/wp-content\/uploads\/2021\/06\/Imagen1-3-585x714.jpg 585w\" sizes=\"auto, (max-width: 388px) 100vw, 388px\" \/><\/figure><\/div>\n\n\n\n<div style=\"height:25px\" aria-hidden=\"true\" class=\"wp-block-spacer\"><\/div>\n","protected":false},"excerpt":{"rendered":"<p>El pasado 30 de marzo se fusionaron en Francia dos de las cooperativas vitivin\u00edcolas m\u00e1s&hellip;<\/p>\n","protected":false},"author":3,"featured_media":37413,"comment_status":"open","ping_status":"open","sticky":false,"template":"","format":"standard","meta":{"footnotes":""},"categories":[47],"tags":[],"class_list":["post-37393","post","type-post","status-publish","format-standard","has-post-thumbnail","hentry","category-agenda"],"_links":{"self":[{"href":"https:\/\/enolife.com.ar\/es\/wp-json\/wp\/v2\/posts\/37393","targetHints":{"allow":["GET"]}}],"collection":[{"href":"https:\/\/enolife.com.ar\/es\/wp-json\/wp\/v2\/posts"}],"about":[{"href":"https:\/\/enolife.com.ar\/es\/wp-json\/wp\/v2\/types\/post"}],"author":[{"embeddable":true,"href":"https:\/\/enolife.com.ar\/es\/wp-json\/wp\/v2\/users\/3"}],"replies":[{"embeddable":true,"href":"https:\/\/enolife.com.ar\/es\/wp-json\/wp\/v2\/comments?post=37393"}],"version-history":[{"count":0,"href":"https:\/\/enolife.com.ar\/es\/wp-json\/wp\/v2\/posts\/37393\/revisions"}],"wp:featuredmedia":[{"embeddable":true,"href":"https:\/\/enolife.com.ar\/es\/wp-json\/wp\/v2\/media\/37413"}],"wp:attachment":[{"href":"https:\/\/enolife.com.ar\/es\/wp-json\/wp\/v2\/media?parent=37393"}],"wp:term":[{"taxonomy":"category","embeddable":true,"href":"https:\/\/enolife.com.ar\/es\/wp-json\/wp\/v2\/categories?post=37393"},{"taxonomy":"post_tag","embeddable":true,"href":"https:\/\/enolife.com.ar\/es\/wp-json\/wp\/v2\/tags?post=37393"}],"curies":[{"name":"wp","href":"https:\/\/api.w.org\/{rel}","templated":true}]}}