{"id":36887,"date":"2021-06-05T02:51:10","date_gmt":"2021-06-05T02:51:10","guid":{"rendered":"http:\/\/enolife.com.ar\/es\/?p=36887"},"modified":"2021-06-07T13:18:44","modified_gmt":"2021-06-07T13:18:44","slug":"para-aprender-sobre-agroecologia-y-huertas-urbanas-el-iscamen-da-capacitaciones-online","status":"publish","type":"post","link":"https:\/\/enolife.com.ar\/es\/para-aprender-sobre-agroecologia-y-huertas-urbanas-el-iscamen-da-capacitaciones-online\/","title":{"rendered":"Para aprender sobre agroecolog\u00eda y huertas urbanas, el Iscamen da capacitaciones online"},"content":{"rendered":"\n<h4 class=\"wp-block-heading\"><em><strong>Como parte del cronograma de capacitaciones anuales que lleva adelante el Instituto de Sanidad y Calidad Agroalimentaria (Iscamen) de Mendoza, durante junio se realizar\u00e1n varios ciclos de formaci\u00f3n, con el objetivo de fomentar pr\u00e1cticas agroecol\u00f3gicas sostenibles. Los cursos son organizados desde los distintos departamentos de la provincia y est\u00e1n destinados a productores y p\u00fablico en general. Para anotarse, hay que entrar en las redes sociales del Iscamen, en la web <a href=\"https:\/\/l.facebook.com\/l.php?u=http%3A%2F%2Fwww.iscamen.com.ar%2F%3Ffbclid%3DIwAR3v-sVfEm6cgMQE2YcY98eUtuu9PdwCqjcQ4ei4LGfOwSe8GXe4jyLDZPk&amp;h=AT381wkCHEsvx62haCUhWlrRv7HbpWsfzH3_Ey6hSslL8Camg0ApxFKfIGZfIykiRuuZVjI1T3peA0FPhkWc1f5XY0dd9RdGAaIthKwYMOSFsMKVZzFra82WrIsJWkWNQS-Isb-mMPNfniKcXxZ6\" rel=\"noreferrer noopener\" target=\"_blank\">http:\/\/www.iscamen.com.ar\/<\/a> o comunicarse al tel\u00e9fono 0800-666-4722.<\/strong><\/em><\/h4>\n\n\n\n<div style=\"height:42px\" aria-hidden=\"true\" class=\"wp-block-spacer\"><\/div>\n\n\n<a href=\"https:\/\/www.irrigacion.gov.ar\/web\/\" aria-label=\"irrigaci\u00f3n-1700X500\"><img loading=\"lazy\" decoding=\"async\" src=\"https:\/\/enolife.com.ar\/es\/wp-content\/uploads\/2021\/02\/irrigacion-1700X500.gif\" alt=\"\"  width=\"1700\" height=\"500\"   \/><\/a>\n\n\n<div style=\"height:55px\" aria-hidden=\"true\" class=\"wp-block-spacer\"><\/div>\n\n\n\n<p>Durante los meses de junio y julio, el Instituto de Sanidad y Calidad Agroalimentaria de Mendoza (Iscamen) est\u00e1 dictando una serie de capacitaciones sobre agroecolog\u00eda y huerta urbana, tanto para el sector productivo como para el p\u00fablico en general, con el objetivo de fomentar pr\u00e1cticas agroecol\u00f3gicas sostenibles.<\/p>\n\n\n\n<p>Por ello, en conjunto con varios municipios y otros actores institucionales como productores integrados en cooperativas o establecimientos educativos de distintos niveles, se organizan ciclos de capacitaci\u00f3n sobre agroecolog\u00eda y huerta urbana.<\/p>\n\n\n\n<p>Se han desarrollado capacitaciones virtuales con alt\u00edsima participaci\u00f3n de los vecinos de Las Heras, San Mart\u00edn y Guaymall\u00e9n. Por otro lado, se est\u00e1n llevando a cabo encuentros sobre buenas pr\u00e1cticas agr\u00edcolas a fin de extender una herramienta necesaria y fundamental para la producci\u00f3n agr\u00edcola.<\/p>\n\n\n\n<p>La oferta institucional de capacitaciones del Iscamen atraviesa los ejes tem\u00e1ticos referidos a econom\u00eda, ambiente y tecnolog\u00eda y se desarrolla sobre temas de alta demanda como agroecolog\u00eda, control biol\u00f3gico y alternativo de plagas, tipos de compostaje, buenas pr\u00e1cticas agr\u00edcolas, inocuidad, trazabilidad (seguimiento), buenas pr\u00e1cticas en el manejo de agroqu\u00edmicos, selecci\u00f3n de predios productivos, materiales de propagaci\u00f3n, selecci\u00f3n de semillas y plantas, entre otros.<\/p>\n\n\n\n<p>Durante todo junio, el cronograma de capacitaciones se desarrollar\u00e1 en conjunto con los municipios de Jun\u00edn, Tunuy\u00e1n y Tupungato y el Instituto Nacional de Tecnolog\u00eda Agropecuaria (INTA). Los interesados pueden informarse a trav\u00e9s de las redes sociales del Iscamen y de los municipios involucrados.<\/p>\n\n\n\n<div style=\"height:20px\" aria-hidden=\"true\" class=\"wp-block-spacer\"><\/div>\n\n\n\n<p class=\"has-text-align-center has-medium-font-size\"><strong>Cronograma de encuentros<\/strong><\/p>\n\n\n\n<div class=\"wp-block-image\"><figure class=\"aligncenter size-large is-resized\"><img loading=\"lazy\" decoding=\"async\" src=\"https:\/\/enolife.com.ar\/es\/wp-content\/uploads\/2021\/06\/calendario-497x1024.jpg\" alt=\"\" class=\"wp-image-36916\" width=\"584\" height=\"1203\" srcset=\"https:\/\/enolife.com.ar\/es\/wp-content\/uploads\/2021\/06\/calendario-497x1024.jpg 497w, https:\/\/enolife.com.ar\/es\/wp-content\/uploads\/2021\/06\/calendario-146x300.jpg 146w, https:\/\/enolife.com.ar\/es\/wp-content\/uploads\/2021\/06\/calendario-768x1582.jpg 768w, https:\/\/enolife.com.ar\/es\/wp-content\/uploads\/2021\/06\/calendario-746x1536.jpg 746w, https:\/\/enolife.com.ar\/es\/wp-content\/uploads\/2021\/06\/calendario-994x2048.jpg 994w, https:\/\/enolife.com.ar\/es\/wp-content\/uploads\/2021\/06\/calendario-585x1205.jpg 585w, https:\/\/enolife.com.ar\/es\/wp-content\/uploads\/2021\/06\/calendario.jpg 1096w\" sizes=\"auto, (max-width: 584px) 100vw, 584px\" \/><\/figure><\/div>\n\n\n\n<p><\/p>\n","protected":false},"excerpt":{"rendered":"<p>Como parte del cronograma de capacitaciones anuales que lleva adelante el Instituto de Sanidad y&hellip;<\/p>\n","protected":false},"author":3,"featured_media":36918,"comment_status":"open","ping_status":"open","sticky":false,"template":"","format":"standard","meta":{"footnotes":""},"categories":[47],"tags":[],"class_list":["post-36887","post","type-post","status-publish","format-standard","has-post-thumbnail","hentry","category-agenda"],"_links":{"self":[{"href":"https:\/\/enolife.com.ar\/es\/wp-json\/wp\/v2\/posts\/36887","targetHints":{"allow":["GET"]}}],"collection":[{"href":"https:\/\/enolife.com.ar\/es\/wp-json\/wp\/v2\/posts"}],"about":[{"href":"https:\/\/enolife.com.ar\/es\/wp-json\/wp\/v2\/types\/post"}],"author":[{"embeddable":true,"href":"https:\/\/enolife.com.ar\/es\/wp-json\/wp\/v2\/users\/3"}],"replies":[{"embeddable":true,"href":"https:\/\/enolife.com.ar\/es\/wp-json\/wp\/v2\/comments?post=36887"}],"version-history":[{"count":0,"href":"https:\/\/enolife.com.ar\/es\/wp-json\/wp\/v2\/posts\/36887\/revisions"}],"wp:featuredmedia":[{"embeddable":true,"href":"https:\/\/enolife.com.ar\/es\/wp-json\/wp\/v2\/media\/36918"}],"wp:attachment":[{"href":"https:\/\/enolife.com.ar\/es\/wp-json\/wp\/v2\/media?parent=36887"}],"wp:term":[{"taxonomy":"category","embeddable":true,"href":"https:\/\/enolife.com.ar\/es\/wp-json\/wp\/v2\/categories?post=36887"},{"taxonomy":"post_tag","embeddable":true,"href":"https:\/\/enolife.com.ar\/es\/wp-json\/wp\/v2\/tags?post=36887"}],"curies":[{"name":"wp","href":"https:\/\/api.w.org\/{rel}","templated":true}]}}