{"id":36738,"date":"2021-06-03T22:27:41","date_gmt":"2021-06-03T22:27:41","guid":{"rendered":"http:\/\/enolife.com.ar\/es\/?p=36738"},"modified":"2021-06-03T22:27:42","modified_gmt":"2021-06-03T22:27:42","slug":"asumio-como-nuevo-presidente-de-promendoza-el-titular-de-la-bolsa-de-comercio","status":"publish","type":"post","link":"https:\/\/enolife.com.ar\/es\/asumio-como-nuevo-presidente-de-promendoza-el-titular-de-la-bolsa-de-comercio\/","title":{"rendered":"Asumi\u00f3 como nuevo presidente de ProMendoza el titular de la Bolsa de Comercio"},"content":{"rendered":"\n<h4 class=\"wp-block-heading\"><em><strong>Tras su asamblea anual, la Fundaci\u00f3n que promueve los productos mendocinos en el exterior renov\u00f3 sus autoridades. Luis Abrego pasa a desempe\u00f1arse como presidente, en representaci\u00f3n de la Bolsa de Comercio y reemplazo del saliente ministro de Econom\u00eda y Energ\u00eda de la provincia, Enrique Vaqui\u00e9, quien queda como vicepresidente 1\u00ba.<\/strong><\/em> <\/h4>\n\n\n\n<div style=\"height:20px\" aria-hidden=\"true\" class=\"wp-block-spacer\"><\/div>\n\n\n<a href=\"https:\/\/www.lallemandwine.com\/es\/south-america\/\" aria-label=\"Lallemand_1700X500 (002)\"><img loading=\"lazy\" decoding=\"async\" src=\"https:\/\/enolife.com.ar\/es\/wp-content\/uploads\/2021\/06\/Lallemand_1700X500-002.jpg\" alt=\"\"  srcset=\"https:\/\/enolife.com.ar\/es\/wp-content\/uploads\/2021\/06\/Lallemand_1700X500-002.jpg 1700w, https:\/\/enolife.com.ar\/es\/wp-content\/uploads\/2021\/06\/Lallemand_1700X500-002-300x88.jpg 300w, https:\/\/enolife.com.ar\/es\/wp-content\/uploads\/2021\/06\/Lallemand_1700X500-002-1024x301.jpg 1024w, https:\/\/enolife.com.ar\/es\/wp-content\/uploads\/2021\/06\/Lallemand_1700X500-002-768x226.jpg 768w, https:\/\/enolife.com.ar\/es\/wp-content\/uploads\/2021\/06\/Lallemand_1700X500-002-1536x452.jpg 1536w, https:\/\/enolife.com.ar\/es\/wp-content\/uploads\/2021\/06\/Lallemand_1700X500-002-1170x344.jpg 1170w, https:\/\/enolife.com.ar\/es\/wp-content\/uploads\/2021\/06\/Lallemand_1700X500-002-585x172.jpg 585w\" sizes=\"auto, (max-width: 1700px) 100vw, 1700px\" width=\"1700\" height=\"500\"   \/><\/a>\n\n\n<div style=\"height:68px\" aria-hidden=\"true\" class=\"wp-block-spacer\"><\/div>\n\n\n\n<p>La <strong>Fundaci\u00f3n ProMendoza<\/strong> es un organismo mixto conformado por el Gobierno de la provincia, la Uni\u00f3n Comercial e Industrial de Mendoza (UCIM), la Federaci\u00f3n Econ\u00f3mica de Mendoza (FEM) y la Bolsa de Comercio de Mendoza. Prev\u00e9 en su estatuto el cambio anual de autoridades, con rotaci\u00f3n del ministro de Econom\u00eda y Energ\u00eda y de los presidentes de cada una de las instituciones privadas.<\/p>\n\n\n\n<p>En esta ocasi\u00f3n, ante la presencia de los miembros del Consejo de Administraci\u00f3n de la Fundaci\u00f3n y del gerente de ProMendoza, Mario L\u00e1zzaro, asumieron:<\/p>\n\n\n\n<ul class=\"wp-block-list\"><li>Presidente: Luis Abrego \u2013 Bolsa de Comercio de Mendoza SA.&nbsp;&nbsp;&nbsp;&nbsp;&nbsp;<\/li><li>Vicepresidente 1\u00ba: Enrique Vaqui\u00e9&nbsp; \u2013 Gobierno de Mendoza.<\/li><li>Vicepresidente 2\u00ba: &nbsp;Alfredo Cecchi \u2013 FEM.<\/li><li>Vicepresidente 3\u00ba: &nbsp;Daniel Ariosto \u2013 UCIM.<\/li><li>Secretario General: David Crocco \u2013 Bolsa de Comercio de Mendoza SA.<\/li><li>Tesorero: Juan Enrique Jos\u00e9 Viciana \u2013 UCIM.<\/li><li>Pro-Tesorero: Marcelo Japaz \u2013 Gobierno de Mendoza<\/li><li>Vocal: Sebasti\u00e1n Lafalla \u2013 FEM.<\/li><li>Suplente: Facundo Leandro Biffi \u2013 Gobierno de Mendoza<\/li><\/ul>\n\n\n\n<p>Luego de su asunci\u00f3n, el flamante presidente destac\u00f3: \u00abUna vez m\u00e1s le toca a la Bolsa de Comercio asumir la presidencia de ProMendoza, instituci\u00f3n que, junto a otros actores econ\u00f3micos y al Gobierno de la provincia, ayudamos a fundar y gestionar para, despu\u00e9s de 25 a\u00f1os, encontrarnos frente a un organismo consolidado, en funcionamiento y con un claro prestigio nacional e internacional\u00bb.<\/p>\n\n\n\n<p>\u00abSon innumerables los aportes, ideas y proyectos que han surgido desde esta entidad para el desarrollo de la provincia, siempre basados en el trabajo, la informaci\u00f3n y un conocimiento acabado de los distintos escenarios que marcan la realidad del mundo, del pa\u00eds y la regi\u00f3n\u00bb, asegur\u00f3 Abrego.<\/p>\n\n\n\n<div style=\"height:20px\" aria-hidden=\"true\" class=\"wp-block-spacer\"><\/div>\n\n\n\n<blockquote class=\"wp-block-quote is-layout-flow wp-block-quote-is-layout-flow\"><p>Debemos corregir aquellos aspectos que obstaculizan el proceso estrat\u00e9gico de colocar nuestros productos en el mundo\u00bb.<\/p><cite>Luis Abrego, presidente de ProMendoza<\/cite><\/blockquote>\n\n\n\n<div style=\"height:20px\" aria-hidden=\"true\" class=\"wp-block-spacer\"><\/div>\n\n\n\n<p>\u00abDesde el lugar que nos toque, pero con esfuerzo, gesti\u00f3n y constancia, debemos insistir en corregir aquellos aspectos econ\u00f3micos y financieros del pa\u00eds que de alguna manera obstaculizan el proceso normal, virtuoso y estrat\u00e9gico de colocar nuestros productos en los diferentes mercados del mundo\u00bb, culmin\u00f3 el nuevo presidente.<\/p>\n\n\n\n<div style=\"height:33px\" aria-hidden=\"true\" class=\"wp-block-spacer\"><\/div>\n","protected":false},"excerpt":{"rendered":"<p>Tras su asamblea anual, la Fundaci\u00f3n que promueve los productos mendocinos en el exterior renov\u00f3&hellip;<\/p>\n","protected":false},"author":3,"featured_media":36835,"comment_status":"open","ping_status":"open","sticky":false,"template":"","format":"standard","meta":{"footnotes":""},"categories":[14],"tags":[],"class_list":["post-36738","post","type-post","status-publish","format-standard","has-post-thumbnail","hentry","category-news"],"_links":{"self":[{"href":"https:\/\/enolife.com.ar\/es\/wp-json\/wp\/v2\/posts\/36738","targetHints":{"allow":["GET"]}}],"collection":[{"href":"https:\/\/enolife.com.ar\/es\/wp-json\/wp\/v2\/posts"}],"about":[{"href":"https:\/\/enolife.com.ar\/es\/wp-json\/wp\/v2\/types\/post"}],"author":[{"embeddable":true,"href":"https:\/\/enolife.com.ar\/es\/wp-json\/wp\/v2\/users\/3"}],"replies":[{"embeddable":true,"href":"https:\/\/enolife.com.ar\/es\/wp-json\/wp\/v2\/comments?post=36738"}],"version-history":[{"count":0,"href":"https:\/\/enolife.com.ar\/es\/wp-json\/wp\/v2\/posts\/36738\/revisions"}],"wp:featuredmedia":[{"embeddable":true,"href":"https:\/\/enolife.com.ar\/es\/wp-json\/wp\/v2\/media\/36835"}],"wp:attachment":[{"href":"https:\/\/enolife.com.ar\/es\/wp-json\/wp\/v2\/media?parent=36738"}],"wp:term":[{"taxonomy":"category","embeddable":true,"href":"https:\/\/enolife.com.ar\/es\/wp-json\/wp\/v2\/categories?post=36738"},{"taxonomy":"post_tag","embeddable":true,"href":"https:\/\/enolife.com.ar\/es\/wp-json\/wp\/v2\/tags?post=36738"}],"curies":[{"name":"wp","href":"https:\/\/api.w.org\/{rel}","templated":true}]}}