{"id":36715,"date":"2021-06-03T02:14:57","date_gmt":"2021-06-03T02:14:57","guid":{"rendered":"http:\/\/enolife.com.ar\/es\/?p=36715"},"modified":"2021-06-05T15:01:51","modified_gmt":"2021-06-05T15:01:51","slug":"el-polinizador-mendocino-pablo-lacoste-aporta-ideas-para-desarrollar-identidad-y-turismo","status":"publish","type":"post","link":"https:\/\/enolife.com.ar\/es\/el-polinizador-mendocino-pablo-lacoste-aporta-ideas-para-desarrollar-identidad-y-turismo\/","title":{"rendered":"El \u00abpolinizador\u00bb mendocino Pablo Lacoste aporta ideas para desarrollar identidad y turismo"},"content":{"rendered":"\n<h4 class=\"wp-block-heading\"><em><strong>El historiador especialista en temas vitivin\u00edcolas, docente y escritor mendocino residente en Chile ser\u00e1 el protagonista de una nueva charla online de la Red de Polinizadores Mendocinos (mendocinos que viven en el exterior y colaboran con la proyecci\u00f3n internacional de la provincia). El mi\u00e9rcoles 9 de junio, a las 19 hs, con participaci\u00f3n gratuita previa inscripci\u00f3n, el tema ser\u00e1 \u00abTurismo, desarrollo territorial e identidad\u00bb. En el panel de debate actuar\u00e1n como moderadores Mariana Juri, ministra de Turismo y Cultura de Mendoza y el periodista cient\u00edfico y escritor Esteban Tabl\u00f3n. Organizan el Foro Diplom\u00e1tico en Mendoza y el Polo TIC Mendoza.<\/strong><\/em><\/h4>\n\n\n\n<div style=\"height:31px\" aria-hidden=\"true\" class=\"wp-block-spacer\"><\/div>\n\n\n\n\n\n<div style=\"height:62px\" aria-hidden=\"true\" class=\"wp-block-spacer\"><\/div>\n\n\n\n<p>La <strong>Red de Polinizadores Mendocinos<\/strong> es una iniciativa impulsada por el <strong>Foro Diplom\u00e1tico en Mendoza<\/strong> y por el <strong>Polo TIC Mendoza<\/strong>, destinada a convocar a mendocinos, de nacimiento o por adopci\u00f3n, que est\u00e9n viviendo en el exterior y que manifiesten su inter\u00e9s integrarse a esta red global. Su objetivo es facilitar y colaborar con la proyecci\u00f3n internacional de Mendoza, basados en los valores del esfuerzo, la \u00e9tica y la transparencia. <\/p>\n\n\n\n<div style=\"height:20px\" aria-hidden=\"true\" class=\"wp-block-spacer\"><\/div>\n\n\n\n<div class=\"wp-block-image\"><figure class=\"aligncenter size-large is-resized\"><img loading=\"lazy\" decoding=\"async\" src=\"https:\/\/enolife.com.ar\/es\/wp-content\/uploads\/2021\/06\/3d55fd78-e616-4fc1-8ab7-df374e66277e.jpg\" alt=\"\" class=\"wp-image-36727\" width=\"547\" height=\"547\" srcset=\"https:\/\/enolife.com.ar\/es\/wp-content\/uploads\/2021\/06\/3d55fd78-e616-4fc1-8ab7-df374e66277e.jpg 1000w, https:\/\/enolife.com.ar\/es\/wp-content\/uploads\/2021\/06\/3d55fd78-e616-4fc1-8ab7-df374e66277e-300x300.jpg 300w, https:\/\/enolife.com.ar\/es\/wp-content\/uploads\/2021\/06\/3d55fd78-e616-4fc1-8ab7-df374e66277e-150x150.jpg 150w, https:\/\/enolife.com.ar\/es\/wp-content\/uploads\/2021\/06\/3d55fd78-e616-4fc1-8ab7-df374e66277e-768x768.jpg 768w, https:\/\/enolife.com.ar\/es\/wp-content\/uploads\/2021\/06\/3d55fd78-e616-4fc1-8ab7-df374e66277e-585x585.jpg 585w\" sizes=\"auto, (max-width: 547px) 100vw, 547px\" \/><\/figure><\/div>\n\n\n\n<div style=\"height:20px\" aria-hidden=\"true\" class=\"wp-block-spacer\"><\/div>\n\n\n\n<p>Los Polinizadores est\u00e1n en actividad desde comienzos de 2020 y ya han ofrecido varias charlas de inter\u00e9s para aportar ideas sobre el desarrollo econ\u00f3mico, cultural y tecnol\u00f3gico de Mendoza. En esta ocasi\u00f3n, la Red invita a participar, el pr\u00f3ximo mi\u00e9rcoles 9 de junio a las 19hs, en un conversatorio del historiador, docente, ajedrecista y escritor <strong>Pablo Lacoste<\/strong>, actualmente residente en <strong>Santiago de Chile<\/strong>, donde se desempe\u00f1a como investigador de la <strong>Universidad de Santiago de Chile (Usach)<\/strong>. En esta charla online ser\u00e1 acompa\u00f1ado por la ministra de Turismo y Cultura de Mendoza, <strong>Mariana Juri<\/strong>, y por el divulgador cient\u00edfico y escritor <strong>Esteban Tabl\u00f3n<\/strong>.<\/p>\n\n\n\n<div style=\"height:20px\" aria-hidden=\"true\" class=\"wp-block-spacer\"><\/div>\n\n\n\n<figure class=\"wp-block-gallery aligncenter columns-2 is-cropped wp-block-gallery-1 is-layout-flex wp-block-gallery-is-layout-flex\"><ul class=\"blocks-gallery-grid\"><li class=\"blocks-gallery-item\"><figure><img loading=\"lazy\" decoding=\"async\" width=\"510\" height=\"489\" src=\"https:\/\/enolife.com.ar\/es\/wp-content\/uploads\/2021\/06\/mariana-juri.jpg\" alt=\"\" data-id=\"36728\" class=\"wp-image-36728\" srcset=\"https:\/\/enolife.com.ar\/es\/wp-content\/uploads\/2021\/06\/mariana-juri.jpg 510w, https:\/\/enolife.com.ar\/es\/wp-content\/uploads\/2021\/06\/mariana-juri-300x288.jpg 300w\" sizes=\"auto, (max-width: 510px) 100vw, 510px\" \/><figcaption class=\"blocks-gallery-item__caption\"><strong>Mariana Juri<\/strong><\/figcaption><\/figure><\/li><li class=\"blocks-gallery-item\"><figure><img loading=\"lazy\" decoding=\"async\" width=\"521\" height=\"448\" src=\"https:\/\/enolife.com.ar\/es\/wp-content\/uploads\/2021\/06\/esteban-tablon-58-mariana-villa___OI1u-Hnf_720x0__1.jpg\" alt=\"\" data-id=\"36729\" class=\"wp-image-36729\" srcset=\"https:\/\/enolife.com.ar\/es\/wp-content\/uploads\/2021\/06\/esteban-tablon-58-mariana-villa___OI1u-Hnf_720x0__1.jpg 521w, https:\/\/enolife.com.ar\/es\/wp-content\/uploads\/2021\/06\/esteban-tablon-58-mariana-villa___OI1u-Hnf_720x0__1-300x258.jpg 300w\" sizes=\"auto, (max-width: 521px) 100vw, 521px\" \/><figcaption class=\"blocks-gallery-item__caption\"><strong>Esteban Tabl\u00f3n<\/strong><\/figcaption><\/figure><\/li><\/ul><\/figure>\n\n\n\n<div style=\"height:20px\" aria-hidden=\"true\" class=\"wp-block-spacer\"><\/div>\n\n\n\n<p>El tema de la conferencia ser\u00e1 \u00abTurismo, desarrollo territorial e identidad\u00bb, para analizar las posibilidades de Mendoza y de la regi\u00f3n de Cuyo de desarrollar productos de valor simb\u00f3lico que permitan un avance socioecon\u00f3mico inclusivo.<\/p>\n\n\n\n<p class=\"has-background has-very-light-gray-background-color\"><strong>Inscripciones <a href=\"https:\/\/bit.ly\/RedPolinizadores-CL\">AQU\u00cd<\/a><\/strong><\/p>\n\n\n\n<div style=\"height:20px\" aria-hidden=\"true\" class=\"wp-block-spacer\"><\/div>\n\n\n\n<p class=\"has-medium-font-size\"><strong>Una red de cerebros y voluntades para integrar a Mendoza en el mundo<\/strong><\/p>\n\n\n\n<div class=\"wp-block-image\"><figure class=\"aligncenter\"><a href=\"https:\/\/ecocuyo.com\/wp-content\/uploads\/2021\/05\/TAIPEI-132.jpg\" data-rel=\"penci-gallery-image-content\" ><img decoding=\"async\" src=\"https:\/\/ecocuyo.com\/wp-content\/uploads\/2021\/05\/TAIPEI-132-696x416.jpg\" alt=\"\" title=\"TAIPEI\"\/><\/a><\/figure><\/div>\n\n\n\n<p>En su declaraci\u00f3n de objetivos y misi\u00f3n, la Red de Polinizadores se presenta as\u00ed: \u00abSo\u00f1amos con una Mendoza integrada con cada lugar del mundo, compartiendo nuestros valores e identidad y aprendiendo de otras culturas. Queremos ser puentes de los flujos de inspiraci\u00f3n universales para la construcci\u00f3n de bienestar social, ambiental, econ\u00f3mico y espiritual por medio de los sectores productivos, trabajadores, de la ciencia y t\u00e9cnica y de la cultura\u00bb<\/p>\n\n\n\n<p class=\"has-background has-very-light-gray-background-color\"><strong>Objetivos<\/strong><\/p>\n\n\n\n<ul class=\"wp-block-list\"><li>Vincular con empresas con el fin de generar posibles rondas de negocios con actores pertenecientes al ecosistema de Mendoza.<\/li><li>Vincular con inversores con el fin de fortalecer el ecosistema emprendedor de Mendoza.<\/li><li>Vincular con Universidades y Centros de Formaci\u00f3n e investigaci\u00f3n con el fin de fortalecer los v\u00ednculos acad\u00e9micos entre instituciones y fortalecer las universidades en base a modelos de \u00e9xito.<\/li><li>Vincular con distintas personas de alto perfil y trayectoria, con el fin de organizar conferencias virtuales que est\u00e9n alineadas con el objetivo general de la Red.<\/li><li>Vincular con organismos de financiamiento internacional que permitan fortalecer proyectos de desarrollo del ecosistema local.<\/li><li>Vincular con personalidades del deporte y de la cultura que posibiliten el desarrollo de las actividades f\u00edsicas, el intercambio y el fortalecimiento de la actividades culturales y creativas.<\/li><li>Vincular con medios de comunicaci\u00f3n y redes informativas de forma tal que faciliten la proyecci\u00f3n de Mendoza.<\/li><li>Vincular con agrupaciones profesionales y sindicales que faciliten la capacitaci\u00f3n, el desarrollo de buenas pr\u00e1cticas y el dialogo social.<\/li><\/ul>\n\n\n\n<div style=\"height:44px\" aria-hidden=\"true\" class=\"wp-block-spacer\"><\/div>\n","protected":false},"excerpt":{"rendered":"<p>El historiador especialista en temas vitivin\u00edcolas, docente y escritor mendocino residente en Chile ser\u00e1 el&hellip;<\/p>\n","protected":false},"author":3,"featured_media":36731,"comment_status":"open","ping_status":"open","sticky":false,"template":"","format":"standard","meta":{"footnotes":""},"categories":[47],"tags":[],"class_list":["post-36715","post","type-post","status-publish","format-standard","has-post-thumbnail","hentry","category-agenda"],"_links":{"self":[{"href":"https:\/\/enolife.com.ar\/es\/wp-json\/wp\/v2\/posts\/36715","targetHints":{"allow":["GET"]}}],"collection":[{"href":"https:\/\/enolife.com.ar\/es\/wp-json\/wp\/v2\/posts"}],"about":[{"href":"https:\/\/enolife.com.ar\/es\/wp-json\/wp\/v2\/types\/post"}],"author":[{"embeddable":true,"href":"https:\/\/enolife.com.ar\/es\/wp-json\/wp\/v2\/users\/3"}],"replies":[{"embeddable":true,"href":"https:\/\/enolife.com.ar\/es\/wp-json\/wp\/v2\/comments?post=36715"}],"version-history":[{"count":0,"href":"https:\/\/enolife.com.ar\/es\/wp-json\/wp\/v2\/posts\/36715\/revisions"}],"wp:featuredmedia":[{"embeddable":true,"href":"https:\/\/enolife.com.ar\/es\/wp-json\/wp\/v2\/media\/36731"}],"wp:attachment":[{"href":"https:\/\/enolife.com.ar\/es\/wp-json\/wp\/v2\/media?parent=36715"}],"wp:term":[{"taxonomy":"category","embeddable":true,"href":"https:\/\/enolife.com.ar\/es\/wp-json\/wp\/v2\/categories?post=36715"},{"taxonomy":"post_tag","embeddable":true,"href":"https:\/\/enolife.com.ar\/es\/wp-json\/wp\/v2\/tags?post=36715"}],"curies":[{"name":"wp","href":"https:\/\/api.w.org\/{rel}","templated":true}]}}