{"id":3633,"date":"2019-10-01T03:54:03","date_gmt":"2019-10-01T03:54:03","guid":{"rendered":"http:\/\/enolife.com.ar\/es\/?p=3633"},"modified":"2019-10-09T04:14:17","modified_gmt":"2019-10-09T04:14:17","slug":"prestan-hasta-100-000-a-tasa-cero-para-combustible-destinado-a-combatir-heladas-tardias","status":"publish","type":"post","link":"https:\/\/enolife.com.ar\/es\/prestan-hasta-100-000-a-tasa-cero-para-combustible-destinado-a-combatir-heladas-tardias\/","title":{"rendered":"Prestan hasta $100.000 a tasa cero para combustible destinado a combatir heladas tard\u00edas"},"content":{"rendered":"\n<h4 class=\"wp-block-heading\"><em><strong>Para amortiguar el impacto generado con los aumentos del carburante y el escenario clim\u00e1tico impredecible de estos tiempos, el Ministerio de Econom\u00eda, Infraestructura y Energ\u00eda de Mendoza puso en marcha una nueva l\u00ednea de financiamiento d<\/strong><\/em><i><em><strong>estinada a productores vit\u00edcolas y frut\u00edcolas, por la que podr\u00e1 solicitarse hasta $100.000 a tasa cero.<\/strong><\/em><\/i><\/h4>\n\n\n\n<div style=\"height:20px\" aria-hidden=\"true\" class=\"wp-block-spacer\"><\/div>\n\n\n\n<p>A trav\u00e9s de Mendoza Fiduciaria, los postulantes pueden acceder a sola firma a un cr\u00e9dito de hasta $100.000 a tasa cero con un plazo de devoluci\u00f3n de hasta 10 meses. El financiamiento se producir\u00e1 en un solo desembolso. Con ello, la idea es que los productores vit\u00edcolas y frut\u00edcolas puedan solventar los gastos de combustible, con el fin de mitigar los efectos de las temperaturas bajo cero. <\/p>\n\n\n\n<div style=\"height:20px\" aria-hidden=\"true\" class=\"wp-block-spacer\"><\/div>\n\n\n\n<div class=\"wp-block-image\"><figure class=\"alignleft is-resized\"><img loading=\"lazy\" decoding=\"async\" src=\"http:\/\/prensa.wp1.mendoza.gov.ar\/wp-content\/uploads\/sites\/5\/2019\/09\/linea-de-financiamiento-1-700x734.jpg\" alt=\"\" width=\"500\" height=\"525\"\/><\/figure><\/div>\n\n\n\n<div style=\"height:20px\" aria-hidden=\"true\" class=\"wp-block-spacer\"><\/div>\n\n\n\n<div style=\"height:20px\" aria-hidden=\"true\" class=\"wp-block-spacer\"><\/div>\n\n\n\n<p>Es requisito indispensable presentar constancia de inscripci\u00f3n en el RUT o en el INV, seg\u00fan corresponda, estar adheridos al Fideicomiso de Administraci\u00f3n del Fondo Compensador Agr\u00edcola o cualquier sistema de seguro agr\u00edcola que lo sustituya, estando libre de deuda de los pagos correspondientes, as\u00ed como tambi\u00e9n estar al d\u00eda con la Contribuci\u00f3n Obligatoria Especial (COE), ley 9076.<\/p>\n\n\n\n<p class=\"has-medium-font-size\"><strong>Estufas en la noche<\/strong><\/p>\n\n\n\n<p>Para combatir las heladas, uno de los m\u00e9todos de protecci\u00f3n activa es el uso de estufas que se encienden durante la noche de ocurrencia del fen\u00f3meno clim\u00e1tico para mitigar los efectos de las bajas temperaturas sobre los cultivos.<\/p>\n\n\n\n<p>Seg\u00fan explica la Organizaci\u00f3n de las Naciones Unidas para la Alimentaci\u00f3n y la Agricultura (m\u00e1s conocida como FAO), \u201clos quemadores proporcionan calor suplementario para ayudar a reemplazar las p\u00e9rdidas de energ\u00eda. Generalmente, las estufas o bien aumentan la temperatura de los objetos de metal (estufas con chimenea) o bien funcionan como fuegos abiertos. Si se suministra suficiente calor al volumen de cultivo de forma que se reemplazan todas las p\u00e9rdidas de energ\u00eda, la temperatura no caer\u00e1 a los niveles que provocan da\u00f1os\u201d.<\/p>\n\n\n\n<p>Por esto, y ante un pron\u00f3stico de heladas o una sucesi\u00f3n de heladas tard\u00edas es que el financiamiento podr\u00e1 solicitarse hasta el 10 de noviembre de este a\u00f1o 2019.<\/p>\n\n\n\n<div style=\"height:20px\" aria-hidden=\"true\" class=\"wp-block-spacer\"><\/div>\n\n\n\n<p class=\"has-background has-very-light-gray-background-color\">El reglamento para gestionar el cr\u00e9dito se puede consultar en el siguiente link: <a href=\"https:\/\/mendozafiduciaria.com\/wp-content\/uploads\/2019\/09\/REGLAMENTO-PRODUCTORES-PRIMARIOS-PARA-COMPRA-DE-COMBUSTIBLE.pdf\">https:\/\/mendozafiduciaria.com\/wp-content\/uploads\/2019\/09\/REGLAMENTO-PRODUCTORES-PRIMARIOS-PARA-COMPRA-DE-COMBUSTIBLE.pdf<\/a> <\/p>\n\n\n\n<p>Los interesados tambi\u00e9n pueden buscar informaci\u00f3n en la p\u00e1gina web&nbsp;<a rel=\"noreferrer noopener\" href=\"http:\/\/www.mendozafiduciaria.com\/\" target=\"_blank\">www.mendozafiduciaria.com<\/a>&nbsp;o personalmente en Mendoza Fiduciaria S.A., 25 de mayo 1078 de la Ciudad de Mendoza, o en delegaciones departamentales.<\/p>\n\n\n\n<div style=\"height:47px\" aria-hidden=\"true\" class=\"wp-block-spacer\"><\/div>\n\n\n\n<p class=\"has-background has-medium-font-size has-pale-cyan-blue-background-color\"><strong>Mendoza declarada en estado de emergencia y desastre agropecuario <\/strong><\/p>\n\n\n\n<p class=\"has-background has-pale-cyan-blue-background-color\">El pasado martes 3 de setiembre, el Gobierno de Mendoza orden\u00f3 la declaraci\u00f3n de emergencia agropecuaria para los productores de los cuatro oasis agr\u00edcolas afectados por heladas que sufrieron da\u00f1os superiores a 50%.<br>Desde el Ministerio de Econom\u00eda provincial recordaron que la medida establece eximiciones de pagos del impuesto inmobiliario, c\u00e1nones de riegos y beneficio en el pago del servicio el\u00e9ctrico.<br><em>Datos oficiales indicaron que la \u201cnoche del lunes 2\/9 y madrugada del martes 3\/9 se registraron temperaturas en el oasis Sur se llegaron a registrar -10\u00b0C y en el Valle de Uco entre -5 y -8\u00b0C\u201d.<\/em><br>\u201cNo podemos definir el porcentaje de da\u00f1o a\u00fan, no va a ser la \u00faltima helada, coment\u00f3 en la ocasi\u00f3n el director de Agricultura de General Alvear, Horacio Galaguza.<br>El ingeniero Mart\u00edn Cavagnaro, coordinador de Investigaci\u00f3n de Contingencias Clim\u00e1ticas, describi\u00f3 que \u201clas variedades tempranas de almendros o durazneros fueron las m\u00e1s afectadas, aunque no podemos estimar el nivel de da\u00f1o hasta m\u00e1s adelante\u00bb.<br>El especialista apunt\u00f3 tambi\u00e9n que \u201cel calor estimula el crecimiento de las plantas y la llegada de frentes fr\u00edos dificulta ese crecimiento. <\/p>\n\n\n\n<p><strong>Emergencia<\/strong><\/p>\n\n\n\n<p>La normativa establece que los productores gozar\u00e1n durante el per\u00edodo que dure el estado de emergencia de los beneficios de eximicion de la obligaci\u00f3n de pagar el impuesto inmobiliario y los c\u00e1nones de riego, y pr\u00f3rroga de hasta 90 d\u00edas h\u00e1biles administrativos posteriores al vencimiento del per\u00edodo de emergencia para los vencimientos de cuotas correspondientes a cr\u00e9ditos otorgados por organismos financieros oficiales o mixtos provinciales.<\/p>\n\n\n\n<p>Asimismo, la Administraci\u00f3n Tributaria Mendoza y el Departamento General de Irrigaci\u00f3n deber\u00e1n emitir al productor afectado que cuente con certificado una factura con la eximici\u00f3n correspondiente por el per\u00edodo que dure la declaraci\u00f3n de emergencia agropecuaria, a lo que se sumar\u00e1 una bonificaci\u00f3n de 50% en las facturas correspondiente a la energ\u00eda el\u00e9ctrica.<\/p>\n\n\n\n<p>En cuanto a los productores declarados en desastre agropecuario, con da\u00f1os mayores a 80%, gozar\u00e1n de la eximici\u00f3n de la obligaci\u00f3n de pagar el impuesto inmobiliario, c\u00e1nones de riego y pr\u00f3rroga de cuotas correspondientes a cr\u00e9ditos otorgados por organismos financieros oficiales o mixtos provinciales.<\/p>\n\n\n\n<p>A partir de esta declaraci\u00f3n, la Direcci\u00f3n de Agricultura y Contingencias Clim\u00e1ticas deja abierto el registro de denuncias para que los productores puedan solicitar la tasaci\u00f3n y obtener el certificado que declare la proporci\u00f3n del da\u00f1o sufrido en cada uno de sus cultivos.<\/p>\n\n\n\n<div style=\"height:42px\" aria-hidden=\"true\" class=\"wp-block-spacer\"><\/div>\n\n\n\n<h4 class=\"wp-block-heading\">Recomendaciones de prevenci\u00f3n de heladas del INTA <\/h4>\n\n\n\n<p>A principios de setiembre pasado, Instituto Nacional de Tecnolog\u00eda Agropecuaria (INTA) emiti\u00f3 un comunicado de prensa desalentando  la quema de neum\u00e1ticos para mitigar el da\u00f1o de la masa de aire fr\u00edo sobre los frutales en floraci\u00f3n.  <\/p>\n\n\n\n<p>Desde el&nbsp;<strong>INTA <\/strong>desalentaron este m\u00e9todo y ofrecieron un listado de las herramientas m\u00e1s efectivas para proteger a las plantas en plena floraci\u00f3n de los embates de la naturaleza.<\/p>\n\n\n\n<p>En relaci\u00f3n a las t\u00e9cnicas a las que puede acceder una finca, en el r\u00e1nking de las m\u00e1s utilizadas en Mendoza est\u00e1 el riego, seguido por la quema de material de poda, y el uso de combustibles como el fuel oil, que se incinera en tachos y calentadores.<\/p>\n\n\n\n<p>No obstante, el alto precio de los derivados del petr\u00f3leo hace que s\u00f3lo sean encendidos por un corto per\u00edodo de tiempo, llegando, inclusive, a no cubrir todo el terreno. Seg\u00fan estiman algunos productores, por noche llegan a invertir entre $30.000 y $60.000.<\/p>\n\n\n\n<p>Para el&nbsp;<strong>ingeniero agr\u00f3nomo Javier Chaar<\/strong>, de la&nbsp;<strong>Agencia de Extensi\u00f3n Rural Guaymall\u00e9n del INTA<\/strong>,  adem\u00e1s de los m\u00e9todos pasivos y activos, la previsibilidad a la hora de elegir los cultivos a plantar, es clave. Consiste en seleccionar aquellas variedades que ofrezcan mayor \u00abresistencia\u00bb y entre ellos, los que tengan una floraci\u00f3n que se produzca despu\u00e9s de que ocurran las heladas tard\u00edas.<\/p>\n\n\n\n<p class=\"has-background has-very-light-gray-background-color\"><strong>La defensa pasiva<\/strong><br><br>Se basa en modificaciones introducidas en el microclima del monte frutal o las plantas durante la primavera, con el objetivo de evitar o reducir el riesgo de da\u00f1o por fr\u00edo.<br><br>El control pasivo consiste en regar el suelo los d\u00edas previos a un pron\u00f3stico de helada. Esto posibilita que la tierra retenga la energ\u00eda cal\u00f3rica y que se libere durante la noche haciendo que no baje tanto la temperatura como si fuera una situaci\u00f3n de suelo seco. <br><br>En tanto, afirm\u00f3 que el riesgo se incrementa en suelos labrados, secos y\/o con cubierta vegetal densa.<\/p>\n\n\n\n<div style=\"height:20px\" aria-hidden=\"true\" class=\"wp-block-spacer\"><\/div>\n\n\n\n<p class=\"has-background has-very-light-gray-background-color\"><strong>La defensa activa<\/strong><br><br>Son pr\u00e1cticas que se aplican durante las horas nocturnas de heladas, para elevar las temperaturas de las plantas e impedir que se alcance el umbral de resistencia al fr\u00edo del vegetal.<br><br>En este sentido, el t\u00e9cnico del INTA consider\u00f3 que la quema de neum\u00e1ticos no s\u00f3lo es contaminante para el ambiente, si no que prolonga el efecto invernadero al no dejar pasar los rayos del sol, una vez que culmina el fen\u00f3meno. Asimismo, esta pr\u00e1ctica est\u00e1 penada por la ley.<br><br>El uso<strong> <\/strong>de aspersores es seg\u00fan Chaar  una de las herramientas m\u00e1s efectivas, sin embargo es de alto costo, requiere un reservorio de agua e infraestructura.<br><br>Se trata de la aportaci\u00f3n de grandes cantidades de agua que recubren la planta. <\/p>\n\n\n\n<p><br>El agua  tiene una gran capacidad para entregar energ\u00eda cal\u00f3rica una vez aplicada sobre las plantas se enfr\u00eda r\u00e1pidamente entregando su calor directamente a los tejidos o al ambiente circundante, atenuando el enfriamiento. Asimismo, el agua tambi\u00e9n libera una cantidad adicional de calor cuando se congela (80cal\/gr) previniendo el enfriamiento de los tejidos. Adem\u00e1s al enfriarse, el agua desprende calor que calienta el ambiente y adem\u00e1s se mantiene a 0\u00baC. De esa forma se mantiene el cultivo a baja temperatura pero sin llegar a la congelaci\u00f3n.<\/p>\n\n\n\n<div style=\"height:20px\" aria-hidden=\"true\" class=\"wp-block-spacer\"><\/div>\n\n\n\n<div class=\"wp-block-image\"><figure class=\"aligncenter is-resized\"><img loading=\"lazy\" decoding=\"async\" src=\"https:\/\/vitalservicios.com.ar\/wp-content\/uploads\/2019\/05\/heladas_b.jpg\" alt=\"Imagen relacionada\" width=\"475\" height=\"356\"\/><\/figure><\/div>\n\n\n\n<div style=\"height:20px\" aria-hidden=\"true\" class=\"wp-block-spacer\"><\/div>\n\n\n\n<p>Uno de los m\u00e1s difundidos es el flipper, un regador que funciona en una sola direcci\u00f3n y alternadamente en los dos sentidos, mojando una banda de un ancho aproxima- do a 0.80 m. Los regadores est\u00e1n ubicados sobre la fila de plantas de una espaldera, y el interfilar permanece sin recibir agua.<\/p>\n\n\n\n<div style=\"height:20px\" aria-hidden=\"true\" class=\"wp-block-spacer\"><\/div>\n\n\n\n<p class=\"has-medium-font-size\"><strong>Combusti\u00f3n<\/strong><\/p>\n\n\n\n<p>El aire fr\u00edo se coloca en las capas m\u00e1s bajas, cerca del suelo. En cambio, el aire caliente se coloca encima de este haciendo una barrera que impide la mezcla de aire a distinta temperatura. El objetivo de este m\u00e9todo de control de heladas es calentar el aire fr\u00edo pr\u00f3ximo al suelo quemando diferentes combustibles.<\/p>\n\n\n\n<div style=\"height:20px\" aria-hidden=\"true\" class=\"wp-block-spacer\"><\/div>\n\n\n\n<div class=\"wp-block-image\"><figure class=\"aligncenter is-resized\"><img loading=\"lazy\" decoding=\"async\" src=\"https:\/\/static.elnortedecastilla.es\/www\/multimedia\/201905\/06\/media\/cortadas\/velaspagoCarraovejas19-kohB-U80130132436P9E-624x385@El%20Norte.jpg\" alt=\"Resultado de imagen para control de heladas por combustion en vi\u00f1edos\" width=\"533\" height=\"328\"\/><\/figure><\/div>\n\n\n\n<div style=\"height:20px\" aria-hidden=\"true\" class=\"wp-block-spacer\"><\/div>\n\n\n\n<p>Hay distintos quemadores tanto de gasoil como de gas propano u otros combustibles. Para conseguir un buen resultado es importante distribuirlos homog\u00e9neamente en la parcela teniendo en cuenta el alcance de cada uno de ellos.<\/p>\n\n\n\n<div style=\"height:20px\" aria-hidden=\"true\" class=\"wp-block-spacer\"><\/div>\n\n\n\n<p class=\"has-medium-font-size\"><strong>Humo y niebla<\/strong><\/p>\n\n\n\n<div style=\"height:20px\" aria-hidden=\"true\" class=\"wp-block-spacer\"><\/div>\n\n\n\n<p>Hay m\u00e1quinas expresas que permiten crear niebla artificial. Con ella se consigue un ligero aumento de la temperatura de la zona (1-2\u00baC) reduciendo el riesgo de heladas. Este m\u00e9todo s\u00f3lo es eficaz en caso de heladas poco importantes. En grandes heladas el aumento de temperatura que provoca no es suficiente.<\/p>\n\n\n\n<div style=\"height:20px\" aria-hidden=\"true\" class=\"wp-block-spacer\"><\/div>\n\n\n\n<p class=\"has-medium-font-size\"><strong>Ventiladores<\/strong><\/p>\n\n\n\n<div style=\"height:20px\" aria-hidden=\"true\" class=\"wp-block-spacer\"><\/div>\n\n\n\n<p>Este m\u00e9todo se basa en la estratificaci\u00f3n del aire seg\u00fan la temperatura. El objetivo es mezclar el aire caliente de las capas superiores con el aire fr\u00edo de las inferiores. En general se usan ventiladores para conseguir este movimiento de aire. <\/p>\n\n\n\n<div style=\"height:20px\" aria-hidden=\"true\" class=\"wp-block-spacer\"><\/div>\n\n\n\n<div class=\"wp-block-image\"><figure class=\"aligncenter is-resized\"><img loading=\"lazy\" decoding=\"async\" src=\"https:\/\/portalinnova.cl\/wp-content\/uploads\/2017\/05\/helices-portatiles-zimex-5.jpg\" alt=\"Resultado de imagen para control de heladas por ventiladores\" width=\"555\" height=\"357\"\/><\/figure><\/div>\n\n\n\n<div style=\"height:20px\" aria-hidden=\"true\" class=\"wp-block-spacer\"><\/div>\n\n\n\n<p>Este m\u00e9todo es eficaz sobre todo en zonas llanas. Es importante calcular bien la potencia de los ventiladores, la cantidad necesaria y la distribuci\u00f3n de estos para conseguir un buen resultado.<\/p>\n\n\n\n<div style=\"height:20px\" aria-hidden=\"true\" class=\"wp-block-spacer\"><\/div>\n\n\n\n<p class=\"has-medium-font-size\"><strong>Succi\u00f3n de aire<\/strong><\/p>\n\n\n\n<div style=\"height:20px\" aria-hidden=\"true\" class=\"wp-block-spacer\"><\/div>\n\n\n\n<p>Se basa en lo mismo que el m\u00e9todo de control con ventiladores. En este caso se succiona el aire de las capas m\u00e1s fr\u00edas y se impulsa hacia capas superiores.<\/p>\n\n\n\n<div style=\"height:20px\" aria-hidden=\"true\" class=\"wp-block-spacer\"><\/div>\n\n\n\n<p class=\"has-small-font-size\"><em><strong>Fuentes: Gobierno de la Provincia de Mendoza, Infocampo<\/strong><\/em><strong>, <\/strong><em><strong>FM Vi\u00f1a y Noticias Agropecuarias.com<\/strong><\/em><\/p>\n\n\n\n<div style=\"height:20px\" aria-hidden=\"true\" class=\"wp-block-spacer\"><\/div>\n","protected":false},"excerpt":{"rendered":"<p>Para amortiguar el impacto generado con los aumentos del carburante y el escenario clim\u00e1tico impredecible&hellip;<\/p>\n","protected":false},"author":2,"featured_media":3656,"comment_status":"open","ping_status":"open","sticky":false,"template":"","format":"standard","meta":{"footnotes":""},"categories":[5],"tags":[],"class_list":["post-3633","post","type-post","status-publish","format-standard","has-post-thumbnail","hentry","category-fincas"],"_links":{"self":[{"href":"https:\/\/enolife.com.ar\/es\/wp-json\/wp\/v2\/posts\/3633","targetHints":{"allow":["GET"]}}],"collection":[{"href":"https:\/\/enolife.com.ar\/es\/wp-json\/wp\/v2\/posts"}],"about":[{"href":"https:\/\/enolife.com.ar\/es\/wp-json\/wp\/v2\/types\/post"}],"author":[{"embeddable":true,"href":"https:\/\/enolife.com.ar\/es\/wp-json\/wp\/v2\/users\/2"}],"replies":[{"embeddable":true,"href":"https:\/\/enolife.com.ar\/es\/wp-json\/wp\/v2\/comments?post=3633"}],"version-history":[{"count":0,"href":"https:\/\/enolife.com.ar\/es\/wp-json\/wp\/v2\/posts\/3633\/revisions"}],"wp:featuredmedia":[{"embeddable":true,"href":"https:\/\/enolife.com.ar\/es\/wp-json\/wp\/v2\/media\/3656"}],"wp:attachment":[{"href":"https:\/\/enolife.com.ar\/es\/wp-json\/wp\/v2\/media?parent=3633"}],"wp:term":[{"taxonomy":"category","embeddable":true,"href":"https:\/\/enolife.com.ar\/es\/wp-json\/wp\/v2\/categories?post=3633"},{"taxonomy":"post_tag","embeddable":true,"href":"https:\/\/enolife.com.ar\/es\/wp-json\/wp\/v2\/tags?post=3633"}],"curies":[{"name":"wp","href":"https:\/\/api.w.org\/{rel}","templated":true}]}}