{"id":36315,"date":"2021-05-29T03:08:43","date_gmt":"2021-05-29T03:08:43","guid":{"rendered":"http:\/\/enolife.com.ar\/es\/?p=36315"},"modified":"2021-05-31T17:28:05","modified_gmt":"2021-05-31T17:28:05","slug":"gabriel-fidel-hoy-la-innovacion-debe-transformarse-en-uno-de-nuestros-recursos-mas-valiosos","status":"publish","type":"post","link":"https:\/\/enolife.com.ar\/es\/gabriel-fidel-hoy-la-innovacion-debe-transformarse-en-uno-de-nuestros-recursos-mas-valiosos\/","title":{"rendered":"Gabriel Fidel: \u00abHoy la innovaci\u00f3n debe transformarse en uno de nuestros recursos m\u00e1s valiosos\u00bb"},"content":{"rendered":"\n<h4 class=\"wp-block-heading\"><em><strong>En febrero de este a\u00f1o, el gobernador de Mendoza, Rodolfo Su\u00e1rez, present\u00f3 la Agencia Mendocina de Innovaci\u00f3n, Ciencia y Tecnolog\u00eda, dirigida por el economista Gabriel Fidel. El objetivo declarado de la nueva entidad es poner en marcha una pol\u00edtica de Estado consensuada y planificada que articule a los sectores cient\u00edficos, tecnol\u00f3gicos, educativos, productivos y al propio Estado, para desarrollar un ecosistema de innovaci\u00f3n que favorezca la generaci\u00f3n y transferencia de conocimientos. <\/strong><\/em><\/h4>\n\n\n\n<hr class=\"wp-block-separator\"\/>\n\n\n\n<h4 class=\"wp-block-heading\"><em><strong>En la actualidad, la Agencia se encuentra en una fase inicial de relevamiento y diagn\u00f3stico, para elaborar un plan estrat\u00e9gico a trav\u00e9s de reuniones virtuales en los que los representantes de cada sector expongan sus propuestas. Al respecto, el lunes 31\/5, de 15 a 16 hs, ser\u00e1 el turno de los actores de la cadena vitivin\u00edcola. En la siguiente entrevista, el presidente Gabriel Fidel precisa el alcance y los objetivos de la flamante entidad.<\/strong><\/em><\/h4>\n\n\n\n<div style=\"height:20px\" aria-hidden=\"true\" class=\"wp-block-spacer\"><\/div>\n\n\n<a href=\"https:\/\/www.instagram.com\/vinventions.sudamerica\/\" aria-label=\"Banner_Subr_1700x500\"><img loading=\"lazy\" decoding=\"async\" src=\"https:\/\/enolife.com.ar\/es\/wp-content\/uploads\/2019\/07\/Banner_Subr_1700x500.gif\" alt=\"\"  width=\"1700\" height=\"501\"   \/><\/a>\n\n\n<div style=\"height:68px\" aria-hidden=\"true\" class=\"wp-block-spacer\"><\/div>\n\n\n\n<p>Desde la puesta en marcha de la Agencia Mendocina de Innovaci\u00f3n, Ciencia y Tecnolog\u00eda, ya se han realizado tres reuniones con los sectores econ\u00f3micos del agro, el turismo y la industria. <\/p>\n\n\n\n<p class=\"has-background has-very-light-gray-background-color\"><strong>La pr\u00f3xima mesa sectorial ser\u00e1 el lunes 31\/5 de 15 a 16 hs y corresponde a \u00abInnovaci\u00f3n y Vitivinicultura\u00bb. Para participar, los interesados pueden inscribirse <a href=\"https:\/\/docs.google.com\/forms\/d\/e\/1FAIpQLSfwgirzyNlTNuF4JA4m98FkrU_wbwcyQafqi7OoHMGts4Fzdw\/viewform\">AQU\u00cd<\/a><\/strong><\/p>\n\n\n\n<p>En relaci\u00f3n a la metodolog\u00eda de contacto con los representantes de cada sector y sobre el relevamiento de las opiniones y posturas, Fidel coment\u00f3: \u00abTodas las reuniones que tuvimos hasta ahora con los distintos sectores econ\u00f3micos fueron muy productivas, participaron m\u00e1s de 400 personas&#8230; Lo que lamento es que no puedan ser presenciales, estamos haciendo un Plan Estrat\u00e9gico de manera 100% virtual, y yo preferir\u00eda conocer en persona a todos, estrechar sus manos y descontracturar m\u00e1s cada reuni\u00f3n\u00bb. <\/p>\n\n\n\n<div style=\"height:20px\" aria-hidden=\"true\" class=\"wp-block-spacer\"><\/div>\n\n\n\n<p class=\"has-medium-font-size\"><strong>Innovaci\u00f3n<\/strong> <strong>para mejorar los resultados<\/strong><\/p>\n\n\n\n<p class=\"has-text-color has-vivid-red-color\">&#8211;<strong>\u00bfC\u00f3mo defin\u00eds \u00abinnovaci\u00f3n\u00bb en relaci\u00f3n al proyecto de la Agencia?<\/strong><\/p>\n\n\n\n<p>-Para encontrar un marco contextual general, digamos que el Manual de Oslo (una gu\u00eda global para la realizaci\u00f3n de mediciones y estudios de actividades cient\u00edficas y teconol\u00f3gicas) define la pol\u00edtica de innovaci\u00f3n como una amalgama entre la pol\u00edtica de ciencia y tecnolog\u00eda y la pol\u00edtica industrial. Se entiende por innovaci\u00f3n la concepci\u00f3n e implantaci\u00f3n de cambios significativos en el producto, el proceso, el m\u00e1rketing o la organizaci\u00f3n con el prop\u00f3sito de mejorar los resultados. Los cambios innovadores se realizan mediante la aplicaci\u00f3n de nuevos conocimientos y tecnolog\u00eda que pueden ser desarrollados internamente, en colaboraci\u00f3n externa o adquiridos mediante servicios de asesoramiento o adquisici\u00f3n de tecnolog\u00eda.<\/p>\n\n\n\n<p class=\"has-text-color has-vivid-red-color\"><strong>\u00bfQu\u00e9 tan preparada est\u00e1 Mendoza para  desarrollar un ecosistema de innovaci\u00f3n?<\/strong><\/p>\n\n\n\n<p>-Mendoza no es ajena a la realidad que vive la econom\u00eda mundial. Son momentos de cambio vertiginoso, donde la innovaci\u00f3n, el desarrollo cient\u00edfico y tecnol\u00f3gico juegan un papel fundamental en la productividad y en la competitividad de las regiones, de los pa\u00edses y de las cadenas de valor, lo cual repercute en la calidad de vida de la gente. La econom\u00eda del conocimiento ya no s\u00f3lo tiene un papel importante por si misma, sino que es clave para el desarrollo del resto de la econom\u00eda.<\/p>\n\n\n\n<p>Nuestra provincia cuenta con elementos que le permiten emprender el camino propuesto. Posee una cultura basada en el esfuerzo, un capital humano altamente calificado y empresas e instituciones p\u00fablicas, privadas y educativas que ya han iniciado el camino del desarrollo basado en la innovaci\u00f3n. Siempre tuvo una cultura emprendedora vibrante y hoy la innovaci\u00f3n debe transformarse en uno de nuestros recursos m\u00e1s valiosos y un gran impulsor de la ampliaci\u00f3n de nuestra matriz econ\u00f3mica.<\/p>\n\n\n\n<div style=\"height:20px\" aria-hidden=\"true\" class=\"wp-block-spacer\"><\/div>\n\n\n\n<p class=\"has-medium-font-size\"><strong>Hacia una matriz econ\u00f3mica basada en el conocimiento<\/strong><\/p>\n\n\n\n<p class=\"has-text-color has-vivid-red-color\">&#8211;<strong>\u00bfCu\u00e1les son los objetivos de la Agencia?<\/strong><\/p>\n\n\n\n<p>-El objetivo es impulsar la ampliaci\u00f3n de la matriz econ\u00f3mica provincial y una estrategia de desarrollo basada en el conocimiento. La \u00abtriple h\u00e9lice\u00bb -academia, industria y gobierno- de la que hablamos muchas veces requiere un indispensable papel del Estado para que junto al sector privado y el sector acad\u00e9mico y cient\u00edfico, a\u00fanen esfuerzos en un proceso de cocreaci\u00f3n e inteligencia cooperativa. La difusi\u00f3n del conocimiento y la tecnolog\u00eda permite crear un ecosistema de innovaci\u00f3n que facilite que el conocimiento y la tecnolog\u00eda derramen en toda la econom\u00eda y la sociedad.<\/p>\n\n\n\n<p>Queremos que la Agencia sea una gran facilitadora y articuladora, impulsando redes de innovaci\u00f3n y puesta en marcha del ecosistema, la integraci\u00f3n e implementaci\u00f3n de nuevas tecnolog\u00edas, la difusi\u00f3n del conocimiento cient\u00edfico, la formaci\u00f3n de recursos humanos y la vinculaci\u00f3n con el mundo. La idea, adem\u00e1s, es potenciar una cultura de la innovaci\u00f3n desde la ni\u00f1ez y desde la escuela.<\/p>\n\n\n\n<p class=\"has-text-color has-vivid-red-color\">&#8211;<strong>\u00bfC\u00f3mo ser\u00e1 la estructura y organizaci\u00f3n de la Agencia?<\/strong><\/p>\n\n\n\n<p>-La agencia tiene una gobernanza mixta y esquemas operativos flexibles. Estamos llevando adelante el plan estrat\u00e9gico tal cual nos lo dice la ley, con una amplia participaci\u00f3n en todo el territorio provincial en reuniones con actores del sector p\u00fablico, privado y acad\u00e9mico\/cient\u00edfico. El plan est\u00e1 en marcha y hoy cientos de mendocinos y mendocinas hacen sus aportes para que la Agencia sea el impulsor del plan, en algunos casos como ejecutor de la pol\u00edtica p\u00fablica y en otros como articulador de una red y facilitador de todos los niveles, desde el fomento de la investigaci\u00f3n b\u00e1sica y aplicada, hasta la innovaci\u00f3n y el emprendimiento, la creaci\u00f3n de un ecosistema de innovaci\u00f3n y la formaci\u00f3n de capital humano asociado a su principal tem\u00e1tica.<\/p>\n\n\n\n<div style=\"height:20px\" aria-hidden=\"true\" class=\"wp-block-spacer\"><\/div>\n\n\n\n<div class=\"wp-block-image\"><figure class=\"aligncenter size-large is-resized\"><img loading=\"lazy\" decoding=\"async\" src=\"https:\/\/enolife.com.ar\/es\/wp-content\/uploads\/2021\/05\/Imagen1-4-1024x572.jpg\" alt=\"\" class=\"wp-image-36334\" width=\"650\" height=\"362\" srcset=\"https:\/\/enolife.com.ar\/es\/wp-content\/uploads\/2021\/05\/Imagen1-4-1024x572.jpg 1024w, https:\/\/enolife.com.ar\/es\/wp-content\/uploads\/2021\/05\/Imagen1-4-300x168.jpg 300w, https:\/\/enolife.com.ar\/es\/wp-content\/uploads\/2021\/05\/Imagen1-4-768x429.jpg 768w, https:\/\/enolife.com.ar\/es\/wp-content\/uploads\/2021\/05\/Imagen1-4-2048x1145.jpg 2048w, https:\/\/enolife.com.ar\/es\/wp-content\/uploads\/2021\/05\/Imagen1-4-1170x654.jpg 1170w, https:\/\/enolife.com.ar\/es\/wp-content\/uploads\/2021\/05\/Imagen1-4-585x327.jpg 585w\" sizes=\"auto, (max-width: 650px) 100vw, 650px\" \/><\/figure><\/div>\n\n\n\n<div style=\"height:20px\" aria-hidden=\"true\" class=\"wp-block-spacer\"><\/div>\n\n\n\n<p>Para su funcionamiento se utilizar\u00e1n recursos ya existentes, porque queremos darle celeridad y austeridad a la instituci\u00f3n. No creamos una estructura burocr\u00e1tica nueva, estamos utilizando las existentes del Estado, del Ministerio de Econom\u00eda. La base de nuestro trabajo nos las da el Instituto de Desarrollo Industrial, T\u00e9cnol\u00f3gico y de Servicios (Iditis).<\/p>\n\n\n\n<div style=\"height:20px\" aria-hidden=\"true\" class=\"wp-block-spacer\"><\/div>\n\n\n\n<p class=\"has-background has-very-light-gray-background-color\"><strong>La estructura de la Agencia<\/strong><br><br><strong>Presidente<\/strong>: Gabriel Fidel<br><strong>Vicepresidente<\/strong>: Marcelo Japaz, representando al Ministerio de Econom\u00eda y Energ\u00eda de Mendoza<br><br><strong>Comit\u00e9 asesor, conformado por representantes de: <\/strong><br><br><strong>Conicet<\/strong>: Mar\u00eda Elena Abraham<br><strong>Direcci\u00f3n General de Escuelas (DGE)<\/strong>: Jos\u00e9 Manuel Thomas<br><strong>Instituto Nacional de Tecnolog\u00eda Industrial (INTI)<\/strong>: Juan Carlos Najul<br><strong>Instituto Nacional de Tecnolog\u00eda Agropecuaria (INTA<\/strong>): Claudio Galmarini<br><strong>Universidades<\/strong>: Un representante de la UNCuyo, otro de la UTN y dos por las universidades privadas.<br><strong>Sector privado:<\/strong> 4 representantes: Valentina Terranova (Embarca), Alejandro Vigil (Casa Vigil), Carlos Tassaroli (Tassaroli S.A.) y Claudia Poblete (Polo TIC).<\/p>\n\n\n\n<div style=\"height:20px\" aria-hidden=\"true\" class=\"wp-block-spacer\"><\/div>\n\n\n\n<p class=\"has-text-color has-vivid-red-color\">&#8211;<strong>\u00bfCu\u00e1l es la columna vertebral a partir de la cual se buscar\u00e1 cumplir los objetivos?<\/strong><\/p>\n\n\n\n<p>-En cumplimiento con la Ley Provincial N\u00b0 9264 y su decreto reglamentario, la Agencia Mendocina de Innovaci\u00f3n, Ciencia y Tecnolog\u00eda debe elaborar el Plan Estrat\u00e9gico Provincial de Innovaci\u00f3n y Desarrollo Cient\u00edfico y Tecnol\u00f3gico, que ser\u00e1 quinquenal con revisi\u00f3n anual.<\/p>\n\n\n\n<p>El dise\u00f1o del plan se lleva a cabo a trav\u00e9s de 4 fases: 1) Relevamiento y diagn\u00f3stico; 2) An\u00e1lisis estrat\u00e9gico y objetivos estrat\u00e9gicos priorizados; 3) Planificaci\u00f3n: programas, proyectos y acciones; 4) Documento Final y Plan Operativo.<\/p>\n\n\n\n<p class=\"has-text-color has-vivid-red-color\"><strong>\u00bfEn cu\u00e1l de las fases se encuentran hoy?<\/strong><\/p>\n\n\n\n<p>-En la actualidad, nos encontramos en la Fase I de relevamiento y diagn\u00f3stico, que es la mejor manera de hacer visible e incrementar la participaci\u00f3n de los actores en el sistema de innovaci\u00f3n y, desde ah\u00ed tomar acciones, ya que una vez se reconoce la problem\u00e1tica y capacidades, es posible agregar valor a las propuestas y de la misma manera, optimizar los resultados.<\/p>\n\n\n\n<p>Por eso la metodolog\u00eda de esta fase se plantea de manera participativa y abierta a la comunidad, en general, y a la cient\u00edfica, en particular. Se van realizando y que se hicieron reuniones con diversos sectores como el agro, el turismo, la industria, las industrias creativas, los servicios basados en el conocimiento, la vitivinicultura, tambi\u00e9n con los sectores educativos y cient\u00edficos. <\/p>\n\n\n\n<div style=\"height:20px\" aria-hidden=\"true\" class=\"wp-block-spacer\"><\/div>\n\n\n\n<p class=\"has-medium-font-size\"><strong>Participaci\u00f3n abierta a toda la comunidad<\/strong><\/p>\n\n\n\n<p class=\"has-text-color has-vivid-red-color\">&#8211;<strong>\u00bfC\u00f3mo  se puede participar de la construcci\u00f3n del Plan Estrat\u00e9gico?<\/strong><\/p>\n\n\n\n<p>-Adem\u00e1s de las reuniones virtuales, implementamos otra herramienta de participaci\u00f3n a trav\u00e9s de un \u00abCuestionario de Relevamiento Participativo\u00bb, que formar\u00e1 parte fundamental del diagn\u00f3stico, y nos ayudar\u00e1 a visualizar y organizar las capacidades existentes y potenciales, y a orientar los primeros pasos de esta gesti\u00f3n.<\/p>\n\n\n\n<p>Cuanto m\u00e1s participemos, mejor podremos diagnosticar d\u00f3nde estamos y mejores propuestas podremos hacer hacia el futuro que impacten positivamente en el futuro de nuestra provincia. Por eso, desde la Agencia Mendocina de Innovaci\u00f3n, Ciencia y Tecnolog\u00eda, un espacio abierto de participaci\u00f3n, aportes y vinculaci\u00f3n, invitamos a sumarse activamente al Plan.<\/p>\n\n\n\n<p class=\"has-background has-very-light-gray-background-color\"><strong>En el siguiente link se podr\u00e1 contestar el cuestionario: <a href=\"https:\/\/docs.google.com\/forms\/d\/e\/1FAIpQLSfKfmf7L4DmzOr2qL_Vxb6XkW4t_B-aDJaGe69aFp0G_kMNhg\/viewform\">\u00abCuestionario de Relevamiento Participativo\u00bb<\/a><\/strong><\/p>\n\n\n\n<div style=\"height:20px\" aria-hidden=\"true\" class=\"wp-block-spacer\"><\/div>\n","protected":false},"excerpt":{"rendered":"<p>En febrero de este a\u00f1o, el gobernador de Mendoza, Rodolfo Su\u00e1rez, present\u00f3 la Agencia Mendocina&hellip;<\/p>\n","protected":false},"author":3,"featured_media":36357,"comment_status":"open","ping_status":"open","sticky":false,"template":"","format":"standard","meta":{"footnotes":""},"categories":[4],"tags":[],"class_list":["post-36315","post","type-post","status-publish","format-standard","has-post-thumbnail","hentry","category-protagonistas"],"_links":{"self":[{"href":"https:\/\/enolife.com.ar\/es\/wp-json\/wp\/v2\/posts\/36315","targetHints":{"allow":["GET"]}}],"collection":[{"href":"https:\/\/enolife.com.ar\/es\/wp-json\/wp\/v2\/posts"}],"about":[{"href":"https:\/\/enolife.com.ar\/es\/wp-json\/wp\/v2\/types\/post"}],"author":[{"embeddable":true,"href":"https:\/\/enolife.com.ar\/es\/wp-json\/wp\/v2\/users\/3"}],"replies":[{"embeddable":true,"href":"https:\/\/enolife.com.ar\/es\/wp-json\/wp\/v2\/comments?post=36315"}],"version-history":[{"count":0,"href":"https:\/\/enolife.com.ar\/es\/wp-json\/wp\/v2\/posts\/36315\/revisions"}],"wp:featuredmedia":[{"embeddable":true,"href":"https:\/\/enolife.com.ar\/es\/wp-json\/wp\/v2\/media\/36357"}],"wp:attachment":[{"href":"https:\/\/enolife.com.ar\/es\/wp-json\/wp\/v2\/media?parent=36315"}],"wp:term":[{"taxonomy":"category","embeddable":true,"href":"https:\/\/enolife.com.ar\/es\/wp-json\/wp\/v2\/categories?post=36315"},{"taxonomy":"post_tag","embeddable":true,"href":"https:\/\/enolife.com.ar\/es\/wp-json\/wp\/v2\/tags?post=36315"}],"curies":[{"name":"wp","href":"https:\/\/api.w.org\/{rel}","templated":true}]}}