{"id":35955,"date":"2021-05-26T17:00:15","date_gmt":"2021-05-26T17:00:15","guid":{"rendered":"http:\/\/enolife.com.ar\/es\/?p=35955"},"modified":"2021-05-29T03:18:23","modified_gmt":"2021-05-29T03:18:23","slug":"el-gobierno-de-mendoza-ofrece-creditos-de-hasta-500-000-al-12-anual-a-pequenos-productores","status":"publish","type":"post","link":"https:\/\/enolife.com.ar\/es\/el-gobierno-de-mendoza-ofrece-creditos-de-hasta-500-000-al-12-anual-a-pequenos-productores\/","title":{"rendered":"El gobierno de Mendoza ofrece cr\u00e9ditos de hasta $500.000 al 12% anual a peque\u00f1os productores"},"content":{"rendered":"\n<h4 class=\"wp-block-heading\"><em><strong>Seg\u00fan comunic\u00f3 el Ministerio de Econom\u00eda y Energ\u00eda de la provincia, esta l\u00ednea de pr\u00e9stamos est\u00e1 orientada a propietarios de hasta 15 hect\u00e1reas de cultivos agr\u00edcolas. Se podr\u00e1 financiar capital de trabajo y devolver en 15 meses, que incluyen 6 de gracia. Debe gestionarse a trav\u00e9s del Fondo para la Transformaci\u00f3n y el Crecimiento.<\/strong><\/em><\/h4>\n\n\n\n<div style=\"height:20px\" aria-hidden=\"true\" class=\"wp-block-spacer\"><\/div>\n\n\n\n\n\n<div style=\"height:65px\" aria-hidden=\"true\" class=\"wp-block-spacer\"><\/div>\n\n\n\n<p>El Ministerio de Econom\u00eda y Energ\u00eda del gobierno de Mendoza, a trav\u00e9s del Fondo para la Transformaci\u00f3n y el Crecimiento (FTyC), anunci\u00f3 el lanzamiento de una l\u00ednea de financiaci\u00f3n para capital de trabajo orientado a peque\u00f1os productores agr\u00edcolas cuyas fincas no superen las 15 hect\u00e1reas.&nbsp;<\/p>\n\n\n\n<div style=\"height:20px\" aria-hidden=\"true\" class=\"wp-block-spacer\"><\/div>\n\n\n\n<div class=\"wp-block-image\"><figure class=\"alignleft is-resized\"><img loading=\"lazy\" decoding=\"async\" src=\"https:\/\/www.mendoza.gov.ar\/wp-content\/uploads\/sites\/5\/2021\/05\/59d7d9b7-e21c-4f98-8559-eef35e601725-1.jpg\" alt=\"\" width=\"359\" height=\"377\"\/><\/figure><\/div>\n\n\n\n<p>Seg\u00fan detallaron desde el Instituto de Desarrollo Rural (IDR), organismo dependiente de la cartera econ\u00f3mica provincial a trav\u00e9s del cual tambi\u00e9n se puede realizar consultas espec\u00edficas sobre esta l\u00ednea, peque\u00f1os productores locales podr\u00e1n acceder a $500.000 en cr\u00e9dito a una tasa anual de 12%.&nbsp;<\/p>\n\n\n\n<p>Consultadas las autoridades de la instituci\u00f3n sobre los plazos de devoluci\u00f3n, remarcaron que todos aquellos microproductores interesados en acceder a esta herramienta podr\u00e1n devolver los fondos en 15 meses. Vale destacar que, dentro de este plazo, la entidad crediticia ha dispuesto 6 meses de gracia.&nbsp;<\/p>\n\n\n\n<p>Por otro lado, desde el IDR hicieron hincapi\u00e9 sobre el destino que se les puede dar a los fondos solicitados: \u00abLos fondos pueden ser solicitados siempre y cuando el destino sea la adquisici\u00f3n de capital de trabajo que se consume en un ciclo de cultivo. Puede ser destinado a labores culturales, compra de agroqu\u00edmicos, fertilizantes, semillas o plantines\u00bb.&nbsp;<\/p>\n\n\n\n<p>Un dato no menor tiene que ver con la garant\u00eda a presentar por parte de los productores al solicitar el financiamiento. En este sentido, desde el FTyC remarcaron que, por el monto l\u00edmite dispuesto para esta l\u00ednea, solo bastar\u00e1 con presentar una fianza personal.&nbsp;<\/p>\n\n\n\n<div style=\"height:20px\" aria-hidden=\"true\" class=\"wp-block-spacer\"><\/div>\n\n\n\n<p class=\"has-medium-font-size\"><strong>Informes&nbsp;<\/strong><\/p>\n\n\n\n<div class=\"wp-block-image\"><figure class=\"alignleft is-resized\"><img loading=\"lazy\" decoding=\"async\" src=\"https:\/\/www.mendoza.gov.ar\/wp-content\/uploads\/sites\/5\/2021\/05\/e665cf63-7db6-4049-9bc9-d7037ff7b187-700x712.jpg\" alt=\"\" width=\"376\" height=\"382\"\/><\/figure><\/div>\n\n\n\n<p>Todos los productores interesados en acceder a esta l\u00ednea de financiamiento pueden obtener m\u00e1s informaci\u00f3n a trav\u00e9s de los siguientes contactos, seg\u00fan la zona donde residan:&nbsp;<\/p>\n\n\n\n<p><strong>IDR Central<\/strong>: tel\u00e9fono 2616417538 o al <strong>correo&nbsp;<a href=\"mailto:financiamiento@idr.org.ar\">financiamiento@idr.org.ar<\/a><\/strong>. Consultas al&nbsp;2612050154 (s\u00f3lo mensajes)&nbsp;y al &nbsp;4202434\/35.&nbsp;<\/p>\n\n\n\n<p><strong>IDR Valle de Uco<\/strong>: tel\u00e9fono 2616407347 o al correo<strong>&nbsp;<a href=\"mailto:flavia_dalmau@yahoo.com.ar\">flavia_dalmau@yahoo.com.ar<\/a><\/strong>&nbsp;. Consultas al 02622 423104 (Tunuy\u00e1n) y 02622 489600 (Tupungato).<\/p>\n\n\n\n<p><strong>IDR Este<\/strong>: tel\u00e9fono 263 4576470 \/ 263 4450365 o al correo<strong>&nbsp;<a href=\"mailto:cnuarte@idr.org.ar\">cnuarte@idr.org.ar<\/a>.<\/strong> Consultas al 0263 4764271 (San Mart\u00edn) o 0263 4446212 (Rivadavia).<\/p>\n\n\n\n<p><strong>IDR Sur<\/strong>: tel\u00e9fonos&nbsp; 2604438054 y 2604667261 o al correo<strong>&nbsp;<a href=\"mailto:mariela.rojas@idr.org.ar\">mariela.rojas@idr.org.ar<\/a><\/strong>. Consultas llamando al 0260 4438053\/55 (San Rafael); al 02625 407420 (General Alvear) o al 0261 6940265 (Malarg\u00fce).<\/p>\n\n\n\n<div style=\"height:27px\" aria-hidden=\"true\" class=\"wp-block-spacer\"><\/div>\n","protected":false},"excerpt":{"rendered":"<p>Seg\u00fan comunic\u00f3 el Ministerio de Econom\u00eda y Energ\u00eda de la provincia, esta l\u00ednea de pr\u00e9stamos&hellip;<\/p>\n","protected":false},"author":3,"featured_media":36005,"comment_status":"open","ping_status":"open","sticky":false,"template":"","format":"standard","meta":{"footnotes":""},"categories":[14],"tags":[],"class_list":["post-35955","post","type-post","status-publish","format-standard","has-post-thumbnail","hentry","category-news"],"_links":{"self":[{"href":"https:\/\/enolife.com.ar\/es\/wp-json\/wp\/v2\/posts\/35955","targetHints":{"allow":["GET"]}}],"collection":[{"href":"https:\/\/enolife.com.ar\/es\/wp-json\/wp\/v2\/posts"}],"about":[{"href":"https:\/\/enolife.com.ar\/es\/wp-json\/wp\/v2\/types\/post"}],"author":[{"embeddable":true,"href":"https:\/\/enolife.com.ar\/es\/wp-json\/wp\/v2\/users\/3"}],"replies":[{"embeddable":true,"href":"https:\/\/enolife.com.ar\/es\/wp-json\/wp\/v2\/comments?post=35955"}],"version-history":[{"count":0,"href":"https:\/\/enolife.com.ar\/es\/wp-json\/wp\/v2\/posts\/35955\/revisions"}],"wp:featuredmedia":[{"embeddable":true,"href":"https:\/\/enolife.com.ar\/es\/wp-json\/wp\/v2\/media\/36005"}],"wp:attachment":[{"href":"https:\/\/enolife.com.ar\/es\/wp-json\/wp\/v2\/media?parent=35955"}],"wp:term":[{"taxonomy":"category","embeddable":true,"href":"https:\/\/enolife.com.ar\/es\/wp-json\/wp\/v2\/categories?post=35955"},{"taxonomy":"post_tag","embeddable":true,"href":"https:\/\/enolife.com.ar\/es\/wp-json\/wp\/v2\/tags?post=35955"}],"curies":[{"name":"wp","href":"https:\/\/api.w.org\/{rel}","templated":true}]}}