{"id":35931,"date":"2021-05-25T14:56:11","date_gmt":"2021-05-25T14:56:11","guid":{"rendered":"http:\/\/enolife.com.ar\/es\/?p=35931"},"modified":"2021-05-27T00:18:24","modified_gmt":"2021-05-27T00:18:24","slug":"viva-la-revolucion-el-homenaje-a-la-patria-en-clave-de-humor-del-fondo-vitivinicola","status":"publish","type":"post","link":"https:\/\/enolife.com.ar\/es\/viva-la-revolucion-el-homenaje-a-la-patria-en-clave-de-humor-del-fondo-vitivinicola\/","title":{"rendered":"\u00a1Viva la Revoluci\u00f3n!, el homenaje a la Patria en clave de humor del Fondo Vitivin\u00edcola"},"content":{"rendered":"\n<h4 class=\"wp-block-heading\"><em><strong>El vino, Bebida Nacional, celebra la Fiesta Nacional del 25 de Mayo con un homenaje simp\u00e1tico a los revolucionarios de 1810. El corto publicitario de 2 min 22 s, con un gui\u00f3n ingenuo pero efectivo, le agrega vino y picard\u00eda a las cl\u00e1sicas im\u00e1genes de los pr\u00f3ceres de Mayo. Fue realizado por la productora mendocina Zoicer y publicado hoy en el canal de&nbsp;Youtube El Vino Nos Une.<\/strong><\/em><\/h4>\n\n\n\n<div style=\"height:58px\" aria-hidden=\"true\" class=\"wp-block-spacer\"><\/div>\n\n\n<a href=\"https:\/\/sudafilt.com\/\" aria-label=\"SUDAFILT 1700X500 NOV25\"><img loading=\"lazy\" decoding=\"async\" src=\"https:\/\/enolife.com.ar\/es\/wp-content\/uploads\/2020\/07\/SUDAFILT-1700X500-NOV25.gif\" alt=\"\"  width=\"1700\" height=\"500\"   \/><\/a>\n\n\n<div style=\"height:35px\" aria-hidden=\"true\" class=\"wp-block-spacer\"><\/div>\n\n\n\n<p>Hoy <strong>25 de Mayo, Fiesta Nacional, en el 211 aniversario<\/strong> del grito de libertad que pronunciaron desde el Cabildo de Buenos Aires los revolucionarios de la patria naciente, el <strong>Fondo Vitivin\u00edcola Argentin<\/strong>o y la <strong>Corporaci\u00f3n Vitivin\u00edcola Argentina (Coviar)<\/strong> se unieron al festejo difundiendo una pieza publicitaria que le pone color y humor a la \u00abrevoluci\u00f3n del vino\u00bb.<\/p>\n\n\n\n<p> El video, difundido por YouTube, est\u00e1 acompa\u00f1ado de un texto que a continuaci\u00f3n reproducimos:<\/p>\n\n\n\n<p>\u00ab\u00bfC\u00f3mo hubiera sido la historia de aquellos patriotas de 1810 con el vino compartiendo escena en los debates, en el Cabildo Abierto, en la gestaci\u00f3n de un tiempo nuevo? Como en aquella Semana de Mayo de 1810, hoy una revoluci\u00f3n se gesta en el mundo del vino, con cambios que encarnan la visi\u00f3n de una actividad que busca acompa\u00f1ar el ritmo de los nuevos paradigmas del consumo y, fundamentalmente, de los nuevos consumidores.<\/p>\n\n\n\n<div style=\"height:44px\" aria-hidden=\"true\" class=\"wp-block-spacer\"><\/div>\n\n\n\n<figure class=\"wp-block-embed-youtube aligncenter wp-block-embed is-type-video is-provider-youtube wp-embed-aspect-16-9 wp-has-aspect-ratio\"><div class=\"wp-block-embed__wrapper\">\n<iframe loading=\"lazy\" title=\"\u00a1Viva la revoluci\u00f3n!\" width=\"1170\" height=\"658\" src=\"https:\/\/www.youtube.com\/embed\/YmJilPQTcNw?feature=oembed\" frameborder=\"0\" allow=\"accelerometer; autoplay; clipboard-write; encrypted-media; gyroscope; picture-in-picture\" allowfullscreen><\/iframe>\n<\/div><\/figure>\n\n\n\n<div style=\"height:48px\" aria-hidden=\"true\" class=\"wp-block-spacer\"><\/div>\n\n\n\n<p>\u00abLa referencia a la Revoluci\u00f3n de Mayo viene a exaltar ese momento en que nuestra historia comenz\u00f3 a escribirse con la palabra &#8216;Patria&#8217;. Pero tambi\u00e9n vale para brindar y renovar el orgullo por lo que como Naci\u00f3n fuimos y somos capaces de hacer. Y para inspirarnos y retomar aquel esp\u00edritu revolucionario que anim\u00f3 la \u00e9pica de la libertad y la independencia. Con esta idea, el Fondo Vitivin\u00edcola cre\u00f3 un relato que, en clave de humor, invita a imaginar un 25 de Mayo con algunos matices diferentes. <\/p>\n\n\n\n<div style=\"height:20px\" aria-hidden=\"true\" class=\"wp-block-spacer\"><\/div>\n\n\n\n<h4 class=\"has-vivid-red-color has-text-color wp-block-heading\">La animaci\u00f3n estuvo a cargo de la productora mendocina Zoicer, Rodrigo Casavalle es la voz del relato, la m\u00fasica es de Fran Paez Grillo y el dise\u00f1o sonoro de Lucas Kalic.<\/h4>\n\n\n\n<div style=\"height:20px\" aria-hidden=\"true\" class=\"wp-block-spacer\"><\/div>\n\n\n\n<p>\u00abEs un peque\u00f1o homenaje a los revolucionarios de 1810 y tambi\u00e9n a los revolucionarios actuales, que apuestan a la innovaci\u00f3n, que no se detienen ante los desaf\u00edos y que los transforman en oportunidades para que nuestra Bebida Nacional est\u00e9 m\u00e1s cerca de los consumidores.<\/p>\n\n\n\n<div style=\"height:20px\" aria-hidden=\"true\" class=\"wp-block-spacer\"><\/div>\n\n\n\n<p class=\"has-background has-cyan-bluish-gray-background-color\"><strong>\u00abEl vino nos une\u00bb<\/strong>&nbsp;es el concepto estrat\u00e9gico de la campa\u00f1a gen\u00e9rica que comunica atributos de todos los vinos argentinos. Esta acci\u00f3n es impulsada por el Fondo Vitivin\u00edcola, con la participaci\u00f3n de las bodegas presentes en el mercado interno, y financiada por la Corporaci\u00f3n Vitivin\u00edcola en el marco del Plan Estrat\u00e9gico del sector.<\/p>\n\n\n\n<div style=\"height:20px\" aria-hidden=\"true\" class=\"wp-block-spacer\"><\/div>\n\n\n\n<p>\u00abAquella revoluci\u00f3n propici\u00f3 la creaci\u00f3n del primer gobierno local y sent\u00f3 las bases para la autodeterminaci\u00f3n del pa\u00eds. Esos valores inspiran tambi\u00e9n las revoluciones que el vino est\u00e1 protagonizando: en su comunicaci\u00f3n, en sus formatos, en nuevos envases, en nuevas formas de comercializaci\u00f3n. La irrupci\u00f3n de la lata, el comercio electr\u00f3nico, los envases de gran tama\u00f1o, la visi\u00f3n de sustentabilidad de la industria, la proyecci\u00f3n del turismo vitivin\u00edcola: cambios revolucionarios que construyen el futuro de la Bebida Nacional\u00bb.<\/p>\n\n\n\n<div style=\"height:34px\" aria-hidden=\"true\" class=\"wp-block-spacer\"><\/div>\n","protected":false},"excerpt":{"rendered":"<p>El vino, Bebida Nacional, celebra la Fiesta Nacional del 25 de Mayo con un homenaje&hellip;<\/p>\n","protected":false},"author":3,"featured_media":35951,"comment_status":"open","ping_status":"open","sticky":false,"template":"","format":"standard","meta":{"footnotes":""},"categories":[14],"tags":[],"class_list":["post-35931","post","type-post","status-publish","format-standard","has-post-thumbnail","hentry","category-news"],"_links":{"self":[{"href":"https:\/\/enolife.com.ar\/es\/wp-json\/wp\/v2\/posts\/35931","targetHints":{"allow":["GET"]}}],"collection":[{"href":"https:\/\/enolife.com.ar\/es\/wp-json\/wp\/v2\/posts"}],"about":[{"href":"https:\/\/enolife.com.ar\/es\/wp-json\/wp\/v2\/types\/post"}],"author":[{"embeddable":true,"href":"https:\/\/enolife.com.ar\/es\/wp-json\/wp\/v2\/users\/3"}],"replies":[{"embeddable":true,"href":"https:\/\/enolife.com.ar\/es\/wp-json\/wp\/v2\/comments?post=35931"}],"version-history":[{"count":0,"href":"https:\/\/enolife.com.ar\/es\/wp-json\/wp\/v2\/posts\/35931\/revisions"}],"wp:featuredmedia":[{"embeddable":true,"href":"https:\/\/enolife.com.ar\/es\/wp-json\/wp\/v2\/media\/35951"}],"wp:attachment":[{"href":"https:\/\/enolife.com.ar\/es\/wp-json\/wp\/v2\/media?parent=35931"}],"wp:term":[{"taxonomy":"category","embeddable":true,"href":"https:\/\/enolife.com.ar\/es\/wp-json\/wp\/v2\/categories?post=35931"},{"taxonomy":"post_tag","embeddable":true,"href":"https:\/\/enolife.com.ar\/es\/wp-json\/wp\/v2\/tags?post=35931"}],"curies":[{"name":"wp","href":"https:\/\/api.w.org\/{rel}","templated":true}]}}