{"id":35930,"date":"2021-05-25T15:41:57","date_gmt":"2021-05-25T15:41:57","guid":{"rendered":"http:\/\/enolife.com.ar\/es\/?p=35930"},"modified":"2021-05-27T00:38:37","modified_gmt":"2021-05-27T00:38:37","slug":"un-webinar-internacional-gratuito-sobre-como-prevenir-y-combatir-el-oidio-de-la-vid","status":"publish","type":"post","link":"https:\/\/enolife.com.ar\/es\/un-webinar-internacional-gratuito-sobre-como-prevenir-y-combatir-el-oidio-de-la-vid\/","title":{"rendered":"Un webinar internacional gratuito sobre c\u00f3mo prevenir y combatir el o\u00eddio de la vid"},"content":{"rendered":"\n<h4 class=\"wp-block-heading\"><em><strong>La revista enol\u00f3gica italiana Infowine invita al webinar gratuito \u00abO\u00eddio en Vi\u00f1a, manejo del vi\u00f1edo para una soluci\u00f3n integral\u00bb, que ser\u00e1 dictado el 1\/6 a las 12 hs de Argentina por el ingeniero agr\u00f3nomo y en\u00f3logo espa\u00f1ol Julio Prieto, docente de la Universidad de Zaragoza. El objetivo de la charla es informar sobre el&nbsp;ciclo biol\u00f3gico del oidio o mildiu -una enfermedad producida por el hongo Uncinula necator Burr, que ataca a todos los \u00f3rganos verdes de la&nbsp;vid- y las&nbsp;estrategias de gesti\u00f3n sanitaria&nbsp;m\u00e1s adecuadas. La participaci\u00f3n requiere inscripci\u00f3n previa.<\/strong><\/em><\/h4>\n\n\n\n<div style=\"height:72px\" aria-hidden=\"true\" class=\"wp-block-spacer\"><\/div>\n\n\n\n\n\n<div style=\"height:74px\" aria-hidden=\"true\" class=\"wp-block-spacer\"><\/div>\n\n\n\n<p>El o\u00eddio de la vid es un hongo responsable de grandes p\u00e9rdidas de producci\u00f3n y de calidad de uva de vinificaci\u00f3n en casi cualquier regi\u00f3n del mundo. No en vano, su aparici\u00f3n en los vi\u00f1edos europeos, en el siglo XIX, supuso la primera revoluci\u00f3n y selecci\u00f3n varietal masiva en la viticultura. Gran parte de la diversidad gen\u00e9tica de aquel momento, se redujo en pro de las variedades m\u00e1s tolerantes a este hongo.<\/p>\n\n\n\n<p>Desde aquel momento, el hombre ha tenido que conocerlo para poder determinar estrategias adecuados para producir uvas sin da\u00f1os por este pat\u00f3geno. Existen muchas&nbsp;<strong>herramientas a nuestra disposici\u00f3n,<\/strong>&nbsp;para poder hacer un control racional y sostenible del mismo, y las mismas ser\u00e1n parte de este webinar.<\/p>\n\n\n\n<div style=\"height:20px\" aria-hidden=\"true\" class=\"wp-block-spacer\"><\/div>\n\n\n\n<p class=\"has-medium-font-size\"><strong>Sobre el webinar<\/strong><\/p>\n\n\n\n<p class=\"has-background has-very-light-gray-background-color\"><strong>O\u00eddio en Vi\u00f1a &#8211; Manejo del vi\u00f1edo para una soluci\u00f3n integral<\/strong><br><strong>Fecha<\/strong>: Martes<strong> 1 de junio de 2021<\/strong> a las 17:00, Espa\u00f1a &#8211; 12:00 Argentina &#8211; 11:00 Chile.<br><strong>Inscripci\u00f3n gratuita: <a href=\"https:\/\/register.gotowebinar.com\/register\/5050345393614319631?source=NL\">AQU\u00cd<\/a><\/strong><br><strong>Expositor<\/strong>: Julio Prieto, ingeniero Agr\u00f3nomo, en\u00f3logo y asesor vitivin\u00edcola<\/p>\n\n\n\n<div style=\"height:20px\" aria-hidden=\"true\" class=\"wp-block-spacer\"><\/div>\n\n\n\n<p class=\"has-medium-font-size\"><strong>Sobre el expositor<\/strong><\/p>\n\n\n\n<div class=\"wp-block-image\"><figure class=\"alignleft size-large is-resized\"><img loading=\"lazy\" decoding=\"async\" src=\"https:\/\/enolife.com.ar\/es\/wp-content\/uploads\/2021\/05\/JPOrigenPrimavera-832x1024.jpg\" alt=\"\" class=\"wp-image-35941\" width=\"212\" height=\"261\" srcset=\"https:\/\/enolife.com.ar\/es\/wp-content\/uploads\/2021\/05\/JPOrigenPrimavera-832x1024.jpg 832w, https:\/\/enolife.com.ar\/es\/wp-content\/uploads\/2021\/05\/JPOrigenPrimavera-244x300.jpg 244w, https:\/\/enolife.com.ar\/es\/wp-content\/uploads\/2021\/05\/JPOrigenPrimavera-768x945.jpg 768w, https:\/\/enolife.com.ar\/es\/wp-content\/uploads\/2021\/05\/JPOrigenPrimavera-1249x1536.jpg 1249w, https:\/\/enolife.com.ar\/es\/wp-content\/uploads\/2021\/05\/JPOrigenPrimavera-1665x2048.jpg 1665w, https:\/\/enolife.com.ar\/es\/wp-content\/uploads\/2021\/05\/JPOrigenPrimavera-1170x1439.jpg 1170w, https:\/\/enolife.com.ar\/es\/wp-content\/uploads\/2021\/05\/JPOrigenPrimavera-585x720.jpg 585w, https:\/\/enolife.com.ar\/es\/wp-content\/uploads\/2021\/05\/JPOrigenPrimavera.jpg 1920w\" sizes=\"auto, (max-width: 212px) 100vw, 212px\" \/><figcaption><strong>Julio Prieto<\/strong><\/figcaption><\/figure><\/div>\n\n\n\n<p>J<strong>ulio Prieto<\/strong> es ingeniero agr\u00f3nomo y en\u00f3logo. Ha sido director t\u00e9cnico de Viticultura en diferentes bodegas del valle del Ebro, Espa\u00f1a, entre los a\u00f1os 2000 a 2013. &nbsp;Desde el a\u00f1o 2010 ejerce su labor como asesor de proyectos vitivin\u00edcolas de diferentes bodegas de Espa\u00f1a y de otras regiones del mundo (Turqu\u00eda, Francia, Azerbaiy\u00e1n, Rusia, Georgia). Actualmente desempe\u00f1a numerosas asesor\u00edas fijas en bodegas del Arco Mediterr\u00e1neo, Navarra, Arag\u00f3n, Catalu\u00f1a, Sierra de Gredos, \u00c1vila y colabora en la puesta en marcha de proyectos nuevos, Mallorca, Pirineos Aragoneses, Islas Canarias, Galicia, Cantabria, Valencia Turqu\u00eda, Francia.<\/p>\n\n\n\n<p>Colabora como docente en la Universidad de Zaragoza y como asesor en proyectos de I+D+i, Grapewine y con el ICEX (Arag\u00f3n), adem\u00e1s de participar en la puesta en marcha de diferentes programas de I+D+i en la mejora de la calidad de la producci\u00f3n vit\u00edcola, en especial los proyectos para la mejora de la calidad y resistencia a enfermedades, llevada a cabo por parte del Grupo BSV y de Grupo GVV.<\/p>\n\n\n\n<div style=\"height:39px\" aria-hidden=\"true\" class=\"wp-block-spacer\"><\/div>\n","protected":false},"excerpt":{"rendered":"<p>La revista enol\u00f3gica italiana Infowine invita al webinar gratuito \u00abO\u00eddio en Vi\u00f1a, manejo del vi\u00f1edo&hellip;<\/p>\n","protected":false},"author":3,"featured_media":35947,"comment_status":"open","ping_status":"open","sticky":false,"template":"","format":"standard","meta":{"footnotes":""},"categories":[47],"tags":[],"class_list":["post-35930","post","type-post","status-publish","format-standard","has-post-thumbnail","hentry","category-agenda"],"_links":{"self":[{"href":"https:\/\/enolife.com.ar\/es\/wp-json\/wp\/v2\/posts\/35930","targetHints":{"allow":["GET"]}}],"collection":[{"href":"https:\/\/enolife.com.ar\/es\/wp-json\/wp\/v2\/posts"}],"about":[{"href":"https:\/\/enolife.com.ar\/es\/wp-json\/wp\/v2\/types\/post"}],"author":[{"embeddable":true,"href":"https:\/\/enolife.com.ar\/es\/wp-json\/wp\/v2\/users\/3"}],"replies":[{"embeddable":true,"href":"https:\/\/enolife.com.ar\/es\/wp-json\/wp\/v2\/comments?post=35930"}],"version-history":[{"count":0,"href":"https:\/\/enolife.com.ar\/es\/wp-json\/wp\/v2\/posts\/35930\/revisions"}],"wp:featuredmedia":[{"embeddable":true,"href":"https:\/\/enolife.com.ar\/es\/wp-json\/wp\/v2\/media\/35947"}],"wp:attachment":[{"href":"https:\/\/enolife.com.ar\/es\/wp-json\/wp\/v2\/media?parent=35930"}],"wp:term":[{"taxonomy":"category","embeddable":true,"href":"https:\/\/enolife.com.ar\/es\/wp-json\/wp\/v2\/categories?post=35930"},{"taxonomy":"post_tag","embeddable":true,"href":"https:\/\/enolife.com.ar\/es\/wp-json\/wp\/v2\/tags?post=35930"}],"curies":[{"name":"wp","href":"https:\/\/api.w.org\/{rel}","templated":true}]}}