{"id":35283,"date":"2021-05-13T15:40:56","date_gmt":"2021-05-13T15:40:56","guid":{"rendered":"http:\/\/enolife.com.ar\/es\/?p=35283"},"modified":"2021-05-13T15:43:02","modified_gmt":"2021-05-13T15:43:02","slug":"divulgaran-nuevas-normativas-obligatorias-para-las-buenas-practicas-agricolas-en-san-juan","status":"publish","type":"post","link":"https:\/\/enolife.com.ar\/es\/divulgaran-nuevas-normativas-obligatorias-para-las-buenas-practicas-agricolas-en-san-juan\/","title":{"rendered":"Divulgar\u00e1n nuevas normativas obligatorias para las Buenas Pr\u00e1cticas Agr\u00edcolas en San Juan"},"content":{"rendered":"\n<h4 class=\"wp-block-heading\"><em><strong>Dentro del ciclo de charlas t\u00e9cnicas destinadas a capacitar a los productores locales, organizadas por el Ministerio de Producci\u00f3n y Desarrollo Econ\u00f3mico de San Juan, hoy 13\/5 a las 20 horas expertos del \u00e1rea informar\u00e1n a trav\u00e9s de una conferencia por Youtube acerca de las normas vigentes para llegar adelante y certificar las denominadas Buenas Pr\u00e1cticas Agr\u00edcolas (BPA).<\/strong><\/em><\/h4>\n\n\n\n<div style=\"height:20px\" aria-hidden=\"true\" class=\"wp-block-spacer\"><\/div>\n\n\n\n\n\n<div style=\"height:44px\" aria-hidden=\"true\" class=\"wp-block-spacer\"><\/div>\n\n\n\n<p>El Ministerio de Producci\u00f3n y Desarrollo Econ\u00f3mico del gobierno de San Juan, a trav\u00e9s de la Direcci\u00f3n de Desarrollo Agr\u00edcola dependiente de la Secretar\u00eda de Agricultura, Ganader\u00eda y Agroindustria de la Naci\u00f3n, inici\u00f3 el ciclo de charlas t\u00e9cnicas de sensibilizaci\u00f3n sobre Buenas Pr\u00e1cticas Agr\u00edcolas (BPA) destinadas a productores sanjuaninos.<\/p>\n\n\n\n<div class=\"wp-block-image\"><figure class=\"alignleft size-large is-resized\"><img loading=\"lazy\" decoding=\"async\" src=\"https:\/\/enolife.com.ar\/es\/wp-content\/uploads\/2021\/05\/WhatsApp-Image-2021-05-13-at-12.13.02-1024x1024.jpeg\" alt=\"\" class=\"wp-image-35288\" width=\"405\" height=\"405\" srcset=\"https:\/\/enolife.com.ar\/es\/wp-content\/uploads\/2021\/05\/WhatsApp-Image-2021-05-13-at-12.13.02-1024x1024.jpeg 1024w, https:\/\/enolife.com.ar\/es\/wp-content\/uploads\/2021\/05\/WhatsApp-Image-2021-05-13-at-12.13.02-300x300.jpeg 300w, https:\/\/enolife.com.ar\/es\/wp-content\/uploads\/2021\/05\/WhatsApp-Image-2021-05-13-at-12.13.02-150x150.jpeg 150w, https:\/\/enolife.com.ar\/es\/wp-content\/uploads\/2021\/05\/WhatsApp-Image-2021-05-13-at-12.13.02-768x768.jpeg 768w, https:\/\/enolife.com.ar\/es\/wp-content\/uploads\/2021\/05\/WhatsApp-Image-2021-05-13-at-12.13.02-1170x1170.jpeg 1170w, https:\/\/enolife.com.ar\/es\/wp-content\/uploads\/2021\/05\/WhatsApp-Image-2021-05-13-at-12.13.02-585x585.jpeg 585w, https:\/\/enolife.com.ar\/es\/wp-content\/uploads\/2021\/05\/WhatsApp-Image-2021-05-13-at-12.13.02.jpeg 1280w\" sizes=\"auto, (max-width: 405px) 100vw, 405px\" \/><\/figure><\/div>\n\n\n\n<p>El objetivo es sensibilizar, informar y dar a conocer las herramientas necesarias para que los productos hort\u00edcolas puedan cumplir con la normativa que est\u00e1 vigente desde el corriente a\u00f1o. Se trabajar\u00e1 con la misma tem\u00e1tica en diferentes zonas y grupos de productores, buscando difundir las BPA y a la vez, cuidar de que se trate de peque\u00f1os grupos para evitar el contagio del coronavirus.<\/p>\n\n\n\n<p>El ciclo, que ya se inici\u00f3 en la localidad sanjuanina Las Tapias (departamento de Albard\u00f3n), se enmarca en la resoluci\u00f3n conjunta N\u00ba 5\/2018 que establece la obligatoriedad de aplicar las Buenas Pr\u00e1cticas Agr\u00edcolas (BPA) en las tareas de cultivo, cosecha y almacenamiento de productos primarios hasta la comercializaci\u00f3n.<\/p>\n\n\n\n<p>De esta forma se busca crear conciencia e informar a los productores hort\u00edcolas de la provincia sobre esta normativa y profundizar en los requisitos que deben cumplir los horticultores en sus producciones: presentar la documentaci\u00f3n obligatoria que hace a la trazabilidad de la mercader\u00eda producida; utilizaci\u00f3n de fertilizantes sint\u00e9ticos; uso del agua; trabajo de los suelos; animales; uso de fertilizantes org\u00e1nicos y enmiendas, y asistencia t\u00e9cnica.<\/p>\n\n\n\n<p>Cada encuentro estar\u00e1 a cargo de los profesionales t\u00e9cnicos de la Secretar\u00eda de Agricultura, Ganader\u00eda y Agroindustria, ingeniero agr\u00f3nomo Leopoldo M\u00e1rquez, ingeniera agr\u00f3noma J\u00e9sica Lobos y la licenciada en Tecnolog\u00eda de Alimentos, Laura Manzini.<\/p>\n\n\n\n<div style=\"height:20px\" aria-hidden=\"true\" class=\"wp-block-spacer\"><\/div>\n\n\n\n<h4 class=\"has-vivid-red-color has-text-color wp-block-heading\">Las BPA son pr\u00e1cticas orientadas a la sostenibilidad ambiental, econ\u00f3mica y social para los procesos productivos de la explotaci\u00f3n agr\u00edcola que garantizan la calidad e inocuidad de los alimentos y de los productos no alimenticios.<\/h4>\n\n\n\n<div style=\"height:20px\" aria-hidden=\"true\" class=\"wp-block-spacer\"><\/div>\n\n\n\n<p>El \u00faltimo encuentro presencial con productores se realiz\u00f3 ayer 12 de mayo en las Lomitas, tambi\u00e9n en Albard\u00f3n.<\/p>\n\n\n\n<div style=\"height:20px\" aria-hidden=\"true\" class=\"wp-block-spacer\"><\/div>\n\n\n\n<p class=\"has-background has-very-light-gray-background-color\"><strong>Hoy 13\/5 a las 20 hs, charla por YouTube<\/strong>: En la continuidad del ciclo, <strong>hoy se ofrece una conferencia virtual a trav\u00e9s de YouTube, con participaci\u00f3n libre y gratuita. Para sumarse, los interesados deben ingresar en: <a href=\"https:\/\/youtu.be\/ZiWqcIvb3gE\">https:\/\/youtu.be\/ZiWqcIvb3gE<\/a><\/strong><\/p>\n\n\n\n<div style=\"height:20px\" aria-hidden=\"true\" class=\"wp-block-spacer\"><\/div>\n\n\n\n<p>Una de las herramientas en las que se trabaja durante cada jornada, es la utilizaci\u00f3n del cuaderno de campo. Los profesionales llevan un modelo para que los productores lo conozcan y lo incorporen en las fincas.<\/p>\n\n\n\n<div style=\"height:31px\" aria-hidden=\"true\" class=\"wp-block-spacer\"><\/div>\n\n\n\n<p class=\"has-small-font-size\"><em><strong>Fuente Si San Juan<\/strong><\/em><\/p>\n\n\n\n<div style=\"height:24px\" aria-hidden=\"true\" class=\"wp-block-spacer\"><\/div>\n","protected":false},"excerpt":{"rendered":"<p>Dentro del ciclo de charlas t\u00e9cnicas destinadas a capacitar a los productores locales, organizadas por&hellip;<\/p>\n","protected":false},"author":3,"featured_media":35290,"comment_status":"open","ping_status":"open","sticky":false,"template":"","format":"standard","meta":{"footnotes":""},"categories":[47],"tags":[],"class_list":["post-35283","post","type-post","status-publish","format-standard","has-post-thumbnail","hentry","category-agenda"],"_links":{"self":[{"href":"https:\/\/enolife.com.ar\/es\/wp-json\/wp\/v2\/posts\/35283","targetHints":{"allow":["GET"]}}],"collection":[{"href":"https:\/\/enolife.com.ar\/es\/wp-json\/wp\/v2\/posts"}],"about":[{"href":"https:\/\/enolife.com.ar\/es\/wp-json\/wp\/v2\/types\/post"}],"author":[{"embeddable":true,"href":"https:\/\/enolife.com.ar\/es\/wp-json\/wp\/v2\/users\/3"}],"replies":[{"embeddable":true,"href":"https:\/\/enolife.com.ar\/es\/wp-json\/wp\/v2\/comments?post=35283"}],"version-history":[{"count":0,"href":"https:\/\/enolife.com.ar\/es\/wp-json\/wp\/v2\/posts\/35283\/revisions"}],"wp:featuredmedia":[{"embeddable":true,"href":"https:\/\/enolife.com.ar\/es\/wp-json\/wp\/v2\/media\/35290"}],"wp:attachment":[{"href":"https:\/\/enolife.com.ar\/es\/wp-json\/wp\/v2\/media?parent=35283"}],"wp:term":[{"taxonomy":"category","embeddable":true,"href":"https:\/\/enolife.com.ar\/es\/wp-json\/wp\/v2\/categories?post=35283"},{"taxonomy":"post_tag","embeddable":true,"href":"https:\/\/enolife.com.ar\/es\/wp-json\/wp\/v2\/tags?post=35283"}],"curies":[{"name":"wp","href":"https:\/\/api.w.org\/{rel}","templated":true}]}}