{"id":35067,"date":"2021-05-17T18:23:48","date_gmt":"2021-05-17T18:23:48","guid":{"rendered":"http:\/\/enolife.com.ar\/es\/?p=35067"},"modified":"2021-05-22T03:56:29","modified_gmt":"2021-05-22T03:56:29","slug":"como-resuelven-las-pymes-uruguayas-los-problemas-legales-y-tributarios-en-la-era-del-covid","status":"publish","type":"post","link":"https:\/\/enolife.com.ar\/es\/como-resuelven-las-pymes-uruguayas-los-problemas-legales-y-tributarios-en-la-era-del-covid\/","title":{"rendered":"C\u00f3mo resuelven las pymes uruguayas los problemas legales y tributarios en la era del covid"},"content":{"rendered":"\n<h4 class=\"wp-block-heading\"><em><strong>El 26\/5 a las 19 hs de Argentina, en una nueva conferencia online organizada por el Foro Diplom\u00e1tico en Mendoza, dentro de su ciclo \u00abPost pandemia y pymes\u00bb, dos especialistas uruguayas expondr\u00e1n sobre el tema \u00abDesaf\u00edos legales para la supervivencia de las Pymes\u00bb. La idea del ciclo es que exponentes de diversos pa\u00edses den a conocer sus experiencias relacionadas con las peque\u00f1as y medianas empresas y las pol\u00edticas de los gobiernos para mejorar su situaci\u00f3n ante las consecuencias del confinamiento. Auspician la actividad importantes empresas, universidades y medios de comunicaci\u00f3n de Mendoza, entre ellos Enolife.<\/strong><\/em><\/h4>\n\n\n\n<div style=\"height:32px\" aria-hidden=\"true\" class=\"wp-block-spacer\"><\/div>\n\n\n\n\n\n<div style=\"height:58px\" aria-hidden=\"true\" class=\"wp-block-spacer\"><\/div>\n\n\n\n<p>El nuevo encuentro organizado por el Foro Diplom\u00e1tico en Mendoza tiene el t\u00edtulo \u00abPymes y Pandemia: la experiencia de Uruguay\u00bb. Como cada una de las charlas que se vienen desarrollando este a\u00f1o, ser\u00e1 conducida por el especialista Otto Loesener, presidente y fundador de IQ SA y ex gerente de Programas y Proyectos en la Organizaci\u00f3n de las Naciones Unidas para el Desarrollo Industrial (Onudi).<\/p>\n\n\n\n<div style=\"height:20px\" aria-hidden=\"true\" class=\"wp-block-spacer\"><\/div>\n\n\n\n<div class=\"wp-block-image\"><figure class=\"alignleft size-large is-resized\"><img loading=\"lazy\" decoding=\"async\" src=\"https:\/\/enolife.com.ar\/es\/wp-content\/uploads\/2021\/05\/210526-1900-Charla-05-flyer-ver-04-839x1024.jpeg\" alt=\"\" class=\"wp-image-35169\" width=\"358\" height=\"436\" srcset=\"https:\/\/enolife.com.ar\/es\/wp-content\/uploads\/2021\/05\/210526-1900-Charla-05-flyer-ver-04-839x1024.jpeg 839w, https:\/\/enolife.com.ar\/es\/wp-content\/uploads\/2021\/05\/210526-1900-Charla-05-flyer-ver-04-246x300.jpeg 246w, https:\/\/enolife.com.ar\/es\/wp-content\/uploads\/2021\/05\/210526-1900-Charla-05-flyer-ver-04-768x937.jpeg 768w, https:\/\/enolife.com.ar\/es\/wp-content\/uploads\/2021\/05\/210526-1900-Charla-05-flyer-ver-04-585x714.jpeg 585w, https:\/\/enolife.com.ar\/es\/wp-content\/uploads\/2021\/05\/210526-1900-Charla-05-flyer-ver-04.jpeg 1049w\" sizes=\"auto, (max-width: 358px) 100vw, 358px\" \/><\/figure><\/div>\n\n\n\n<p>Las oradoras ser\u00e1n la abogada Ana In\u00e9s Alfaro, miembro en Uruguay de Andersen Global, docente de la Universidad Cat\u00f3lica del Uruguay en Derecho Civil, coautora de varios libros en la materia y actualmente colaboradora de la Revista Uruguaya de Doctrina y Jurisprudencia de Derecho Civil. Alfaro se referir\u00e1 a los \u00abDesaf\u00edos legales para la supervivencia de las pymes\u00bb, junto a la contadora Mar\u00eda Cecilia Ricciardi, tambi\u00e9n socia de Andersen y miembro en Uruguay de Andersen Global. <\/p>\n\n\n\n<p class=\"has-background has-very-light-gray-background-color\">El evento es on line, sin costo pero con <strong>inscripci\u00f3n previa a trav\u00e9s del siguiente link: <a href=\"https:\/\/www.eventbrite.com.ar\/e\/fdm-ciclo-2021-post-pandemia-y-pymes-virtual-charla-05-tickets-152919368949\">\u00abEvenbrite, ciclo 2021 FDM\u00bb<\/a>, <\/strong>quienes se registren 24 horas antes les llegar\u00e1 el link correspondiente para YouTube Live.<\/p>\n\n\n\n<p class=\"has-background has-very-light-gray-background-color\">Fecha: <strong>Mi\u00e9rcoles 26 de mayo 2021,<\/strong> <strong>a las 19.00 horas Argentina, 18.00 horas Uruguay.&nbsp;<\/strong><\/p>\n\n\n\n<p>Para enriquecer el debate, se habilitar\u00e1 un chat durante la transmisi\u00f3n en vivo para que sobre el final de la charla las expositoras respondan las preguntas de los participantes. <\/p>\n","protected":false},"excerpt":{"rendered":"<p>El 26\/5 a las 19 hs de Argentina, en una nueva conferencia online organizada por&hellip;<\/p>\n","protected":false},"author":3,"featured_media":35184,"comment_status":"open","ping_status":"open","sticky":false,"template":"","format":"standard","meta":{"footnotes":""},"categories":[47],"tags":[],"class_list":["post-35067","post","type-post","status-publish","format-standard","has-post-thumbnail","hentry","category-agenda"],"_links":{"self":[{"href":"https:\/\/enolife.com.ar\/es\/wp-json\/wp\/v2\/posts\/35067","targetHints":{"allow":["GET"]}}],"collection":[{"href":"https:\/\/enolife.com.ar\/es\/wp-json\/wp\/v2\/posts"}],"about":[{"href":"https:\/\/enolife.com.ar\/es\/wp-json\/wp\/v2\/types\/post"}],"author":[{"embeddable":true,"href":"https:\/\/enolife.com.ar\/es\/wp-json\/wp\/v2\/users\/3"}],"replies":[{"embeddable":true,"href":"https:\/\/enolife.com.ar\/es\/wp-json\/wp\/v2\/comments?post=35067"}],"version-history":[{"count":0,"href":"https:\/\/enolife.com.ar\/es\/wp-json\/wp\/v2\/posts\/35067\/revisions"}],"wp:featuredmedia":[{"embeddable":true,"href":"https:\/\/enolife.com.ar\/es\/wp-json\/wp\/v2\/media\/35184"}],"wp:attachment":[{"href":"https:\/\/enolife.com.ar\/es\/wp-json\/wp\/v2\/media?parent=35067"}],"wp:term":[{"taxonomy":"category","embeddable":true,"href":"https:\/\/enolife.com.ar\/es\/wp-json\/wp\/v2\/categories?post=35067"},{"taxonomy":"post_tag","embeddable":true,"href":"https:\/\/enolife.com.ar\/es\/wp-json\/wp\/v2\/tags?post=35067"}],"curies":[{"name":"wp","href":"https:\/\/api.w.org\/{rel}","templated":true}]}}