{"id":34906,"date":"2021-05-20T18:16:37","date_gmt":"2021-05-20T18:16:37","guid":{"rendered":"http:\/\/enolife.com.ar\/es\/?p=34906"},"modified":"2021-05-23T16:08:24","modified_gmt":"2021-05-23T16:08:24","slug":"a-80-anos-de-la-1ra-fiesta-de-la-vendimia-de-cafayate-en-tiempos-de-guerra-y-crisis-economica","status":"publish","type":"post","link":"https:\/\/enolife.com.ar\/es\/a-80-anos-de-la-1ra-fiesta-de-la-vendimia-de-cafayate-en-tiempos-de-guerra-y-crisis-economica\/","title":{"rendered":"A 80 a\u00f1os de la 1ra Fiesta de la Vendimia de Cafayate, en tiempos de guerra y crisis econ\u00f3mica"},"content":{"rendered":"\n<h4 class=\"wp-block-heading\"><em><strong>Como Mendoza y otras regiones vitivin\u00edcolas del mundo, la pintoresca y productiva localidad salte\u00f1a, centro de los Valles Calchaqu\u00edes y famosa por su excelente torront\u00e9s, tambi\u00e9n tuvo una Fiesta que homenajeaba el trabajo de los cosechadores. Pero s\u00f3lo se realizaron 15 ediciones, de 1941 a 1955. La primera, el 27 de abril de aquel a\u00f1o signado por la confrontaci\u00f3n b\u00e9lica mundial, qued\u00f3 en la historia por su brillo y originalidad, pero tambi\u00e9n por la personalidad y belleza de la reina Lucy S\u00e1nchez Alisedo, representante de la bodega La Rosa, hoy El Esteco. El reconocido periodista salte\u00f1o Luis Borelli escribi\u00f3 hace d\u00edas una cr\u00f3nica de aquella fiesta popular, en su columna \u00abRelatos de Salta\u00bb del diario El Tribuno, la que a continuaci\u00f3n reproducimos.<\/strong><\/em><\/h4>\n\n\n\n<div style=\"height:20px\" aria-hidden=\"true\" class=\"wp-block-spacer\"><\/div>\n\n\n<a href=\"https:\/\/www.instagram.com\/vinventions.sudamerica\/\" aria-label=\"Banner_Subr_1700x500\"><img loading=\"lazy\" decoding=\"async\" src=\"https:\/\/enolife.com.ar\/es\/wp-content\/uploads\/2019\/07\/Banner_Subr_1700x500.gif\" alt=\"\"  width=\"1700\" height=\"501\"   \/><\/a>\n\n\n<div style=\"height:59px\" aria-hidden=\"true\" class=\"wp-block-spacer\"><\/div>\n\n\n\n<div class=\"wp-block-image\"><figure class=\"alignleft size-large is-resized\"><img loading=\"lazy\" decoding=\"async\" src=\"https:\/\/enolife.com.ar\/es\/wp-content\/uploads\/2021\/05\/borelli.jpg\" alt=\"Luis Alfonso Berelli\" class=\"wp-image-35655\" width=\"139\" height=\"93\"\/><\/figure><\/div>\n\n\n\n<p class=\"has-small-font-size\"><strong><em>Luis Alfonso Borelli, autor de esta nota en El Tribuno de Salta<\/em><\/strong>.<\/p>\n\n\n\n<div style=\"height:20px\" aria-hidden=\"true\" class=\"wp-block-spacer\"><\/div>\n\n\n\n<p>El pasado 27 de abril se cumpli\u00f3 el 80\u00b0 aniversario de la primera Fiesta de la Vendimia de Cafayate, realizada gracias al esfuerzo de ese pueblo y sus bodegueros y que a partir de entonces se celebr\u00f3 anualmente hasta 1955. Los datos de ese primer festejo fueron cuidadosamente extra\u00eddos de los diarios El Intransigente de Salta y La Gaceta de Tucum\u00e1n, y recopilados por la profesora de historia Carmen Llim\u00f3s S\u00e1nchez Alisedo quien, en nombre de sus hermanos, los hizo llegar a \u00abRelatos de Salta\u00bb de El Tribuno.<\/p>\n\n\n\n<p>La lectura de esas cr\u00f3nicas period\u00edsticas nos permite recrear la fiesta y descubrir los problemas que por entonces aquejaban a la vitivinicultura de los Valles Calchaqu\u00edes. Y tambi\u00e9n muestra c\u00f3mo se las ingeniaron los cafayate\u00f1os para poner en el tapete esa crisis y a la vez, organizar una fiesta pese a la dif\u00edcil situaci\u00f3n que atravesaba el mundo por la Segunda Guerra Mundial.<\/p>\n\n\n\n<p>El Intransigente de Salta dec\u00eda el 26 de abril de 1941: \u00abLos bodegueros, comerciantes y pueblo en general est\u00e1n atravesando una crisis econ\u00f3mica muy profunda. La falta de caminos adecuados, la reducida capacidad de cultivos como consecuencia del limitado caudal de agua, la necesidad de una mejor t\u00e9cnica para la elaboraci\u00f3n de los productos y poder entrar a competir no s\u00f3lo en cantidad sino en calidad, son algunos de los grandes problemas con los que se enfrentan\u00bb.<\/p>\n\n\n\n<div style=\"height:20px\" aria-hidden=\"true\" class=\"wp-block-spacer\"><\/div>\n\n\n\n<p class=\"has-medium-font-size\"><strong>Salta, fuera del \u00abpa\u00eds abanico\u00bb<\/strong><\/p>\n\n\n\n<p>Por 1941, el radical Roberto M. Ortiz ejerc\u00eda la presidencia de la Naci\u00f3n. A pesar de estar atravesada por los horrores de la guerra, la Argentina recuperaba lentamente su actividad econ\u00f3mica. Alejandro Bunge, observador y economista, la califica como un \u00abpa\u00eds abanico\u00bb, cuyo v\u00e9rtice y punto neur\u00e1lgico estaba en Capital Federal, abarcando un semic\u00edrculo de 580 kil\u00f3metros a su alrededor. A ese espacio llegaba la mayor cantidad de inmigrantes, la mayor cantidad de inversiones para las industrias extractivas o manufactureras y todos los avances, d\u00e1ndole la espalda al interior.<\/p>\n\n\n\n<div style=\"height:20px\" aria-hidden=\"true\" class=\"wp-block-spacer\"><\/div>\n\n\n\n<blockquote class=\"wp-block-quote is-layout-flow wp-block-quote-is-layout-flow\"><p>Argentina era en 1941 un \u00abpa\u00eds abanico\u00bb, con v\u00e9rtice y centro neur\u00e1lgico en la Ciudad de Buenos Aires y un semic\u00edrculo de 580 kil\u00f3metros alrededor. A ese territorio llegaba la mayor cantidad de inversiones, d\u00e1ndosele la espalda al interior<\/p><cite>Alejandro Bunge, historiador y economista<\/cite><\/blockquote>\n\n\n\n<div style=\"height:20px\" aria-hidden=\"true\" class=\"wp-block-spacer\"><\/div>\n\n\n\n<p>Para el historiador Luis Alberto Romero, ese \u00abprogreso\u00bb acent\u00faa la brecha con el interio, \u00abincapaz de incorporarse al mercado mundial y sumido a un retraso relativo que torna cada vez m\u00e1s manifiesta las diferencias entre la vida agitada de las grandes ciudades del Litoral y las somnolientas capitales provinciales\u00bb.<\/p>\n\n\n\n<p>Por esos a\u00f1os gobernaba Salta Abraham Cornejo, quien al ejercer su mandato se interes\u00f3 en estimular la producci\u00f3n de az\u00facar y cre\u00f3 una Estaci\u00f3n Experimental de Vitivinicultura en Cafayate con el fin de reactivar esa industria. Al polo de Cafayate se sum\u00f3 San Carlos, localidad cercana que compart\u00eda la la misma actividad.<\/p>\n\n\n\n<div style=\"height:20px\" aria-hidden=\"true\" class=\"wp-block-spacer\"><\/div>\n\n\n\n<div class=\"wp-block-image\"><figure class=\"aligncenter is-resized\"><img loading=\"lazy\" decoding=\"async\" src=\"https:\/\/us.cdn.eltribuno.com\/052021\/1620526505332\/1.jpg\" alt=\"\" width=\"571\" height=\"761\"\/><figcaption><strong><em>Lucy S\u00e1nchez Alisedo, primera Reina de la Vendimia de Cafayate.&nbsp;<\/em><\/strong><\/figcaption><\/figure><\/div>\n\n\n\n<div style=\"height:20px\" aria-hidden=\"true\" class=\"wp-block-spacer\"><\/div>\n\n\n\n<p class=\"has-medium-font-size\"><strong>Una idea del m\u00e1ximo jefe educativo<\/strong><\/p>\n\n\n\n<p>Y as\u00ed fue que en b\u00fasqueda de acciones que permitieran mejorar la situaci\u00f3n que atravesaba el bajo Valle Calchaqu\u00ed, el inspector general de Escuelas Nacionales, Florencio F. Jaime, propuso a las autoridades y al pueblo de Cafayate organizar una Fiesta de la Vendimia. La propuesta fue aceptada y de inmediato autoridades, bodegueros, comerciantes y pueblo en general, se abocaron a su organizaci\u00f3n, fijando como fecha para su realizaci\u00f3n el domingo 27 de abril de 1941. Al respecto, el diario El Intransigente publicaba: \u00abLa fiesta debe ser alegre y popular, motivo para que la gente que vive en las monta\u00f1as baje y disfrute la celebraci\u00f3n&#8230; Tambi\u00e9n se rendir\u00e1 homenaje al trabajo y laboriosidad de esos hombres que a trav\u00e9s de los a\u00f1os siguen luchando todav\u00eda contra factores adversos que podr\u00edan ser remediados si se los encara con el criterio que deber\u00eda predominar en los hombres que tienen a su cargo la gesti\u00f3n p\u00fablica\u00bb.<\/p>\n\n\n\n<div style=\"height:20px\" aria-hidden=\"true\" class=\"wp-block-spacer\"><\/div>\n\n\n\n<h4 class=\"has-vivid-red-color has-text-color wp-block-heading\"><strong>A esta primera celebraci\u00f3n vendimial de Cafayate, la docente y poeta Hilda Emilia Postiglione le dedic\u00f3 un poema, publicado en el diario El Intransigente y titulado, justamente, \u00abFiesta de la Vendimia\u00bb.<\/strong><\/h4>\n\n\n\n<div style=\"height:20px\" aria-hidden=\"true\" class=\"wp-block-spacer\"><\/div>\n\n\n\n<p>R\u00e1pidamente la noticia corri\u00f3 como reguero de p\u00f3lvora y pronto lleg\u00f3 a la vecina provincia de Tucum\u00e1n, donde el diario La Gaceta se hizo eco, escribiendo el 25 de abril de 1941: \u00abEn la producci\u00f3n salte\u00f1a, la industria vitivin\u00edcola ocupa un lugar ponderable. Son excelentes sus uvas y vinos. L\u00e1stima que encuentre serios obst\u00e1culos para conseguir una expansi\u00f3n mayor que la que tiene&#8230; Salta comenzar\u00e1 a vendimiar en estos d\u00edas\u00bb.<br>A todo esto, los organizadores de la Fiesta de la Vendimia en Cafayate no pierden detalles y, entre la larga lista de invitado, incluyen a las m\u00e1ximas autoridades de la provincia, quienes de inmediato comprometen su presencia, salvo el gobernador Abraham Cornejo que estaba muy enfermo.&nbsp;<\/p>\n\n\n\n<div style=\"height:20px\" aria-hidden=\"true\" class=\"wp-block-spacer\"><\/div>\n\n\n\n<p class=\"has-medium-font-size\"><strong>Una nutrida delegaci\u00f3n en caravana de autom\u00f3viles<\/strong><\/p>\n\n\n\n<p>Finalmente, el 26 de abril, parten rumbo a Cafayate las m\u00e1ximas autoridades de Salta. El diario El Intransigente de ese d\u00eda se\u00f1alaba: \u00abMa\u00f1ana se ausentar\u00e1 en autom\u00f3vil con el prop\u00f3sito de presidir los muchos actos programados para celebrar la Vendimia en Cafayate, una nutrida delegaci\u00f3n\u00bb. En efecto, la comitiva capitalina arrib\u00f3 a Cafayate en horas de la tarde y fue recibida por la Comisi\u00f3n de Festejos que presid\u00eda Miguel \u00c1ngel Aguilar, junto al intendente Manuel Garc\u00eda Bes. <\/p>\n\n\n\n<p>La bienvenida fue al pie de un arco ornamentado donde un cartel ubicado a la entrada de Finca La Rosa rezaba: \u00abFiesta de la Vendimia 1941. Bienvenidos se\u00e1is a la Tierra del Buen Vino\u00bb. Lo que ignoraban los reci\u00e9n llegados era que les esperaba una apretada agenda de actividades protocolares, matizadas con un agitado traj\u00edn gastron\u00f3mico y vitivin\u00edcola organizado por el destacado vecino y bodeguero Ceferino Velarde. Luego de una recepci\u00f3n de honor en casa de Velarde, la comitiva recorri\u00f3 las calles de la localidad en una caravana de automotores encabezada por el vicegobernador Miguel Ar\u00e1oz.<\/p>\n\n\n\n<div style=\"height:20px\" aria-hidden=\"true\" class=\"wp-block-spacer\"><\/div>\n\n\n\n<p class=\"has-medium-font-size\"><strong>Fiesta desde temprano, con entrega de ropa a familias pobres<\/strong><\/p>\n\n\n\n<p>Y lleg\u00f3 por fin el d\u00eda de la Fiesta. Bien temprano comenz\u00f3 el traj\u00edn. Las familias, autoridades y visitantes inundaron la Plaza central, proporcionando un marco festivo a los actos programados. \u00abTodos se asocian jubilosamente a la Fiesta, lo que constituye un est\u00edmulo para los gestores de esta celebraci\u00f3n, que buscan reproducirla en lo sucesivo\u00bb, relataba El Intransigente en su edici\u00f3n del 29 de abril de 1941.<\/p>\n\n\n\n<p>\u00abLas actividades comenzaron -prosegu\u00eda El Intransigente- con la entrega de ropa a familias pobres de la localidad, luego con la concentraci\u00f3n de estudiantes en la plaza principal y continuaron con la bendici\u00f3n de los frutos regionales, ceremonia que dej\u00f3 oficialmente inaugurados los festejos. Mientras tanto, la Banda de M\u00fasica de la Polic\u00eda acompa\u00f1\u00f3 con sus sones cada uno de los actos. Contin\u00fa\u00f3 la celebraci\u00f3n con el desfile de los ni\u00f1os de las escuelas y culmin\u00f3 al mediod\u00eda con el paso de las carrozas aleg\u00f3ricas de las bodegas de la zona\u00bb.<\/p>\n\n\n\n<div style=\"height:20px\" aria-hidden=\"true\" class=\"wp-block-spacer\"><\/div>\n\n\n\n<h4 class=\"has-vivid-red-color has-text-color wp-block-heading\">La Fiesta tuvo su apogeo al mediod\u00eda del 27 de abril de 1941, con el desfile de los alumnos de las escuelas, carrozas aleg\u00f3ricas, carretas, arrieros y llamas. A la tarde se eligi\u00f3 a la Reina, Lucy S\u00e1nchez Alisedo.<\/h4>\n\n\n\n<div style=\"height:20px\" aria-hidden=\"true\" class=\"wp-block-spacer\"><\/div>\n\n\n\n<p>M\u00e1s adelante, El Intransigente contaba que las carrozas iban \u00abornamentadas con mucho acierto, llamas, carretas y arrieros vestidos a la usanza antigua, conforme se estilaba en los comienzos de la industria\u00bb.<\/p>\n\n\n\n<p>Y por supuesto, la mayor\u00eda de las carrozas transportaba una se\u00f1orita que participar\u00eda de la elecci\u00f3n de la primera Reina de Vendimia, certamen que se dilucidar\u00eda en horas de la tarde.&nbsp;&nbsp;<\/p>\n\n\n\n<div style=\"height:20px\" aria-hidden=\"true\" class=\"wp-block-spacer\"><\/div>\n\n\n\n<p class=\"has-medium-font-size\"><strong>&nbsp;Una ovaci\u00f3n para Lucy I<\/strong><\/p>\n\n\n\n<p>Era la 20 cuando se constituy\u00f3 el jurado que tendr\u00eda a su cargo la dif\u00edcil tarea de elegir a la Reina. Estaban Ernesto M. Ar\u00e1oz, vicegobernador de la provincia, Daniel Caro, N\u00e9stor Michel y Rogelio Cornejo. Este \u00faltimo, al usar la palabra, felicit\u00f3 a los organizadores por el \u00e9xito alcanzado, y a los bodegueros, comerciantes y pueblo en general por el esfuerzo realizado.<\/p>\n\n\n\n<p>Acto seguido, y luego de una breve deliberaci\u00f3n, el jurado procedi\u00f3 a elegir la primera Reina de la Vendimia de Cafayate, \u00abrecayendo dicho honor\u00bb en la se\u00f1orita Lucy S\u00e1nchez Alisedo, representante de la bodega La Rosa (hoy El Esteco).&nbsp;<\/p>\n\n\n\n<p>Sobre esta elecci\u00f3n, el diario El Intransigente escrib\u00eda en su edici\u00f3n del 29 de abril: \u00abConocido el veredicto, fue recibido con una ovaci\u00f3n por la concurrencia. La joven reina, nacida en el Valle, recibi\u00f3 su banda de Reina de manos del vicegobernador de la provincia, Dr. Ernesto M. Ar\u00e1oz. Luego de concluida la coronaci\u00f3n de Lucy I, se sirvi\u00f3 un vino de honor en la Confiter\u00eda Central, ubicada al frente de la plaza de Cafayate.<br>Concluidos los actos de la plaza central, las autoridades provinciales y comunales, m\u00e1s vecinos caracterizados de Cafayate participaron de un almuerzo en la casa de don Ceferino Velarde\u00bb.&nbsp;<\/p>\n\n\n\n<p>Al d\u00eda siguiente, el 28 de abril de 1941, la comitiva oficial regres\u00f3 a Salta, pero en Cafayate quedaron los hombres y las mujeres que luego ser\u00edan capaces de reeditar exitosamente la Fiesta de la Vendimia a lo largo de 15 a\u00f1os, ya que la \u00faltima celebraci\u00f3n fue en 1955.<\/p>\n\n\n\n<div style=\"height:20px\" aria-hidden=\"true\" class=\"wp-block-spacer\"><\/div>\n\n\n\n<p class=\"has-small-font-size\"><em><strong>Fuente: El Tribuno de Salta (Luis Borelli)<\/strong><\/em><\/p>\n\n\n\n<div style=\"height:21px\" aria-hidden=\"true\" class=\"wp-block-spacer\"><\/div>\n","protected":false},"excerpt":{"rendered":"<p>Como Mendoza y otras regiones vitivin\u00edcolas del mundo, la pintoresca y productiva localidad salte\u00f1a, centro&hellip;<\/p>\n","protected":false},"author":3,"featured_media":34911,"comment_status":"open","ping_status":"open","sticky":false,"template":"","format":"standard","meta":{"footnotes":""},"categories":[36],"tags":[],"class_list":["post-34906","post","type-post","status-publish","format-standard","has-post-thumbnail","hentry","category-el-pinguino"],"_links":{"self":[{"href":"https:\/\/enolife.com.ar\/es\/wp-json\/wp\/v2\/posts\/34906","targetHints":{"allow":["GET"]}}],"collection":[{"href":"https:\/\/enolife.com.ar\/es\/wp-json\/wp\/v2\/posts"}],"about":[{"href":"https:\/\/enolife.com.ar\/es\/wp-json\/wp\/v2\/types\/post"}],"author":[{"embeddable":true,"href":"https:\/\/enolife.com.ar\/es\/wp-json\/wp\/v2\/users\/3"}],"replies":[{"embeddable":true,"href":"https:\/\/enolife.com.ar\/es\/wp-json\/wp\/v2\/comments?post=34906"}],"version-history":[{"count":0,"href":"https:\/\/enolife.com.ar\/es\/wp-json\/wp\/v2\/posts\/34906\/revisions"}],"wp:featuredmedia":[{"embeddable":true,"href":"https:\/\/enolife.com.ar\/es\/wp-json\/wp\/v2\/media\/34911"}],"wp:attachment":[{"href":"https:\/\/enolife.com.ar\/es\/wp-json\/wp\/v2\/media?parent=34906"}],"wp:term":[{"taxonomy":"category","embeddable":true,"href":"https:\/\/enolife.com.ar\/es\/wp-json\/wp\/v2\/categories?post=34906"},{"taxonomy":"post_tag","embeddable":true,"href":"https:\/\/enolife.com.ar\/es\/wp-json\/wp\/v2\/tags?post=34906"}],"curies":[{"name":"wp","href":"https:\/\/api.w.org\/{rel}","templated":true}]}}