{"id":34794,"date":"2021-05-09T13:02:33","date_gmt":"2021-05-09T13:02:33","guid":{"rendered":"http:\/\/enolife.com.ar\/es\/?p=34794"},"modified":"2021-05-09T15:51:40","modified_gmt":"2021-05-09T15:51:40","slug":"con-22-millones-de-quintales-de-uva-cosechados-al-2-5-la-vendimia-2021-ya-supero-en-un-7-a-la-2020","status":"publish","type":"post","link":"https:\/\/enolife.com.ar\/es\/con-22-millones-de-quintales-de-uva-cosechados-al-2-5-la-vendimia-2021-ya-supero-en-un-7-a-la-2020\/","title":{"rendered":"Con 22 millones de quintales de uva cosechados al 2\/5, la vendimia 2021 ya supera un 7% a la 2020"},"content":{"rendered":"\n<h4 class=\"wp-block-heading\"><em><strong>Luego de 22 semanas de recolecci\u00f3n, y a falta de unos 20 d\u00edas para el final de la campa\u00f1a en las 15 provincias vitivin\u00edcolas argentinas relevadas, el total cosechado tambi\u00e9n excede la estimaci\u00f3n previa de 19,3 millones de quintales. Este aumento no previsto fue causado principalmente por las intensas lluvias posteriores a la realizaci\u00f3n del pron\u00f3stico, que aceleraron la maduraci\u00f3n y dieron m\u00e1s peso a los racimos, sobre todo de las uvas tintas. A continuaci\u00f3n, los cuadros con las cifras completas a la fecha, divulgados el 4\/5 por el Laboratorio Estad\u00edstico del Instituto Nacional de Vitivinicultura (INV).<\/strong><\/em><\/h4>\n\n\n\n<div style=\"height:29px\" aria-hidden=\"true\" class=\"wp-block-spacer\"><\/div>\n\n\n\n\n\n<div style=\"height:45px\" aria-hidden=\"true\" class=\"wp-block-spacer\"><\/div>\n\n\n\n<p class=\"has-text-align-center has-medium-font-size\"><strong>Totales acumulados a la semana 22, hasta el 2\/5\/2021<\/strong><\/p>\n\n\n\n<p class=\"has-background has-text-align-center has-very-light-gray-background-color\"><strong>Uva, vino y mosto descubado<\/strong><\/p>\n\n\n\n<div style=\"height:20px\" aria-hidden=\"true\" class=\"wp-block-spacer\"><\/div>\n\n\n\n<div class=\"wp-block-image\"><figure class=\"aligncenter is-resized\"><img loading=\"lazy\" decoding=\"async\" src=\"https:\/\/enolife.com.ar\/es\/wp-content\/uploads\/2021\/05\/semana-22-2.jpg\" alt=\"\" class=\"wp-image-35021\" width=\"758\" height=\"672\"\/><\/figure><\/div>\n\n\n\n<div style=\"height:38px\" aria-hidden=\"true\" class=\"wp-block-spacer\"><\/div>\n\n\n\n<p class=\"has-background has-text-align-center has-very-light-gray-background-color\"><strong>Comparativo kilogramos de uva 2011\/2021, acumulado al 2\/5\/21<\/strong><\/p>\n\n\n\n<div style=\"height:20px\" aria-hidden=\"true\" class=\"wp-block-spacer\"><\/div>\n\n\n\n<div class=\"wp-block-image\"><figure class=\"aligncenter is-resized\"><img loading=\"lazy\" decoding=\"async\" src=\"https:\/\/enolife.com.ar\/es\/wp-content\/uploads\/2021\/05\/semana-22-1-1024x528.jpg\" alt=\"\" class=\"wp-image-35020\" width=\"826\" height=\"426\"\/><\/figure><\/div>\n\n\n\n<div style=\"height:20px\" aria-hidden=\"true\" class=\"wp-block-spacer\"><\/div>\n\n\n\n<p class=\"has-background has-text-align-center has-very-light-gray-background-color\"><strong>Kilogramos de uvas varietales elaborados. Totales por provincia acumulados al 2\/5\/21<\/strong><\/p>\n\n\n\n<div style=\"height:20px\" aria-hidden=\"true\" class=\"wp-block-spacer\"><\/div>\n\n\n\n<div class=\"wp-block-image\"><figure class=\"aligncenter is-resized\"><img loading=\"lazy\" decoding=\"async\" src=\"https:\/\/enolife.com.ar\/es\/wp-content\/uploads\/2021\/05\/semana-22-3.jpg\" alt=\"\" width=\"356\" height=\"605\"\/><\/figure><\/div>\n\n\n\n<div style=\"height:37px\" aria-hidden=\"true\" class=\"wp-block-spacer\"><\/div>\n","protected":false},"excerpt":{"rendered":"<p>Luego de 22 semanas de recolecci\u00f3n, y a falta de unos 20 d\u00edas para el&hellip;<\/p>\n","protected":false},"author":3,"featured_media":34818,"comment_status":"open","ping_status":"open","sticky":false,"template":"","format":"standard","meta":{"footnotes":""},"categories":[5],"tags":[],"class_list":["post-34794","post","type-post","status-publish","format-standard","has-post-thumbnail","hentry","category-fincas"],"_links":{"self":[{"href":"https:\/\/enolife.com.ar\/es\/wp-json\/wp\/v2\/posts\/34794","targetHints":{"allow":["GET"]}}],"collection":[{"href":"https:\/\/enolife.com.ar\/es\/wp-json\/wp\/v2\/posts"}],"about":[{"href":"https:\/\/enolife.com.ar\/es\/wp-json\/wp\/v2\/types\/post"}],"author":[{"embeddable":true,"href":"https:\/\/enolife.com.ar\/es\/wp-json\/wp\/v2\/users\/3"}],"replies":[{"embeddable":true,"href":"https:\/\/enolife.com.ar\/es\/wp-json\/wp\/v2\/comments?post=34794"}],"version-history":[{"count":0,"href":"https:\/\/enolife.com.ar\/es\/wp-json\/wp\/v2\/posts\/34794\/revisions"}],"wp:featuredmedia":[{"embeddable":true,"href":"https:\/\/enolife.com.ar\/es\/wp-json\/wp\/v2\/media\/34818"}],"wp:attachment":[{"href":"https:\/\/enolife.com.ar\/es\/wp-json\/wp\/v2\/media?parent=34794"}],"wp:term":[{"taxonomy":"category","embeddable":true,"href":"https:\/\/enolife.com.ar\/es\/wp-json\/wp\/v2\/categories?post=34794"},{"taxonomy":"post_tag","embeddable":true,"href":"https:\/\/enolife.com.ar\/es\/wp-json\/wp\/v2\/tags?post=34794"}],"curies":[{"name":"wp","href":"https:\/\/api.w.org\/{rel}","templated":true}]}}