{"id":34693,"date":"2021-04-28T01:40:32","date_gmt":"2021-04-28T01:40:32","guid":{"rendered":"http:\/\/enolife.com.ar\/es\/?p=34693"},"modified":"2021-05-09T12:57:39","modified_gmt":"2021-05-09T12:57:39","slug":"en-21-semanas-de-vendimia-en-mendoza-ya-se-cosecharon-100-m-de-kilos-mas-que-en-todo-2020","status":"publish","type":"post","link":"https:\/\/enolife.com.ar\/es\/en-21-semanas-de-vendimia-en-mendoza-ya-se-cosecharon-100-m-de-kilos-mas-que-en-todo-2020\/","title":{"rendered":"En 21 semanas de vendimia, en Mendoza ya se cosecharon 100 M de kilos m\u00e1s que en todo 2020"},"content":{"rendered":"\n<h4 class=\"wp-block-heading\"><em><strong>Seg\u00fan los datos difundidos hoy por el Instituto Nacional de Vitivinicultura (INV), a falta de 3 o 4 semanas para el final de la cosecha 2021, ya se super\u00f3 la estimaci\u00f3n previa de 19,3 millones de quintales por casi el 13%, lo cual, sumado a la calidad de las uvas superior a la media, constituye una buena noticia para la industria. Sin embargo, la cantidad de kilos recolectados est\u00e1 por debajo del promedio hist\u00f3rico. Del total de 21,8 millones de quintales a la fecha en todo el pa\u00eds, 15,4 millones de quintales corresponden a Mendoza. A continuaci\u00f3n, la estad\u00edstica completa. <\/strong><\/em>  <\/h4>\n\n\n\n<div style=\"height:39px\" aria-hidden=\"true\" class=\"wp-block-spacer\"><\/div>\n\n\n<a href=\"https:\/\/www.instagram.com\/agroconciencia_\" aria-label=\"BANNER AGROCONCIENCIA 400X400\"><img loading=\"lazy\" decoding=\"async\" src=\"https:\/\/enolife.com.ar\/es\/wp-content\/uploads\/2020\/06\/BANNER-AGROCONCIENCIA-400X400-1.jpg\" alt=\"\"  srcset=\"https:\/\/enolife.com.ar\/es\/wp-content\/uploads\/2020\/06\/BANNER-AGROCONCIENCIA-400X400-1.jpg 400w, https:\/\/enolife.com.ar\/es\/wp-content\/uploads\/2020\/06\/BANNER-AGROCONCIENCIA-400X400-1-300x300.jpg 300w, https:\/\/enolife.com.ar\/es\/wp-content\/uploads\/2020\/06\/BANNER-AGROCONCIENCIA-400X400-1-150x150.jpg 150w\" sizes=\"auto, (max-width: 400px) 100vw, 400px\" width=\"400\" height=\"400\"   \/><\/a>\n\n\n<div style=\"height:66px\" aria-hidden=\"true\" class=\"wp-block-spacer\"><\/div>\n\n\n\n<p class=\"has-text-align-center has-medium-font-size\"><strong>Totales acumulados a la semana 21, hasta el 25\/4\/2021<\/strong><\/p>\n\n\n\n<div style=\"height:20px\" aria-hidden=\"true\" class=\"wp-block-spacer\"><\/div>\n\n\n\n<p class=\"has-background has-text-align-center has-medium-font-size has-very-light-gray-background-color\"><strong>Uva, vino y mosto descubado<\/strong><\/p>\n\n\n\n<div style=\"height:20px\" aria-hidden=\"true\" class=\"wp-block-spacer\"><\/div>\n\n\n\n<div class=\"wp-block-image\"><figure class=\"aligncenter size-large is-resized\"><img loading=\"lazy\" decoding=\"async\" src=\"https:\/\/enolife.com.ar\/es\/wp-content\/uploads\/2021\/04\/inv-2-5.jpg\" alt=\"\" class=\"wp-image-34695\" width=\"728\" height=\"645\" srcset=\"https:\/\/enolife.com.ar\/es\/wp-content\/uploads\/2021\/04\/inv-2-5.jpg 812w, https:\/\/enolife.com.ar\/es\/wp-content\/uploads\/2021\/04\/inv-2-5-300x266.jpg 300w, https:\/\/enolife.com.ar\/es\/wp-content\/uploads\/2021\/04\/inv-2-5-768x681.jpg 768w, https:\/\/enolife.com.ar\/es\/wp-content\/uploads\/2021\/04\/inv-2-5-585x519.jpg 585w\" sizes=\"auto, (max-width: 728px) 100vw, 728px\" \/><\/figure><\/div>\n\n\n\n<div style=\"height:20px\" aria-hidden=\"true\" class=\"wp-block-spacer\"><\/div>\n\n\n\n<p class=\"has-background has-text-align-center has-medium-font-size has-very-light-gray-background-color\"><strong>Comparativo kilogramos de uva 2011\/2021, acumulado al 25\/4\/21<\/strong><\/p>\n\n\n\n<div style=\"height:20px\" aria-hidden=\"true\" class=\"wp-block-spacer\"><\/div>\n\n\n\n<div class=\"wp-block-image\"><figure class=\"aligncenter size-large is-resized\"><img loading=\"lazy\" decoding=\"async\" src=\"https:\/\/enolife.com.ar\/es\/wp-content\/uploads\/2021\/04\/inv-1-5-1024x526.jpg\" alt=\"\" class=\"wp-image-34694\" width=\"1037\" height=\"532\" srcset=\"https:\/\/enolife.com.ar\/es\/wp-content\/uploads\/2021\/04\/inv-1-5-1024x526.jpg 1024w, https:\/\/enolife.com.ar\/es\/wp-content\/uploads\/2021\/04\/inv-1-5-300x154.jpg 300w, https:\/\/enolife.com.ar\/es\/wp-content\/uploads\/2021\/04\/inv-1-5-768x395.jpg 768w, https:\/\/enolife.com.ar\/es\/wp-content\/uploads\/2021\/04\/inv-1-5-1170x601.jpg 1170w, https:\/\/enolife.com.ar\/es\/wp-content\/uploads\/2021\/04\/inv-1-5-585x301.jpg 585w, https:\/\/enolife.com.ar\/es\/wp-content\/uploads\/2021\/04\/inv-1-5.jpg 1280w\" sizes=\"auto, (max-width: 1037px) 100vw, 1037px\" \/><\/figure><\/div>\n\n\n\n<div style=\"height:20px\" aria-hidden=\"true\" class=\"wp-block-spacer\"><\/div>\n\n\n\n<p class=\"has-background has-text-align-center has-medium-font-size has-very-light-gray-background-color\"><strong>Kilogramos de uvas varietales elaborados. Totales por provincia acumulados al 25\/4\/21<\/strong><\/p>\n\n\n\n<div style=\"height:20px\" aria-hidden=\"true\" class=\"wp-block-spacer\"><\/div>\n\n\n\n<div class=\"wp-block-image\"><figure class=\"aligncenter size-large is-resized\"><img loading=\"lazy\" decoding=\"async\" src=\"https:\/\/enolife.com.ar\/es\/wp-content\/uploads\/2021\/04\/inv-3-6.jpg\" alt=\"\" class=\"wp-image-34696\" width=\"340\" height=\"561\" srcset=\"https:\/\/enolife.com.ar\/es\/wp-content\/uploads\/2021\/04\/inv-3-6.jpg 362w, https:\/\/enolife.com.ar\/es\/wp-content\/uploads\/2021\/04\/inv-3-6-182x300.jpg 182w\" sizes=\"auto, (max-width: 340px) 100vw, 340px\" \/><\/figure><\/div>\n\n\n\n<div style=\"height:20px\" aria-hidden=\"true\" class=\"wp-block-spacer\"><\/div>\n","protected":false},"excerpt":{"rendered":"<p>Seg\u00fan los datos difundidos hoy por el Instituto Nacional de Vitivinicultura (INV), a falta de&hellip;<\/p>\n","protected":false},"author":3,"featured_media":34706,"comment_status":"open","ping_status":"open","sticky":false,"template":"","format":"standard","meta":{"footnotes":""},"categories":[5],"tags":[],"class_list":["post-34693","post","type-post","status-publish","format-standard","has-post-thumbnail","hentry","category-fincas"],"_links":{"self":[{"href":"https:\/\/enolife.com.ar\/es\/wp-json\/wp\/v2\/posts\/34693","targetHints":{"allow":["GET"]}}],"collection":[{"href":"https:\/\/enolife.com.ar\/es\/wp-json\/wp\/v2\/posts"}],"about":[{"href":"https:\/\/enolife.com.ar\/es\/wp-json\/wp\/v2\/types\/post"}],"author":[{"embeddable":true,"href":"https:\/\/enolife.com.ar\/es\/wp-json\/wp\/v2\/users\/3"}],"replies":[{"embeddable":true,"href":"https:\/\/enolife.com.ar\/es\/wp-json\/wp\/v2\/comments?post=34693"}],"version-history":[{"count":0,"href":"https:\/\/enolife.com.ar\/es\/wp-json\/wp\/v2\/posts\/34693\/revisions"}],"wp:featuredmedia":[{"embeddable":true,"href":"https:\/\/enolife.com.ar\/es\/wp-json\/wp\/v2\/media\/34706"}],"wp:attachment":[{"href":"https:\/\/enolife.com.ar\/es\/wp-json\/wp\/v2\/media?parent=34693"}],"wp:term":[{"taxonomy":"category","embeddable":true,"href":"https:\/\/enolife.com.ar\/es\/wp-json\/wp\/v2\/categories?post=34693"},{"taxonomy":"post_tag","embeddable":true,"href":"https:\/\/enolife.com.ar\/es\/wp-json\/wp\/v2\/tags?post=34693"}],"curies":[{"name":"wp","href":"https:\/\/api.w.org\/{rel}","templated":true}]}}