{"id":34672,"date":"2021-04-27T20:45:36","date_gmt":"2021-04-27T20:45:36","guid":{"rendered":"http:\/\/enolife.com.ar\/es\/?p=34672"},"modified":"2021-05-09T12:49:32","modified_gmt":"2021-05-09T12:49:32","slug":"trabajadores-de-vinas-y-bodegas-arreglaron-una-suba-salarial-del-57-y-22-para-el-tacho-de-uva","status":"publish","type":"post","link":"https:\/\/enolife.com.ar\/es\/trabajadores-de-vinas-y-bodegas-arreglaron-una-suba-salarial-del-57-y-22-para-el-tacho-de-uva\/","title":{"rendered":"Trabajadores de vi\u00f1as y bodegas arreglaron una suba salarial del 57% y $22 para el tacho de uva"},"content":{"rendered":"\n<h4 class=\"wp-block-heading\"><em><strong>Tras una negociaci\u00f3n de casi tres meses en paritarias, con un paro de actividades de fuerte acatamiento en el medio los d\u00edas 30 y 31\/3, y duros encontronazos entre la parte patronal y los gremialistas de la Federaci\u00f3n de Obreros y Empleados Vitivin\u00edcolas de Argentina (Foeva) en los \u00faltimos d\u00edas, finalmente ayer ambos sectores acordaron un aumento del 47% remunerativo m\u00e1s un 10% no remunerativo, escalonado desde ahora hasta febrero de 2022.<\/strong><\/em><\/h4>\n\n\n\n<div style=\"height:27px\" aria-hidden=\"true\" class=\"wp-block-spacer\"><\/div>\n\n\n\n\n\n<div style=\"height:56px\" aria-hidden=\"true\" class=\"wp-block-spacer\"><\/div>\n\n\n\n<p>La historia comenz\u00f3 en febrero, cuando los representantes de las bodegas y c\u00e1maras empresarias se sentaron a negociar con los gremialistas de la <strong>Federaci\u00f3n de Obreros y Empleados Vitivin\u00edcolas (Foeva)<\/strong>, quienes representan a unos<strong> 37.000 empleados del sector en todo el pa\u00eds<\/strong> (un 70% en Mendoza).<\/p>\n\n\n\n<p>En los primeros escarceos, los sindicalistas pidieron un 100% de aumento y los bodegueros ofertaron un 33%. Despu\u00e9s de varias reuniones, apenas si acercaron posiciones: 90% de pretensi\u00f3n salarial y 40% de oferta patronal. All\u00ed la cosa se tens\u00f3 y las reuniones terminaron con un portazo y un llamado a un paro en fincas y bodegas, los d\u00edas 30 y 31 de marzo. La movilizaci\u00f3n incluy\u00f3 una nutrida concentraci\u00f3n en el nudo vial, con marcha a casa de Gobierno y, lo m\u00e1s r\u00edspido, bloqueos frente a los ingresos a varias bodegas del Gran Mendoza, la zona Este y San Rafael para impedir el ingreso de camiones cargados con uva. <\/p>\n\n\n\n<p>En pleno paro, el ministerio de Trabajo llam\u00f3 a conciliaci\u00f3n obligatoria, la que fue acatada s\u00f3lo despu\u00e9s de la medida de fuerza. Hubo tres reuniones m\u00e1s y finalmente ayer, en un final inesperado por lo r\u00e1pido del tr\u00e1mite y el importante porcentaje de aumento logrado por los trabajadores, el acuerdo se cerr\u00f3 con <strong>un aumento del 47% remunerativo y 10% no remunerativo, m\u00e1s otros aportes de sumas fijas.<\/strong> En total, seg\u00fan c\u00e1lculos coincidentes, el aumento redondea entre el 57 y el 60% al cabo del per\u00edodo considerado para el aumento, en febrero de 2021.<\/p>\n\n\n\n<p>El detalle completo del escalaf\u00f3n salarial se conocer\u00e1 en las pr\u00f3ximas horas, luego de la formalizaci\u00f3n del acuerdo en el Ministerio de Trabajo durante la jornada de hoy martes 27\/4. Pero seg\u00fan lo informado por el secretario de Prensa, Difusi\u00f3n y Cultura de Foeva, <strong>Miguel Rubio<\/strong>, en el primer tramo hasta el mes de julio, los trabajadores recibir\u00e1n un incremento del 26%&nbsp;(un 13% remunerativo + un 13% no remunerativo); desde agosto, el valor remunerativo ser\u00e1 equivalente al 14% y el importe adicional del 12%. Desde enero de 2022, los trabajadores recibir\u00e1n un aumento del 10% y un valor remunerativo de 10% adicional en el mes de febrero 2022.<\/p>\n\n\n\n<p>Al 47% remunerativo en el salario, se sumar\u00e1 <strong>un bono extraordinario que se cobrar\u00e1 con el sueldo de noviembre, de $8.000<\/strong>;<strong>&nbsp;<\/strong>adem\u00e1s, habr\u00e1 un incremento del aporte que las bodegas pagan a las obras sociales, de <strong>$400<\/strong> al mes por cada empleado de bodegas y de <strong>$350<\/strong> por cada trabajador vi\u00f1a.<\/p>\n\n\n\n<p>Por otra parte, en respuesta a otra de las demandas de los trabajadores, las bodegas fijaron un<strong> v<\/strong>alor del tacho de uva en <strong>$22&nbsp;<\/strong>para todo \u00edtem, monto que se cobrar\u00e1 durante y despu\u00e9s de la presente cosecha con la liquidaci\u00f3n de los pagos por el trabajo en vendimia.<\/p>\n\n\n\n<div style=\"height:32px\" aria-hidden=\"true\" class=\"wp-block-spacer\"><\/div>\n","protected":false},"excerpt":{"rendered":"<p>Tras una negociaci\u00f3n de casi tres meses en paritarias, con un paro de actividades de&hellip;<\/p>\n","protected":false},"author":3,"featured_media":34686,"comment_status":"open","ping_status":"open","sticky":false,"template":"","format":"standard","meta":{"footnotes":""},"categories":[14],"tags":[],"class_list":["post-34672","post","type-post","status-publish","format-standard","has-post-thumbnail","hentry","category-news"],"_links":{"self":[{"href":"https:\/\/enolife.com.ar\/es\/wp-json\/wp\/v2\/posts\/34672","targetHints":{"allow":["GET"]}}],"collection":[{"href":"https:\/\/enolife.com.ar\/es\/wp-json\/wp\/v2\/posts"}],"about":[{"href":"https:\/\/enolife.com.ar\/es\/wp-json\/wp\/v2\/types\/post"}],"author":[{"embeddable":true,"href":"https:\/\/enolife.com.ar\/es\/wp-json\/wp\/v2\/users\/3"}],"replies":[{"embeddable":true,"href":"https:\/\/enolife.com.ar\/es\/wp-json\/wp\/v2\/comments?post=34672"}],"version-history":[{"count":0,"href":"https:\/\/enolife.com.ar\/es\/wp-json\/wp\/v2\/posts\/34672\/revisions"}],"wp:featuredmedia":[{"embeddable":true,"href":"https:\/\/enolife.com.ar\/es\/wp-json\/wp\/v2\/media\/34686"}],"wp:attachment":[{"href":"https:\/\/enolife.com.ar\/es\/wp-json\/wp\/v2\/media?parent=34672"}],"wp:term":[{"taxonomy":"category","embeddable":true,"href":"https:\/\/enolife.com.ar\/es\/wp-json\/wp\/v2\/categories?post=34672"},{"taxonomy":"post_tag","embeddable":true,"href":"https:\/\/enolife.com.ar\/es\/wp-json\/wp\/v2\/tags?post=34672"}],"curies":[{"name":"wp","href":"https:\/\/api.w.org\/{rel}","templated":true}]}}