{"id":34612,"date":"2021-04-28T15:31:56","date_gmt":"2021-04-28T15:31:56","guid":{"rendered":"http:\/\/enolife.com.ar\/es\/?p=34612"},"modified":"2021-05-09T15:00:32","modified_gmt":"2021-05-09T15:00:32","slug":"el-museo-de-la-vid-y-el-vino-de-cafayate-recibio-450-000-visitantes-en-sus-10-anos-de-vida","status":"publish","type":"post","link":"https:\/\/enolife.com.ar\/es\/el-museo-de-la-vid-y-el-vino-de-cafayate-recibio-450-000-visitantes-en-sus-10-anos-de-vida\/","title":{"rendered":"El Museo de la Vid y el Vino de Cafayate recibi\u00f3 450.000 visitantes en sus 10 a\u00f1os de vida"},"content":{"rendered":"\n<h4 class=\"wp-block-heading\"><em><strong>Al noroeste de la provincia argentina de Salta, en la localidad de Cafayate, se encuentra uno de los museos m\u00e1s j\u00f3venes de la regi\u00f3n: el Museo de la Vid y el Vino, que otorga a los Valles Calchaqu\u00edes un atractivo tur\u00edstico de primer nivel, integrado al circuito de la Ruta del Vino. Propone una muestra din\u00e1mica e interactiva sobre la historia y caracter\u00edsticas de los vi\u00f1edos en los Valles Calchaqu\u00edes y sus vinos de altura.&nbsp;Se trata de un espacio vivo, entretenido, pleno de est\u00edmulos visuales y sonoros, que contribuye al crecimiento cultural de visitantes de todas las edades. Dirigido por Adriana Rodr\u00edguez Balut, el 11 de marzo de 2021 cumpli\u00f3 10 a\u00f1os, durante los cuales fue visitado por casi medio mill\u00f3n de turistas locales, argentinos y extranjeros.<\/strong><\/em><\/h4>\n\n\n\n<div style=\"height:20px\" aria-hidden=\"true\" class=\"wp-block-spacer\"><\/div>\n\n\n\n\n\n<div style=\"height:51px\" aria-hidden=\"true\" class=\"wp-block-spacer\"><\/div>\n\n\n\n<p>El <strong>Museo de la Vid y el Vino<\/strong> se encuentra al noroeste de <strong>Salta<\/strong>, en la pintoresca ciudad de <strong>Cafayate<\/strong>, m\u00e1s precisamente en el predio del antiguo museo conocido con el nombre de \u00ab<strong>La Bodega Encantada<\/strong>\u00ab. Este sitio fue adaptado a las nuevas necesidades durante cuatro a\u00f1os, por un equipo interdisciplinario dirigido por <strong>H\u00e9ctor Berra<\/strong> y <strong>Gustavo Borlasca<\/strong>.<\/p>\n\n\n\n<p>El paseo incluye efectos esc\u00e9nicos, lum\u00ednicos, programas multimedia y presentaciones audiovisuales. En el recorrido se expresan los diversos contrapuntos entre la tradici\u00f3n y la tecnolog\u00eda, la poes\u00eda y el trabajo, la naturaleza y el hombre, los secretos ancestrales de la tierra y los procesos industriales actuales.<\/p>\n\n\n\n<div style=\"height:20px\" aria-hidden=\"true\" class=\"wp-block-spacer\"><\/div>\n\n\n\n<div class=\"wp-block-image\"><figure class=\"aligncenter size-large\"><img loading=\"lazy\" decoding=\"async\" width=\"550\" height=\"273\" src=\"https:\/\/enolife.com.ar\/es\/wp-content\/uploads\/2021\/04\/img-20180922-105751-largejpg.jpg\" alt=\"\" class=\"wp-image-34721\" srcset=\"https:\/\/enolife.com.ar\/es\/wp-content\/uploads\/2021\/04\/img-20180922-105751-largejpg.jpg 550w, https:\/\/enolife.com.ar\/es\/wp-content\/uploads\/2021\/04\/img-20180922-105751-largejpg-300x149.jpg 300w\" sizes=\"auto, (max-width: 550px) 100vw, 550px\" \/><figcaption><strong>Parte interior del Museo <\/strong><\/figcaption><\/figure><\/div>\n\n\n\n<div style=\"height:20px\" aria-hidden=\"true\" class=\"wp-block-spacer\"><\/div>\n\n\n\n<p>La directora del Museo, <strong>Adriana Rodr\u00edguez Balut<\/strong>, cuenta orgullosa a <strong>Enolife<\/strong>: \u00abDesde que abrimos en 2011 hasta ahora, creci\u00f3 un 160% la concurrencia del p\u00fablico a actividades culturales\u00bb. Y contin\u00faa: \u00abHemos recibido muchas visitas de artistas, por ejemplo cuando se film\u00f3 la pel\u00edcula &#8216;Relatos Salvajes&#8217;, que utiliz\u00f3 como escenario a paisajes de Salta, la conferencia de prensa se hizo en nuestro Museo, con <strong>Leonardo Sbaraglia<\/strong> y todo el elenco; tambi\u00e9n, entre otros famosos, vino <strong>Sergio Goycochea<\/strong> para hacer una nota en su programa &#8216;Resto del Mundo'\u00bb.<\/p>\n\n\n\n<p>\u00abY hemos tenido el gran honor de tener a nuestro coterr\u00e1neo <strong>C\u00e9sar Isella<\/strong> (recientemente fallecido), cantando en vivo en el museo, en un espect\u00e1culo gratuito para toda la comunidad, celebrando sus 55 a\u00f1os de vida art\u00edstica\u00bb, concluy\u00f3 Rodr\u00edguez Balut.<\/p>\n\n\n\n<p>El Museo posee dos salas en donde se puede apreciar, por un lado, algo de lo que fue el antiguo lugar, y por el otro la modernidad del nuevo edificio. En cada sala se desarrollan dos ejes tem\u00e1ticos que acompa\u00f1an al p\u00fablico para que conozca la historia y los procesos.&nbsp;<\/p>\n\n\n\n<div style=\"height:20px\" aria-hidden=\"true\" class=\"wp-block-spacer\"><\/div>\n\n\n\n<p class=\"has-medium-font-size\"><strong>Sala 1: Memoria de la Vid<\/strong><\/p>\n\n\n\n<p>El nombre hace referencia de manera po\u00e9tica a la idea de que el vino conserva en su \u00abmemoria\u00bb el registro de la tierra, el agua y el sol; elementos que son responsables de la fecundaci\u00f3n de la vid, su alimentaci\u00f3n y maduraci\u00f3n para la posterior cosecha.&nbsp;<\/p>\n\n\n\n<p>El visitante camina por pasarelas en donde puede ver im\u00e1genes de Cafayate, sus paisajes y sus vi\u00f1as.<\/p>\n\n\n\n<p>El recorrido se inicia mirando el firmamento, en las claras noches de Cafayate. La escena se refuerza con la inclusi\u00f3n de un po\u00e9tico texto sobre un concierto de grillos y ranas, cantando sobre el ruido del r\u00edo entre las piedras bajo la sombra de un algarrobo.<\/p>\n\n\n\n<p>Luego continua y el visitante es invitado a conocer y valorar el elemento que le da sustento a las vi\u00f1as: la tierra pedregosa pero fecunda de los Valles Calchaqu\u00edes.&nbsp;<\/p>\n\n\n\n<div style=\"height:20px\" aria-hidden=\"true\" class=\"wp-block-spacer\"><\/div>\n\n\n\n<figure class=\"wp-block-embed-youtube aligncenter wp-block-embed is-type-video is-provider-youtube wp-embed-aspect-16-9 wp-has-aspect-ratio\"><div class=\"wp-block-embed__wrapper\">\n<iframe loading=\"lazy\" title=\"Museo de la Vid y el Vino -Guiado virtual sala 1\" width=\"1170\" height=\"658\" src=\"https:\/\/www.youtube.com\/embed\/Se0dDjMdp9A?feature=oembed\" frameborder=\"0\" allow=\"accelerometer; autoplay; clipboard-write; encrypted-media; gyroscope; picture-in-picture\" allowfullscreen><\/iframe>\n<\/div><\/figure>\n\n\n\n<div style=\"height:20px\" aria-hidden=\"true\" class=\"wp-block-spacer\"><\/div>\n\n\n\n<p>Al seguir avanzando, la rampa alcanza su m\u00e1xima altura. Desde all\u00ed se observa Cafayate en forma de maqueta. Gracias a un efecto lum\u00ednico, los visitantes podr\u00e1n ver una recreaci\u00f3n esc\u00e9nica de 24 horas en Cafayate.&nbsp;<\/p>\n\n\n\n<p>Una vez que se conoce a la localidad desde la altura, la pasarela conduce a un mirador al cielo. All\u00ed puede observarse la sucesi\u00f3n de d\u00edas y noches a lo largo de un a\u00f1o y la cantidad de jornadas soleadas que se suceden en Cafayate.<\/p>\n\n\n\n<p>Para completar la experiencia, el camino que se recorre es un curso de agua proyectado que se complementa con im\u00e1genes que muestran el poder del agua creando vida y obteniendo frutos de la tierra. Luego, la pasarela atraviesa una instalaci\u00f3n esc\u00e9nica audiovisual que recrea un vi\u00f1edo, la misma es un t\u00fanel de im\u00e1genes compuesto por una combinaci\u00f3n de elementos escenogr\u00e1ficos y escenas especialmente filmadas con la t\u00e9cnica Omnivision 360 \u00b0.&nbsp;<\/p>\n\n\n\n<p>El fin del recorrido, las uvas cuentan po\u00e9ticamente su relaci\u00f3n con esta regi\u00f3n y su historia de amor con la tierra, el agua y el sol de Cafayate.<\/p>\n\n\n\n<div style=\"height:20px\" aria-hidden=\"true\" class=\"wp-block-spacer\"><\/div>\n\n\n\n<p class=\"has-medium-font-size\"><strong>Sala 2: Memoria del vino&nbsp;<\/strong><\/p>\n\n\n\n<p>Este es el espacio que antiguamente ocupaba la Bodega Encantada. En esta sala se encuentran el pasado, el presente y el futuro del vino de los Valles Calchaqu\u00edes.<\/p>\n\n\n\n<p>Para hacer esta estructura, se respet\u00f3 la arquitectura anterior de la antigua bodega, poniendo en valor sus antiguos materiales y revestimientos.&nbsp;<\/p>\n\n\n\n<p>A medida que se avanza, el visitante se encuentra con un pintoresco personaje de 25 cent\u00edmetros de alto, que aparece en distintos puntos del recorrido. Cuando las personas se detienen delante de \u00e9l, este personaje virtual les informa sobre algunos temas y pone en valor elementos exhibidos.<\/p>\n\n\n\n<div style=\"height:20px\" aria-hidden=\"true\" class=\"wp-block-spacer\"><\/div>\n\n\n\n<figure class=\"wp-block-embed-youtube aligncenter wp-block-embed is-type-video is-provider-youtube wp-embed-aspect-16-9 wp-has-aspect-ratio\"><div class=\"wp-block-embed__wrapper\">\n<iframe loading=\"lazy\" title=\"Museo de la Vid y el Vino - Guiado virtual sala 2\" width=\"1170\" height=\"658\" src=\"https:\/\/www.youtube.com\/embed\/5tVM-_aq-Rs?feature=oembed\" frameborder=\"0\" allow=\"accelerometer; autoplay; clipboard-write; encrypted-media; gyroscope; picture-in-picture\" allowfullscreen><\/iframe>\n<\/div><\/figure>\n\n\n\n<div style=\"height:20px\" aria-hidden=\"true\" class=\"wp-block-spacer\"><\/div>\n\n\n\n<p>A&nbsp; trav\u00e9s de una docena de \u00abCubos de Interpretaci\u00f3n Hist\u00f3rica\u00bb se cuenta la historia de la vitivinicultura en los Valles Calchaqu\u00edes, y el trabajo del hombre a trav\u00e9s de los a\u00f1os. Cada uno de ellos&nbsp; encierra un cap\u00edtulo de esa historia.&nbsp;<\/p>\n\n\n\n<p>M\u00e1s adelante, una sucesi\u00f3n de maquetas que replican a escala los \u00e1mbitos e instalaciones donde se realizan los procesos de elaboraci\u00f3n del vino, ofrecen una experiencia din\u00e1mica: comprender los procesos modernos que se usan en la actualidad, en los Valles Calchaqu\u00edes para la elaboraci\u00f3n del vino.<\/p>\n\n\n\n<p>Luego aparece una creativa escenograf\u00eda audiovisual que combina toneles con videoproyecciones en el interior de esos toneles, que relata al visitante las caracter\u00edsticas de los m\u00e1s importantes varietales que se elaboran en la regi\u00f3n.<\/p>\n\n\n\n<div style=\"height:20px\" aria-hidden=\"true\" class=\"wp-block-spacer\"><\/div>\n\n\n\n<p class=\"has-background has-very-light-gray-background-color\"><strong>Horario de atenci\u00f3n del Museo de la Vid y el Vino a partir del 27\/4\/21<\/strong>: Martes a domingos, y feriados, de 9 a 18 hs.<br><strong>Redes:&nbsp;<a href=\"https:\/\/www.facebook.com\/Museo-de-la-Vid-y-el-Vino-153208668082795\/\">Facebook<\/a>&nbsp;\/&nbsp;<a href=\"https:\/\/twitter.com\/museodelavid\">Twitter<\/a>&nbsp;\/&nbsp;<a href=\"https:\/\/www.instagram.com\/museodelavidyelvino\/\">Instagram<\/a><\/strong><br><strong>Ahora&nbsp;<a rel=\"noreferrer noopener\" href=\"https:\/\/museosdesalta.com\/vino_cafayate\/\" target=\"_blank\">\u00a1Tambi\u00e9n pod\u00e9s visualizar el museo de manera online!<\/a><\/strong><\/p>\n\n\n\n<div style=\"height:20px\" aria-hidden=\"true\" class=\"wp-block-spacer\"><\/div>\n\n\n\n<p><\/p>\n","protected":false},"excerpt":{"rendered":"<p>Al noroeste de la provincia argentina de Salta, en la localidad de Cafayate, se encuentra&hellip;<\/p>\n","protected":false},"author":3,"featured_media":34623,"comment_status":"open","ping_status":"open","sticky":false,"template":"","format":"standard","meta":{"footnotes":""},"categories":[34],"tags":[],"class_list":["post-34612","post","type-post","status-publish","format-standard","has-post-thumbnail","hentry","category-cultura1"],"_links":{"self":[{"href":"https:\/\/enolife.com.ar\/es\/wp-json\/wp\/v2\/posts\/34612","targetHints":{"allow":["GET"]}}],"collection":[{"href":"https:\/\/enolife.com.ar\/es\/wp-json\/wp\/v2\/posts"}],"about":[{"href":"https:\/\/enolife.com.ar\/es\/wp-json\/wp\/v2\/types\/post"}],"author":[{"embeddable":true,"href":"https:\/\/enolife.com.ar\/es\/wp-json\/wp\/v2\/users\/3"}],"replies":[{"embeddable":true,"href":"https:\/\/enolife.com.ar\/es\/wp-json\/wp\/v2\/comments?post=34612"}],"version-history":[{"count":0,"href":"https:\/\/enolife.com.ar\/es\/wp-json\/wp\/v2\/posts\/34612\/revisions"}],"wp:featuredmedia":[{"embeddable":true,"href":"https:\/\/enolife.com.ar\/es\/wp-json\/wp\/v2\/media\/34623"}],"wp:attachment":[{"href":"https:\/\/enolife.com.ar\/es\/wp-json\/wp\/v2\/media?parent=34612"}],"wp:term":[{"taxonomy":"category","embeddable":true,"href":"https:\/\/enolife.com.ar\/es\/wp-json\/wp\/v2\/categories?post=34612"},{"taxonomy":"post_tag","embeddable":true,"href":"https:\/\/enolife.com.ar\/es\/wp-json\/wp\/v2\/tags?post=34612"}],"curies":[{"name":"wp","href":"https:\/\/api.w.org\/{rel}","templated":true}]}}