{"id":34487,"date":"2021-04-23T15:22:15","date_gmt":"2021-04-23T15:22:15","guid":{"rendered":"http:\/\/enolife.com.ar\/es\/?p=34487"},"modified":"2021-04-25T01:28:16","modified_gmt":"2021-04-25T01:28:16","slug":"con-3-523-ha-afectadas-san-juan-declaro-la-emergencia-agropecuaria-y-gestiona-ayuda-de-nacion","status":"publish","type":"post","link":"https:\/\/enolife.com.ar\/es\/con-3-523-ha-afectadas-san-juan-declaro-la-emergencia-agropecuaria-y-gestiona-ayuda-de-nacion\/","title":{"rendered":"Con 3.523 ha afectadas, San Juan declar\u00f3 la emergencia agropecuaria y gestiona ayuda de Naci\u00f3n"},"content":{"rendered":"\n<h4 class=\"wp-block-heading\"><em><strong>El gobierno sanjuanino present\u00f3 ante la Comisi\u00f3n Nacional de Emergencias y Desastres Agropecuarios (Cneyda) su declaraci\u00f3n del estado de Emergencia o Desastre para las explotaciones de diferentes productos agropecuarios, entre ellos la vid. Desde setiembre de 2020 a la fecha, los organismos del Estado sanjuanino recibieron 312 denuncias de graves da\u00f1os por heladas, granizo, crecidas de agua y precipitaciones ocurridos en 11 Departamentos, dando cuenta de 3.523 has afectadas.<\/strong><\/em><\/h4>\n\n\n\n<div style=\"height:22px\" aria-hidden=\"true\" class=\"wp-block-spacer\"><\/div>\n\n\n\n\n\n<div style=\"height:33px\" aria-hidden=\"true\" class=\"wp-block-spacer\"><\/div>\n\n\n\n<p>El Ministro de Producci\u00f3n y Desarrollo Econ\u00f3mico de San Juan, <strong>Andr\u00e9s D\u00edaz Cano<\/strong>, junto al secretario de Agricultura, Ganader\u00eda y Agroindustria de la provincia, <strong>Marcelo Balderramo<\/strong>, participaron de una reuni\u00f3n de la <strong>Comisi\u00f3n Nacional de Emergencias y Desastres Agropecuarios (Cneyda)<\/strong>, a la que se sumaron sus pares de Catamarca, R\u00edo Negro y Chaco. <\/p>\n\n\n\n<p>El encuentro tuvo como objetivo presentar ante las autoridades nacionales el decreto 358\/21 del gobierno de San Juan para la declaraci\u00f3n del estado de Emergencia o Desastre (seg\u00fan corresponda) para las explotaciones de vid, olivo, mel\u00f3n, sand\u00eda, zapallo, tomate, frutales, y hortalizas, \u00abpor inclemencias clim\u00e1ticas de heladas, granizo, crecidas y precipitaciones suscitadas en los departamentos de San Mart\u00edn, Sarmiento, 25 de Mayo, Albard\u00f3n, Angaco, Pocito, J\u00e1chal, Ullum, 9 de Julio, Caucete y Zonda\u00bb.<\/p>\n\n\n\n<p>Balderramo expuso un informe de la situaci\u00f3n, relatando que desde setiembre de 2020 al 22 de abril se recibieron 312 denuncias de da\u00f1os por los diversos fen\u00f3menos clim\u00e1ticos mencionados.<\/p>\n\n\n\n<div style=\"height:20px\" aria-hidden=\"true\" class=\"wp-block-spacer\"><\/div>\n\n\n\n<h4 class=\"has-vivid-red-color has-text-color wp-block-heading\">Las denuncias de los productores sanjuaninos dan cuenta de que <strong>3.523 hect\u00e1reas fueron afectadas<\/strong>, de las cuales 1.109 tienen un da\u00f1o superior al 50 % (740 ha tienen da\u00f1o entre el 50% y el 79%) y 369 ha tienen da\u00f1o superior al 80%).<\/h4>\n\n\n\n<div style=\"height:20px\" aria-hidden=\"true\" class=\"wp-block-spacer\"><\/div>\n\n\n\n<p>El pedido es para que esta declaraci\u00f3n tenga vigencia hasta 19 de abril 2022, seg\u00fan los alcances de lo establecido en la Ley Provincial N\u00b0 368-A, Ley Nacional N\u00b0 26.509-2009 y su Decreto Reglamentario N\u00b0 1712-2009.<\/p>\n\n\n\n<p>Al finalizar la reuni\u00f3n, se ley\u00f3 el dictamen en el que se resuelve la declaraci\u00f3n de emergencia y desastre agropecuario. En los pr\u00f3ximos d\u00edas, los funcionarios sanjuaninos informar\u00e1n sobre la posible transferencia de fondos a la provincia para cubrir las p\u00e9rdidas que dejaron los diferentes flagelos clim\u00e1ticos.<\/p>\n\n\n\n<div style=\"height:20px\" aria-hidden=\"true\" class=\"wp-block-spacer\"><\/div>\n\n\n\n<p class=\"has-small-font-size\"><em><strong>Fuente: Gobierno de San Juan<\/strong><\/em><\/p>\n\n\n\n<div style=\"height:28px\" aria-hidden=\"true\" class=\"wp-block-spacer\"><\/div>\n","protected":false},"excerpt":{"rendered":"<p>El gobierno sanjuanino present\u00f3 ante la Comisi\u00f3n Nacional de Emergencias y Desastres Agropecuarios (Cneyda) su&hellip;<\/p>\n","protected":false},"author":3,"featured_media":34497,"comment_status":"open","ping_status":"open","sticky":false,"template":"","format":"standard","meta":{"footnotes":""},"categories":[14],"tags":[],"class_list":["post-34487","post","type-post","status-publish","format-standard","has-post-thumbnail","hentry","category-news"],"_links":{"self":[{"href":"https:\/\/enolife.com.ar\/es\/wp-json\/wp\/v2\/posts\/34487","targetHints":{"allow":["GET"]}}],"collection":[{"href":"https:\/\/enolife.com.ar\/es\/wp-json\/wp\/v2\/posts"}],"about":[{"href":"https:\/\/enolife.com.ar\/es\/wp-json\/wp\/v2\/types\/post"}],"author":[{"embeddable":true,"href":"https:\/\/enolife.com.ar\/es\/wp-json\/wp\/v2\/users\/3"}],"replies":[{"embeddable":true,"href":"https:\/\/enolife.com.ar\/es\/wp-json\/wp\/v2\/comments?post=34487"}],"version-history":[{"count":0,"href":"https:\/\/enolife.com.ar\/es\/wp-json\/wp\/v2\/posts\/34487\/revisions"}],"wp:featuredmedia":[{"embeddable":true,"href":"https:\/\/enolife.com.ar\/es\/wp-json\/wp\/v2\/media\/34497"}],"wp:attachment":[{"href":"https:\/\/enolife.com.ar\/es\/wp-json\/wp\/v2\/media?parent=34487"}],"wp:term":[{"taxonomy":"category","embeddable":true,"href":"https:\/\/enolife.com.ar\/es\/wp-json\/wp\/v2\/categories?post=34487"},{"taxonomy":"post_tag","embeddable":true,"href":"https:\/\/enolife.com.ar\/es\/wp-json\/wp\/v2\/tags?post=34487"}],"curies":[{"name":"wp","href":"https:\/\/api.w.org\/{rel}","templated":true}]}}