{"id":34449,"date":"2021-04-23T15:23:23","date_gmt":"2021-04-23T15:23:23","guid":{"rendered":"http:\/\/enolife.com.ar\/es\/?p=34449"},"modified":"2021-04-27T15:38:53","modified_gmt":"2021-04-27T15:38:53","slug":"uso-de-duelas-y-fragmentos-de-roble-para-dar-notas-frutales-y-minerales-al-vino-en-un-webinar","status":"publish","type":"post","link":"https:\/\/enolife.com.ar\/es\/uso-de-duelas-y-fragmentos-de-roble-para-dar-notas-frutales-y-minerales-al-vino-en-un-webinar\/","title":{"rendered":"Uso de duelas y fragmentos de roble para dar notas frutales y minerales al vino, en un webinar"},"content":{"rendered":"\n<h4 class=\"wp-block-heading\"><em><strong>El 29\/4, de 12 a 14 hs, Infowine, la publicaci\u00f3n digital \u00edtalo-espa\u00f1ola especializada en enolog\u00eda, ofrecer\u00e1 el webinar de libre acceso \u00abEnolog\u00eda pr\u00e1ctica: 2 casos de estudio para un uso correcto de la madera\u00bb. El objetivo de la charla es mostrar aplicaciones que se le puedan dar a las duelas, bloques y\/o fragmentos de roble para vinos de crianza. El interlocutor ser\u00e1 el ingeniero agr\u00f3nomo y en\u00f3logo franc\u00e9s Dominique Delteil, quien se dedica desde hace 20 a\u00f1os a la investigaci\u00f3n y el desarrollo vitivin\u00edcola. Para participar, s\u00f3lo hay que inscribirse previamente.<\/strong><\/em><\/h4>\n\n\n\n<div style=\"height:20px\" aria-hidden=\"true\" class=\"wp-block-spacer\"><\/div>\n\n\n<a href=\"https:\/\/ar.verallia.com\/\" aria-label=\"VERALLIA 1700 x 500\"><img loading=\"lazy\" decoding=\"async\" src=\"https:\/\/enolife.com.ar\/es\/wp-content\/uploads\/2021\/04\/VERALLIA-1700-x-500.jpg\" alt=\"\"  srcset=\"https:\/\/enolife.com.ar\/es\/wp-content\/uploads\/2021\/04\/VERALLIA-1700-x-500.jpg 1700w, https:\/\/enolife.com.ar\/es\/wp-content\/uploads\/2021\/04\/VERALLIA-1700-x-500-300x88.jpg 300w, https:\/\/enolife.com.ar\/es\/wp-content\/uploads\/2021\/04\/VERALLIA-1700-x-500-1024x301.jpg 1024w, https:\/\/enolife.com.ar\/es\/wp-content\/uploads\/2021\/04\/VERALLIA-1700-x-500-768x226.jpg 768w, https:\/\/enolife.com.ar\/es\/wp-content\/uploads\/2021\/04\/VERALLIA-1700-x-500-1536x452.jpg 1536w, https:\/\/enolife.com.ar\/es\/wp-content\/uploads\/2021\/04\/VERALLIA-1700-x-500-1170x344.jpg 1170w, https:\/\/enolife.com.ar\/es\/wp-content\/uploads\/2021\/04\/VERALLIA-1700-x-500-585x172.jpg 585w\" sizes=\"auto, (max-width: 1700px) 100vw, 1700px\" width=\"1700\" height=\"500\"   \/><\/a>\n\n\n<div style=\"height:49px\" aria-hidden=\"true\" class=\"wp-block-spacer\"><\/div>\n\n\n\n<p>Duelas, bloques y fragmentos de roble se pueden utilizar con fines enol\u00f3gicos que no se suelen asociar con el envejecimiento en madera o con el uso de barricas para la crianza y fermentaci\u00f3n. En este webinar, el ingeniero agr\u00f3nomo y en\u00f3logo franc\u00e9s, Dominique Delteil mostrar\u00e1, a trav\u00e9s de 2 casos pr\u00e1cticos, algunas de las aplicaciones que pueden tener estos productos. <\/p>\n\n\n\n<p>Se trata de t\u00e9cnicas que se usan con el fin de desarrollar notas frutales y minerales m\u00e1s espec\u00edficas o de mayor intensidad, gestionar riesgos microbiol\u00f3gicos, preparar y optimizar las reacciones del vino con la madera de la barrica y aumentar la longevidad. Los casos a presentar son:<\/p>\n\n\n\n<ol class=\"wp-block-list\"><li>Un vino blanco fermentado con duelas que puede ser sometido a una posterior crianza en barrica. <\/li><li>Un vino tinto importante que fermenta con fragmentos y duelas antes de la crianza cl\u00e1sica en barrica. <\/li><\/ol>\n\n\n\n<div style=\"height:20px\" aria-hidden=\"true\" class=\"wp-block-spacer\"><\/div>\n\n\n\n<p class=\"has-background has-very-light-gray-background-color\"><strong>Fecha: Jueves 29\/4 de 12 a 14 hs (Argentina)<br>Inscripci\u00f3n:  <a href=\"https:\/\/register.gotowebinar.com\/register\/1328758017297296911?source=IW\">\u00abEnolog\u00eda pr\u00e1ctica: 2 casos de estudio para un uso correcto de la madera\u00bb<\/a><\/strong><\/p>\n\n\n\n<div style=\"height:20px\" aria-hidden=\"true\" class=\"wp-block-spacer\"><\/div>\n\n\n\n<div class=\"wp-block-image\"><figure class=\"alignleft is-resized\"><img loading=\"lazy\" decoding=\"async\" src=\"https:\/\/media-exp1.licdn.com\/dms\/image\/C4D03AQFzLwEusnZNuw\/profile-displayphoto-shrink_200_200\/0\/1517436776351?e=1624492800&amp;v=beta&amp;t=LACm3zS2Zl4JmcwlvdOhv_xCYAwqDt9xsoTqRfKbftE\" alt=\"Dominique DELTEIL\" width=\"227\" height=\"227\"\/><figcaption><strong>Dominique Delteil<\/strong><\/figcaption><\/figure><\/div>\n\n\n\n<p>Dominique Delteil se gradu\u00f3 de ingeniero agr\u00f3nomo y enolog\u00eda en la Ecole Nationale Superieure d\u2019Agronomie de Montpellier. Es un consultor vitivin\u00edcola internacional, trabaj\u00f3 como experto en la Organizaci\u00f3n Internacional de la Vid y el Vino (OIV), fue director cient\u00edfico y de Investigaci\u00f3n y Desarrollo del ICV (Institut Coop\u00e9ratif du Vin) de Montpellier, Francia.<\/p>\n\n\n\n<p>Durante 20 a\u00f1os de investigaci\u00f3n y desarrollo vitivin\u00edcola, dirigi\u00f3 m\u00e1s de 3.000 vinificaciones piloto en la bodega experimental del ICV, gu\u00edando las pruebas con los en\u00f3logos del grupo de Biotecnolog\u00eda y del grupo Cient\u00edfico del instituto. <\/p>\n\n\n\n<p>Desde 1983, Dominique Delteil ha escrito m\u00e1s de 50 art\u00edculos cient\u00edficos y t\u00e9cnicos publicados en diversas revistas internacionales sobre tem\u00e1ticas de microbiolog\u00eda, vinificaciones, crianza, an\u00e1lisis sensorial, evaluaci\u00f3n de la madurez de la uva y evaluaci\u00f3n del potencial enol\u00f3gico de las variedades vin\u00edferas.<\/p>\n\n\n\n<div style=\"height:33px\" aria-hidden=\"true\" class=\"wp-block-spacer\"><\/div>\n","protected":false},"excerpt":{"rendered":"<p>El 29\/4, de 12 a 14 hs, Infowine, la publicaci\u00f3n digital \u00edtalo-espa\u00f1ola especializada en enolog\u00eda,&hellip;<\/p>\n","protected":false},"author":3,"featured_media":34483,"comment_status":"open","ping_status":"open","sticky":false,"template":"","format":"standard","meta":{"footnotes":""},"categories":[6],"tags":[],"class_list":["post-34449","post","type-post","status-publish","format-standard","has-post-thumbnail","hentry","category-bodega"],"_links":{"self":[{"href":"https:\/\/enolife.com.ar\/es\/wp-json\/wp\/v2\/posts\/34449","targetHints":{"allow":["GET"]}}],"collection":[{"href":"https:\/\/enolife.com.ar\/es\/wp-json\/wp\/v2\/posts"}],"about":[{"href":"https:\/\/enolife.com.ar\/es\/wp-json\/wp\/v2\/types\/post"}],"author":[{"embeddable":true,"href":"https:\/\/enolife.com.ar\/es\/wp-json\/wp\/v2\/users\/3"}],"replies":[{"embeddable":true,"href":"https:\/\/enolife.com.ar\/es\/wp-json\/wp\/v2\/comments?post=34449"}],"version-history":[{"count":0,"href":"https:\/\/enolife.com.ar\/es\/wp-json\/wp\/v2\/posts\/34449\/revisions"}],"wp:featuredmedia":[{"embeddable":true,"href":"https:\/\/enolife.com.ar\/es\/wp-json\/wp\/v2\/media\/34483"}],"wp:attachment":[{"href":"https:\/\/enolife.com.ar\/es\/wp-json\/wp\/v2\/media?parent=34449"}],"wp:term":[{"taxonomy":"category","embeddable":true,"href":"https:\/\/enolife.com.ar\/es\/wp-json\/wp\/v2\/categories?post=34449"},{"taxonomy":"post_tag","embeddable":true,"href":"https:\/\/enolife.com.ar\/es\/wp-json\/wp\/v2\/tags?post=34449"}],"curies":[{"name":"wp","href":"https:\/\/api.w.org\/{rel}","templated":true}]}}